{"id":1504,"date":"2024-04-06T16:53:50","date_gmt":"2024-04-06T13:53:50","guid":{"rendered":"https:\/\/haberv8.thewpdemo.com\/lutfu-savas-hatay-halkinin-iradesini-kimseye-teslim-etmeyecegiz\/-1504.html"},"modified":"2024-04-06T16:53:50","modified_gmt":"2024-04-06T13:53:50","slug":"lutfu-savas-hatay-halkinin-iradesini-kimseye-teslim-etmeyecegiz","status":"publish","type":"post","link":"https:\/\/avukatimtv.com\/index.php\/2024\/04\/06\/lutfu-savas-hatay-halkinin-iradesini-kimseye-teslim-etmeyecegiz\/","title":{"rendered":"L\u00fctf\u00fc Sava\u015f: Hatay halk\u0131n\u0131n iradesini kimseye teslim etmeyece\u011fiz"},"content":{"rendered":"<p><\/p>\n<p>Partililerle \u0130l Se\u00e7im Kuruluna gittikten sonra \u00e7\u0131k\u0131\u015fta gazetecilere a\u00e7\u0131klamada bulunan Sava\u015f, &#8220;sand\u0131kta kazand\u0131klar\u0131n\u0131, adliyede veya adliyeye gelmeden \u00f6nceki pozisyonda kaybetmek istemediklerini&#8221; belirtti.\u00a0<\/p>\n<p>Oy pusulalar\u0131n\u0131n ta\u015f\u0131nmas\u0131 s\u00fcreciyle ilgili iddialarda bulunan Sava\u015f, &#8220;Hatay halk\u0131n\u0131n iradesini kimseye teslim etmeyece\u011fiz.&#8221; dedi.\u00a0<\/p>\n<p>Gazetecilerin &#8220;Sand\u0131klarda kullan\u0131lan oylar, YSK&#8217;ye gelirken de\u011fi\u015fime mi u\u011frad\u0131?&#8221; \u015feklindeki sorusuna Sava\u015f, &#8220;Bununla ilgili elimizde \u00e7ok ihbar var.&#8221; diye yan\u0131t verdi.\u00a0<\/p>\n<p>Sava\u015f, 9 bin oy farkla \u00f6nde olduklar\u0131n\u0131 savunarak, &#8220;\u015eu anda T\u00fcrkiye&#8217;de CHP&#8217;nin bu konuda yetkin avukatlar\u0131 yola \u00e7\u0131km\u0131\u015f durumdalar. \u0130tiraz\u0131m\u0131z\u0131 yapaca\u011f\u0131z. Bu konuda hakk\u0131m\u0131z\u0131 tabii ki alaca\u011f\u0131z. Bu, sadece bizim hakk\u0131m\u0131z de\u011fil. Hatay halk\u0131n\u0131n da hakk\u0131.&#8221; ifadelerini kulland\u0131.\u00a0<\/p>\n<p>Ge\u00e7ersiz say\u0131lan oylar\u0131 normal bulmad\u0131\u011f\u0131n\u0131 ifade eden Sava\u015f, \u015f\u00f6yle konu\u015ftu:\u00a0<\/p>\n<p>&#8220;Tabii mesela \u015fimdi Alt\u0131n\u00f6z\u00fc&#8217;nde sand\u0131klar\u0131n y\u00fczde 45&#8217;inin ne oldu\u011fu belirsiz, tutanak ortada yok, sand\u0131k ortada yok ve bekletildi\u011fini d\u00fc\u015f\u00fcn\u00fcyoruz yani bu saate kadar bir sand\u0131k say\u0131lmaz m\u0131? \u0130stanbul bitti, Hatay bitmedi. Hatay&#8217;da iktidar\u0131n bekledi\u011fi \u00e7ok \u015feyler var. Hatay&#8217;daki iktidar\u0131n bekledi\u011fi \u00e7ok \u015feyleri biliyoruz ama Hatay&#8217;\u0131n da hakk\u0131 bizim i\u00e7in \u00e7ok \u00f6nemli, kutsal. O kutsal hakk\u0131 kimseye yedirmeyece\u011fiz.&#8221;<\/p>\n","protected":false},"excerpt":{"rendered":"<p>Partililerle \u0130l Se\u00e7im Kuruluna gittikten sonra \u00e7\u0131k\u0131\u015fta gazetecilere a\u00e7\u0131klamada bulunan Sava\u015f, &#8220;sand\u0131kta kazand\u0131klar\u0131n\u0131, adliyede veya adliyeye gelmeden \u00f6nceki pozisyonda kaybetmek istemediklerini&#8221; belirtti.\u00a0 Oy pusulalar\u0131n\u0131n ta\u015f\u0131nmas\u0131 s\u00fcreciyle ilgili iddialarda bulunan Sava\u015f, &#8220;Hatay halk\u0131n\u0131n iradesini kimseye teslim etmeyece\u011fiz.&#8221; dedi.\u00a0 Gazetecilerin &#8220;Sand\u0131klarda kullan\u0131lan oylar, YSK&#8217;ye gelirken de\u011fi\u015fime mi u\u011frad\u0131?&#8221; \u015feklindeki sorusuna Sava\u015f, &#8220;Bununla ilgili elimizde \u00e7ok ihbar var.&#8221; [&hellip;]<\/p>\n","protected":false},"author":1,"featured_media":1506,"comment_status":"open","ping_status":"closed","sticky":false,"template":"","format":"standard","meta":{"footnotes":""},"categories":[7],"tags":[25],"class_list":["post-1504","post","type-post","status-publish","format-standard","has-post-thumbnail","hentry","category-gundem","tag-gundem"],"_links":{"self":[{"href":"https:\/\/avukatimtv.com\/index.php\/wp-json\/wp\/v2\/posts\/1504","targetHints":{"allow":["GET"]}}],"collection":[{"href":"https:\/\/avukatimtv.com\/index.php\/wp-json\/wp\/v2\/posts"}],"about":[{"href":"https:\/\/avukatimtv.com\/index.php\/wp-json\/wp\/v2\/types\/post"}],"author":[{"embeddable":true,"href":"https:\/\/avukatimtv.com\/index.php\/wp-json\/wp\/v2\/users\/1"}],"replies":[{"embeddable":true,"href":"https:\/\/avukatimtv.com\/index.php\/wp-json\/wp\/v2\/comments?post=1504"}],"version-history":[{"count":0,"href":"https:\/\/avukatimtv.com\/index.php\/wp-json\/wp\/v2\/posts\/1504\/revisions"}],"wp:featuredmedia":[{"embeddable":true,"href":"https:\/\/avukatimtv.com\/index.php\/wp-json\/wp\/v2\/media\/1506"}],"wp:attachment":[{"href":"https:\/\/avukatimtv.com\/index.php\/wp-json\/wp\/v2\/media?parent=1504"}],"wp:term":[{"taxonomy":"category","embeddable":true,"href":"https:\/\/avukatimtv.com\/index.php\/wp-json\/wp\/v2\/categories?post=1504"},{"taxonomy":"post_tag","embeddable":true,"href":"https:\/\/avukatimtv.com\/index.php\/wp-json\/wp\/v2\/tags?post=1504"}],"curies":[{"name":"wp","href":"https:\/\/api.w.org\/{rel}","templated":true}]}}