{"id":1507,"date":"2024-04-06T16:53:54","date_gmt":"2024-04-06T13:53:54","guid":{"rendered":"https:\/\/haberv8.thewpdemo.com\/istanbulda-yikim-sirasinda-korku-dolu-anlar-bina-coktu\/-1507.html"},"modified":"2024-04-06T16:53:54","modified_gmt":"2024-04-06T13:53:54","slug":"istanbulda-yikim-sirasinda-korku-dolu-anlar-bina-coktu","status":"publish","type":"post","link":"https:\/\/avukatimtv.com\/index.php\/2024\/04\/06\/istanbulda-yikim-sirasinda-korku-dolu-anlar-bina-coktu\/","title":{"rendered":"\u0130stanbul&#8217;da y\u0131k\u0131m s\u0131ras\u0131nda korku dolu anlar&#8230; Bina \u00e7\u00f6kt\u00fc"},"content":{"rendered":"<p><\/p>\n<p>Esenler&#8217;de ger\u00e7ekle\u015fen olay, saat 14.00 s\u0131ralar\u0131nda Tuna Mahallesi, Osmangazi Caddesi \u00fczerinde meydana geldi. Kentsel d\u00f6n\u00fc\u015f\u00fcm projesi kapsam\u0131nda 4 katl\u0131 binan\u0131n y\u0131k\u0131m\u0131 ger\u00e7ekle\u015ftiriliyordu.<\/p>\n<p>Y\u0131k\u0131m ekipleri \u00e7al\u0131\u015fmalar\u0131n\u0131 devam etti\u011fi \u00a0bina yandaki tek katl\u0131 h\u0131rdavat d\u00fckkan\u0131n\u0131n \u00fczerine do\u011fru devrildi. \u0130hbar \u00fczerine olay yerine polis, zab\u0131ta ve sa\u011fl\u0131k ekipleri sevk edildi. Polis ve zab\u0131ta ekipleri \u00e7evrede g\u00fcvenlik \u00f6nlemi ald\u0131. \u00a0Cep telefonu kameras\u0131na yans\u0131yan g\u00f6r\u00fcnt\u00fclerde i\u015f yerinde bulunan vatanda\u015flar\u0131n panikle ka\u00e7t\u0131\u011f\u0131 g\u00f6r\u00fcld\u00fc.<\/p>\n<p>\u0130\u015f yeri sahibi Muhammed Akman, \u201cY\u0131k\u0131m esnas\u0131nda hemen binan\u0131n biti\u015fi\u011finde bulunan i\u015fletmemizde arkada\u015flar\u0131m\u0131z \u00e7al\u0131\u015f\u0131yordu. Binan\u0131n kollar\u0131n\u0131 kesip b\u00fct\u00fcn binay\u0131 bizim i\u015f yerimizin \u00fczerine y\u0131kt\u0131lar. \u00c7ok \u015f\u00fck\u00fcr kimsenin can\u0131na bir \u015fey gelmedi. Yan\u0131ndaki i\u015fletmenizde \u00a07-8 ki\u015fi \u00e7al\u0131\u015f\u0131yor ve yoldan ge\u00e7en insanlar var.&#8221; dedi.\u00a0<\/p>\n","protected":false},"excerpt":{"rendered":"<p>Esenler&#8217;de ger\u00e7ekle\u015fen olay, saat 14.00 s\u0131ralar\u0131nda Tuna Mahallesi, Osmangazi Caddesi \u00fczerinde meydana geldi. Kentsel d\u00f6n\u00fc\u015f\u00fcm projesi kapsam\u0131nda 4 katl\u0131 binan\u0131n y\u0131k\u0131m\u0131 ger\u00e7ekle\u015ftiriliyordu. Y\u0131k\u0131m ekipleri \u00e7al\u0131\u015fmalar\u0131n\u0131 devam etti\u011fi \u00a0bina yandaki tek katl\u0131 h\u0131rdavat d\u00fckkan\u0131n\u0131n \u00fczerine do\u011fru devrildi. \u0130hbar \u00fczerine olay yerine polis, zab\u0131ta ve sa\u011fl\u0131k ekipleri sevk edildi. Polis ve zab\u0131ta ekipleri \u00e7evrede g\u00fcvenlik \u00f6nlemi ald\u0131. [&hellip;]<\/p>\n","protected":false},"author":1,"featured_media":1509,"comment_status":"open","ping_status":"closed","sticky":false,"template":"","format":"standard","meta":{"footnotes":""},"categories":[7],"tags":[25],"class_list":["post-1507","post","type-post","status-publish","format-standard","has-post-thumbnail","hentry","category-gundem","tag-gundem"],"_links":{"self":[{"href":"https:\/\/avukatimtv.com\/index.php\/wp-json\/wp\/v2\/posts\/1507","targetHints":{"allow":["GET"]}}],"collection":[{"href":"https:\/\/avukatimtv.com\/index.php\/wp-json\/wp\/v2\/posts"}],"about":[{"href":"https:\/\/avukatimtv.com\/index.php\/wp-json\/wp\/v2\/types\/post"}],"author":[{"embeddable":true,"href":"https:\/\/avukatimtv.com\/index.php\/wp-json\/wp\/v2\/users\/1"}],"replies":[{"embeddable":true,"href":"https:\/\/avukatimtv.com\/index.php\/wp-json\/wp\/v2\/comments?post=1507"}],"version-history":[{"count":0,"href":"https:\/\/avukatimtv.com\/index.php\/wp-json\/wp\/v2\/posts\/1507\/revisions"}],"wp:featuredmedia":[{"embeddable":true,"href":"https:\/\/avukatimtv.com\/index.php\/wp-json\/wp\/v2\/media\/1509"}],"wp:attachment":[{"href":"https:\/\/avukatimtv.com\/index.php\/wp-json\/wp\/v2\/media?parent=1507"}],"wp:term":[{"taxonomy":"category","embeddable":true,"href":"https:\/\/avukatimtv.com\/index.php\/wp-json\/wp\/v2\/categories?post=1507"},{"taxonomy":"post_tag","embeddable":true,"href":"https:\/\/avukatimtv.com\/index.php\/wp-json\/wp\/v2\/tags?post=1507"}],"curies":[{"name":"wp","href":"https:\/\/api.w.org\/{rel}","templated":true}]}}