{"id":1510,"date":"2024-04-06T16:54:00","date_gmt":"2024-04-06T13:54:00","guid":{"rendered":"https:\/\/haberv8.thewpdemo.com\/zincirleme-kaza-olu-ve-yaralilar-var\/-1510.html"},"modified":"2024-04-06T16:54:00","modified_gmt":"2024-04-06T13:54:00","slug":"zincirleme-kaza-olu-ve-yaralilar-var","status":"publish","type":"post","link":"https:\/\/avukatimtv.com\/index.php\/2024\/04\/06\/zincirleme-kaza-olu-ve-yaralilar-var\/","title":{"rendered":"Zincirleme kaza: \u00d6l\u00fc ve yaral\u0131lar var"},"content":{"rendered":"<p><\/p>\n<p>\u015eehitkamil il\u00e7esi \u00c7amtepe Mahallesi \u00e7evre yolunda, Burak Aslan y\u00f6netimindeki 27 AIC 929 plakal\u0131 hafif ticari ara\u00e7, ayn\u0131 g\u00fczergahta seyreden ve s\u00fcr\u00fcc\u00fcs\u00fcn\u00fcn ismi \u00f6\u011frenilemeyen 46 AH 598 plakal\u0131 kamyona arkadan \u00e7arpt\u0131.<\/p>\n<p>Kazan\u0131n etkisiyle 27 ARI 290 plakal\u0131 otomobil de kamyona yandan \u00e7arpt\u0131.<\/p>\n<p>\u00c7evredekilerin ihbar\u0131 \u00fczerine olay yerine 112 Acil Sa\u011fl\u0131k ve polis ekipleri sevk edildi.<\/p>\n<p><strong>2 K\u0130\u015e\u0130 HAYATINI KAYBETT\u0130<\/strong><\/p>\n<p>Kazada hafif ticari ara\u00e7ta bulunan Cesur Ekinci (44) ile Mehmet G\u00fcler (57) olay yerinde hayat\u0131n\u0131 kaybetti. Ayn\u0131 ara\u00e7ta bulunan Burak Aslan ve ismi \u00f6\u011frenilemeyen bir ki\u015fi daha yaraland\u0131.<\/p>\n<p>Yaral\u0131lar ambulansla hastaneye kald\u0131r\u0131ld\u0131.<\/p>\n<p>Cenazeler otopsi i\u00e7in Adli T\u0131p Kurumu morguna g\u00f6t\u00fcr\u00fcld\u00fc.<\/p>\n<p>\u00d6te yandan kaza nedeniyle trafi\u011fin tek \u015feritten sa\u011fland\u0131\u011f\u0131 \u00e7evre yolu, yakla\u015f\u0131k 2 saatlik \u00e7al\u0131\u015fman\u0131n ard\u0131ndan trafi\u011fe a\u00e7\u0131ld\u0131.<\/p>\n","protected":false},"excerpt":{"rendered":"<p>\u015eehitkamil il\u00e7esi \u00c7amtepe Mahallesi \u00e7evre yolunda, Burak Aslan y\u00f6netimindeki 27 AIC 929 plakal\u0131 hafif ticari ara\u00e7, ayn\u0131 g\u00fczergahta seyreden ve s\u00fcr\u00fcc\u00fcs\u00fcn\u00fcn ismi \u00f6\u011frenilemeyen 46 AH 598 plakal\u0131 kamyona arkadan \u00e7arpt\u0131. Kazan\u0131n etkisiyle 27 ARI 290 plakal\u0131 otomobil de kamyona yandan \u00e7arpt\u0131. \u00c7evredekilerin ihbar\u0131 \u00fczerine olay yerine 112 Acil Sa\u011fl\u0131k ve polis ekipleri sevk edildi. 2 [&hellip;]<\/p>\n","protected":false},"author":1,"featured_media":1512,"comment_status":"open","ping_status":"closed","sticky":false,"template":"","format":"standard","meta":{"footnotes":""},"categories":[7],"tags":[25],"class_list":["post-1510","post","type-post","status-publish","format-standard","has-post-thumbnail","hentry","category-gundem","tag-gundem"],"_links":{"self":[{"href":"https:\/\/avukatimtv.com\/index.php\/wp-json\/wp\/v2\/posts\/1510","targetHints":{"allow":["GET"]}}],"collection":[{"href":"https:\/\/avukatimtv.com\/index.php\/wp-json\/wp\/v2\/posts"}],"about":[{"href":"https:\/\/avukatimtv.com\/index.php\/wp-json\/wp\/v2\/types\/post"}],"author":[{"embeddable":true,"href":"https:\/\/avukatimtv.com\/index.php\/wp-json\/wp\/v2\/users\/1"}],"replies":[{"embeddable":true,"href":"https:\/\/avukatimtv.com\/index.php\/wp-json\/wp\/v2\/comments?post=1510"}],"version-history":[{"count":0,"href":"https:\/\/avukatimtv.com\/index.php\/wp-json\/wp\/v2\/posts\/1510\/revisions"}],"wp:featuredmedia":[{"embeddable":true,"href":"https:\/\/avukatimtv.com\/index.php\/wp-json\/wp\/v2\/media\/1512"}],"wp:attachment":[{"href":"https:\/\/avukatimtv.com\/index.php\/wp-json\/wp\/v2\/media?parent=1510"}],"wp:term":[{"taxonomy":"category","embeddable":true,"href":"https:\/\/avukatimtv.com\/index.php\/wp-json\/wp\/v2\/categories?post=1510"},{"taxonomy":"post_tag","embeddable":true,"href":"https:\/\/avukatimtv.com\/index.php\/wp-json\/wp\/v2\/tags?post=1510"}],"curies":[{"name":"wp","href":"https:\/\/api.w.org\/{rel}","templated":true}]}}