{"id":1513,"date":"2024-04-06T16:54:04","date_gmt":"2024-04-06T13:54:04","guid":{"rendered":"https:\/\/haberv8.thewpdemo.com\/fatih-erbakandan-siverek-aciklamasi\/-1513.html"},"modified":"2024-04-06T16:54:04","modified_gmt":"2024-04-06T13:54:04","slug":"fatih-erbakandan-siverek-aciklamasi","status":"publish","type":"post","link":"https:\/\/avukatimtv.com\/index.php\/2024\/04\/06\/fatih-erbakandan-siverek-aciklamasi\/","title":{"rendered":"Fatih Erbakan&#8217;dan Siverek a\u00e7\u0131klamas\u0131"},"content":{"rendered":"<p><\/p>\n<p>Yeniden Refah Partisi (YRP) Genel Ba\u015fkan\u0131 Fatih Erbakan, &#8216;\u015eanl\u0131urfa&#8217;n\u0131n Siverek il\u00e7esinde usuls\u00fcz oy kullan\u0131m\u0131&#8217; iddialar\u0131na ili\u015fkin yaz\u0131l\u0131 a\u00e7\u0131klama yapt\u0131. Erbakan, &#8216;\u015eanl\u0131urfa&#8217;n\u0131n Siverek il\u00e7esinde usuls\u00fcz oy kullan\u0131m\u0131&#8217; iddialar\u0131na dair somut kan\u0131tlar\u0131n d\u00fcn itibari ile ellerine ula\u015ft\u0131\u011f\u0131n\u0131 belirterek \u015funlar\u0131 belirtti:<\/p>\n<p>* &#8220;\u0130ddialar\u0131n ard\u0131ndan hukuk ekibimiz, konuyu yak\u0131ndan takip etmeye ba\u015flam\u0131\u015ft\u0131r. Bilinmesini isteriz ki; T\u00fcrkiye bir hukuk devletidir. Hukuku \u00e7i\u011fneyip milletin iradesini yok sayarak netice almaya \u00e7al\u0131\u015fmak millet iradesine vurulacak bir darbe niteli\u011findedir. Yeniden Refah Partisi olarak, kamu g\u00f6revlilerinin \u00fczerinde olu\u015fturulan iktidar bask\u0131s\u0131n\u0131 kayg\u0131yla izliyoruz.\u00a0<\/p>\n<p>* Somut kan\u0131tlar kamuoyunun malumu olup Y\u00fcksek Se\u00e7im Kurulu&#8217;nu ve Cumhuriyet Savc\u0131lar\u0131m\u0131z\u0131 buradan bir kez daha g\u00f6revlerini tarafs\u0131zl\u0131k ilkesine g\u00f6re yerine getirmeye \u00e7a\u011f\u0131r\u0131yoruz. Milletimizin bize emanet etti\u011fi her bir oyun sonuna kadar takip\u00e7isi olaca\u011f\u0131m\u0131z\u0131 tekraren beyan ediyoruz. Adaletin tecellisi ve ba\u011f\u0131ms\u0131z yarg\u0131n\u0131n g\u00f6revini sa\u011fl\u0131kl\u0131 bir \u015fekilde yerine getirebilmesi ad\u0131na ba\u015fta iktidar mensuplar\u0131 olmak \u00fczere t\u00fcm ilgili b\u00fcrokrat ve memurlar\u0131 sorumluluk bilinci \u00e7er\u00e7evesinde hareket etmeye davet ediyoruz.&#8221;<\/p>\n","protected":false},"excerpt":{"rendered":"<p>Yeniden Refah Partisi (YRP) Genel Ba\u015fkan\u0131 Fatih Erbakan, &#8216;\u015eanl\u0131urfa&#8217;n\u0131n Siverek il\u00e7esinde usuls\u00fcz oy kullan\u0131m\u0131&#8217; iddialar\u0131na ili\u015fkin yaz\u0131l\u0131 a\u00e7\u0131klama yapt\u0131. Erbakan, &#8216;\u015eanl\u0131urfa&#8217;n\u0131n Siverek il\u00e7esinde usuls\u00fcz oy kullan\u0131m\u0131&#8217; iddialar\u0131na dair somut kan\u0131tlar\u0131n d\u00fcn itibari ile ellerine ula\u015ft\u0131\u011f\u0131n\u0131 belirterek \u015funlar\u0131 belirtti: * &#8220;\u0130ddialar\u0131n ard\u0131ndan hukuk ekibimiz, konuyu yak\u0131ndan takip etmeye ba\u015flam\u0131\u015ft\u0131r. Bilinmesini isteriz ki; T\u00fcrkiye bir hukuk devletidir. [&hellip;]<\/p>\n","protected":false},"author":1,"featured_media":1515,"comment_status":"open","ping_status":"closed","sticky":false,"template":"","format":"standard","meta":{"footnotes":""},"categories":[7],"tags":[25],"class_list":["post-1513","post","type-post","status-publish","format-standard","has-post-thumbnail","hentry","category-gundem","tag-gundem"],"_links":{"self":[{"href":"https:\/\/avukatimtv.com\/index.php\/wp-json\/wp\/v2\/posts\/1513","targetHints":{"allow":["GET"]}}],"collection":[{"href":"https:\/\/avukatimtv.com\/index.php\/wp-json\/wp\/v2\/posts"}],"about":[{"href":"https:\/\/avukatimtv.com\/index.php\/wp-json\/wp\/v2\/types\/post"}],"author":[{"embeddable":true,"href":"https:\/\/avukatimtv.com\/index.php\/wp-json\/wp\/v2\/users\/1"}],"replies":[{"embeddable":true,"href":"https:\/\/avukatimtv.com\/index.php\/wp-json\/wp\/v2\/comments?post=1513"}],"version-history":[{"count":0,"href":"https:\/\/avukatimtv.com\/index.php\/wp-json\/wp\/v2\/posts\/1513\/revisions"}],"wp:featuredmedia":[{"embeddable":true,"href":"https:\/\/avukatimtv.com\/index.php\/wp-json\/wp\/v2\/media\/1515"}],"wp:attachment":[{"href":"https:\/\/avukatimtv.com\/index.php\/wp-json\/wp\/v2\/media?parent=1513"}],"wp:term":[{"taxonomy":"category","embeddable":true,"href":"https:\/\/avukatimtv.com\/index.php\/wp-json\/wp\/v2\/categories?post=1513"},{"taxonomy":"post_tag","embeddable":true,"href":"https:\/\/avukatimtv.com\/index.php\/wp-json\/wp\/v2\/tags?post=1513"}],"curies":[{"name":"wp","href":"https:\/\/api.w.org\/{rel}","templated":true}]}}