{"id":1516,"date":"2024-04-06T16:54:08","date_gmt":"2024-04-06T13:54:08","guid":{"rendered":"https:\/\/haberv8.thewpdemo.com\/siirtin-pervari-ilcesinde-sokaga-cikma-yasagi-ilan-edildi\/-1516.html"},"modified":"2024-04-06T16:54:08","modified_gmt":"2024-04-06T13:54:08","slug":"siirtin-pervari-ilcesinde-sokaga-cikma-yasagi-ilan-edildi","status":"publish","type":"post","link":"https:\/\/avukatimtv.com\/index.php\/2024\/04\/06\/siirtin-pervari-ilcesinde-sokaga-cikma-yasagi-ilan-edildi\/","title":{"rendered":"Siirt\u2019in Pervari il\u00e7esinde soka\u011fa \u00e7\u0131kma yasa\u011f\u0131 ilan edildi"},"content":{"rendered":"<p><\/p>\n<p>Siirt&#8217;in Pervari il\u00e7esinde iki grup aras\u0131nda belediye ba\u015fkanl\u0131\u011f\u0131 se\u00e7imi nedeniyle \u00e7\u0131kan silahl\u0131 kavgada biri a\u011f\u0131r 4 ki\u015fi yaraland\u0131.<\/p>\n<p>Kesin olmayan sonu\u00e7lara g\u00f6re AK Parti&#8217;den Pervari Belediye Ba\u015fkanl\u0131\u011f\u0131na se\u00e7ilen Teyyar \u00d6zcan&#8217;\u0131n yak\u0131nlar\u0131 ile ikinci s\u0131radaki DEVA Partisi&#8217;nin aday\u0131 \u0130smail Bilen&#8217;in yak\u0131nlar\u0131 aras\u0131nda il\u00e7e merkezinde \u00e7\u0131kan tart\u0131\u015fma, silahl\u0131 kavgaya d\u00f6n\u00fc\u015ft\u00fc.<\/p>\n<p>Kavgada ilk belirlemelere g\u00f6re biri a\u011f\u0131r 4 ki\u015fi yaraland\u0131.<\/p>\n<p>\u0130hbar \u00fczerine olay yerine 112 Acil Sa\u011fl\u0131k, polis ve jandarma ekipleri sevk edildi.<\/p>\n<p>Yaral\u0131lar, Siirt ve \u015e\u0131rnak&#8217;taki hastanelere kald\u0131r\u0131ld\u0131.<\/p>\n<p>Kavgada a\u011f\u0131r yaralanan A.B. (41), helikopterle Siirt&#8217;e getirildi. Siirt E\u011fitim ve Ara\u015ft\u0131rma Hastanesi&#8217;ne kald\u0131r\u0131lan A.B&#8217;nin sa\u011fl\u0131k durumu ciddiyetini koruyor.<\/p>\n<p>Polis ve jandarma ekiplerince il\u00e7ede ve hastanelerde al\u0131nan g\u00fcvenlik \u00f6nlemleri s\u00fcr\u00fcyor.<\/p>\n<p>Siirt Valili\u011fi\u2019nden yap\u0131lan a\u00e7\u0131klamada, Pervari il\u00e7esi ve ba\u011fl\u0131 t\u00fcm k\u00f6ylerde 3 Nisan \u00c7ar\u015famba g\u00fcn\u00fc saat 01.00\u2019den itibaren ikinci bir emre kadar soka\u011fa \u00e7\u0131kma yasa\u011f\u0131n\u0131n ilan edildi\u011fi duyuruldu.<\/p>\n<p>A\u00e7\u0131klamada, \u201c\u0130limize ba\u011fl\u0131 Pervari il\u00e7e merkezi ve ba\u011fl\u0131 t\u00fcm k\u00f6ylerde, 5442 Say\u0131l\u0131 \u0130l \u0130daresi Kanunun ilgili maddeleri gere\u011fince; 3 Nisan 2024 tarih ve saat: 01.00\u2019den ge\u00e7erli olmak \u00fczere ikinci bir duyuruya kadar soka\u011fa \u00e7\u0131kma yasa\u011f\u0131 ilan edilmi\u015ftir. S\u00f6z konusu yasa\u011fa vatanda\u015flar\u0131m\u0131z\u0131n uymas\u0131 kendi can ve mal g\u00fcvenlikleri a\u00e7\u0131s\u0131ndan \u00f6nem arz etmektedir\u201d denildi.<\/p>\n","protected":false},"excerpt":{"rendered":"<p>Siirt&#8217;in Pervari il\u00e7esinde iki grup aras\u0131nda belediye ba\u015fkanl\u0131\u011f\u0131 se\u00e7imi nedeniyle \u00e7\u0131kan silahl\u0131 kavgada biri a\u011f\u0131r 4 ki\u015fi yaraland\u0131. Kesin olmayan sonu\u00e7lara g\u00f6re AK Parti&#8217;den Pervari Belediye Ba\u015fkanl\u0131\u011f\u0131na se\u00e7ilen Teyyar \u00d6zcan&#8217;\u0131n yak\u0131nlar\u0131 ile ikinci s\u0131radaki DEVA Partisi&#8217;nin aday\u0131 \u0130smail Bilen&#8217;in yak\u0131nlar\u0131 aras\u0131nda il\u00e7e merkezinde \u00e7\u0131kan tart\u0131\u015fma, silahl\u0131 kavgaya d\u00f6n\u00fc\u015ft\u00fc. Kavgada ilk belirlemelere g\u00f6re biri a\u011f\u0131r 4 [&hellip;]<\/p>\n","protected":false},"author":1,"featured_media":1518,"comment_status":"open","ping_status":"closed","sticky":false,"template":"","format":"standard","meta":{"footnotes":""},"categories":[7],"tags":[25],"class_list":["post-1516","post","type-post","status-publish","format-standard","has-post-thumbnail","hentry","category-gundem","tag-gundem"],"_links":{"self":[{"href":"https:\/\/avukatimtv.com\/index.php\/wp-json\/wp\/v2\/posts\/1516","targetHints":{"allow":["GET"]}}],"collection":[{"href":"https:\/\/avukatimtv.com\/index.php\/wp-json\/wp\/v2\/posts"}],"about":[{"href":"https:\/\/avukatimtv.com\/index.php\/wp-json\/wp\/v2\/types\/post"}],"author":[{"embeddable":true,"href":"https:\/\/avukatimtv.com\/index.php\/wp-json\/wp\/v2\/users\/1"}],"replies":[{"embeddable":true,"href":"https:\/\/avukatimtv.com\/index.php\/wp-json\/wp\/v2\/comments?post=1516"}],"version-history":[{"count":0,"href":"https:\/\/avukatimtv.com\/index.php\/wp-json\/wp\/v2\/posts\/1516\/revisions"}],"wp:featuredmedia":[{"embeddable":true,"href":"https:\/\/avukatimtv.com\/index.php\/wp-json\/wp\/v2\/media\/1518"}],"wp:attachment":[{"href":"https:\/\/avukatimtv.com\/index.php\/wp-json\/wp\/v2\/media?parent=1516"}],"wp:term":[{"taxonomy":"category","embeddable":true,"href":"https:\/\/avukatimtv.com\/index.php\/wp-json\/wp\/v2\/categories?post=1516"},{"taxonomy":"post_tag","embeddable":true,"href":"https:\/\/avukatimtv.com\/index.php\/wp-json\/wp\/v2\/tags?post=1516"}],"curies":[{"name":"wp","href":"https:\/\/api.w.org\/{rel}","templated":true}]}}