{"id":1528,"date":"2024-04-06T16:54:43","date_gmt":"2024-04-06T13:54:43","guid":{"rendered":"https:\/\/haberv8.thewpdemo.com\/diyarbakirda-silahli-tasli-secim-kavgasi-1-olu-12-yarali\/-1528.html"},"modified":"2024-04-06T16:54:43","modified_gmt":"2024-04-06T13:54:43","slug":"diyarbakirda-silahli-tasli-secim-kavgasi-1-olu-12-yarali","status":"publish","type":"post","link":"https:\/\/avukatimtv.com\/index.php\/2024\/04\/06\/diyarbakirda-silahli-tasli-secim-kavgasi-1-olu-12-yarali\/","title":{"rendered":"Diyarbak\u0131r&#8217;da silahl\u0131, ta\u015fl\u0131 se\u00e7im kavgas\u0131&#8230; 1 \u00f6l\u00fc 12 yaral\u0131"},"content":{"rendered":"<p>Diyarbak\u0131r&#8217;da ger\u00e7ekle\u015fen olay, sabah saatlerinde Sur il\u00e7esi k\u0131rsal A\u011fa\u00e7l\u0131dere Mahallesi&#8217;nde meydana geldi. Oy verme i\u015flemi s\u0131ras\u0131nda \u00e7\u0131kan tart\u0131\u015fma b\u00fcy\u00fcyerek, silahl\u0131, ta\u015fl\u0131, sopal\u0131 kavgaya d\u00f6n\u00fc\u015ft\u00fc. Emin \u00c7elik (44), v\u00fccuduna isabet eden kur\u015funlarla hayat\u0131n\u0131 kaybetti, 2&#8217;si a\u011f\u0131r 12 ki\u015fi yaraland\u0131. Kavga nedeniyle sa\u011fl\u0131k ekipleri olay yerine giremezken, b\u00f6lgeye takviye jandarma ekipleri sevk edildi.\u00a0<\/p>\n<\/p>\n<p><strong>GAZETEC\u0130LERE SALDIRI<\/strong><\/p>\n<p>Takviye ekiplerin gelmesi ile olay yerine gitmeye \u00e7al\u0131\u015fan sa\u011fl\u0131k ekipleri ile gazeteciler, taraflar\u0131n ta\u015fl\u0131 ve silahl\u0131 sald\u0131r\u0131s\u0131na u\u011frad\u0131. Bu s\u0131rada DHA muhabirleri Burak Emek ve G\u0131yasettin Tetik, ambulansa binerek korunmaya \u00e7al\u0131\u015ft\u0131. Gazetecilerin bulundu\u011fu otomobilin lasti\u011fine de mermi isabet ederken, 2 ambulans hasar g\u00f6rd\u00fc. G\u00f6revliler ve gazeteciler g\u00fcvenli alana ge\u00e7erken, jandarma b\u00f6lgede geni\u015f g\u00fcvenlik \u00f6nlemi ald\u0131.<\/p>\n<p><img decoding=\"async\" src=\"https:\/\/haberv8.thewpdemo.com\/wp-content\/uploads\/2024\/04\/diyarbakirda-silahli-tasli-secim-kavgasi-1-olu-12-yarali-0.jpg\" \/><\/p>\n<p><strong>\u00d6LEN K\u0130\u015e\u0130, SANDIK G\u00d6REVL\u0130S\u0130<\/strong><\/p>\n<p>Oy verme i\u015flemi s\u0131ras\u0131nda \u00e7\u0131kan silahl\u0131, ta\u015fl\u0131, sopal\u0131 kavgada hayat\u0131n\u0131 kaybeden Emin \u00c7elik\u2019in (44) DEM Parti\u2019li sand\u0131k g\u00f6revlisi oldu\u011fu ortaya \u00e7\u0131kt\u0131. K\u00f6y giri\u015f \u00e7\u0131k\u0131\u015flara kapat\u0131l\u0131rken, ilk m\u00fcdahalelerinin ard\u0131ndan hastanelere kald\u0131r\u0131lan yaral\u0131lar\u0131n tedavileri s\u00fcr\u00fcyor.<\/p>\n<p><img decoding=\"async\" src=\"https:\/\/haberv8.thewpdemo.com\/wp-content\/uploads\/2024\/04\/diyarbakirda-silahli-tasli-secim-kavgasi-1-olu-12-yarali-1.jpg\" \/><br \/><strong>Emin \u00c7elik<\/strong><\/p>\n","protected":false},"excerpt":{"rendered":"<p>Diyarbak\u0131r&#8217;da ger\u00e7ekle\u015fen olay, sabah saatlerinde Sur il\u00e7esi k\u0131rsal A\u011fa\u00e7l\u0131dere Mahallesi&#8217;nde meydana geldi. Oy verme i\u015flemi s\u0131ras\u0131nda \u00e7\u0131kan tart\u0131\u015fma b\u00fcy\u00fcyerek, silahl\u0131, ta\u015fl\u0131, sopal\u0131 kavgaya d\u00f6n\u00fc\u015ft\u00fc. Emin \u00c7elik (44), v\u00fccuduna isabet eden kur\u015funlarla hayat\u0131n\u0131 kaybetti, 2&#8217;si a\u011f\u0131r 12 ki\u015fi yaraland\u0131. Kavga nedeniyle sa\u011fl\u0131k ekipleri olay yerine giremezken, b\u00f6lgeye takviye jandarma ekipleri sevk edildi.\u00a0 GAZETEC\u0130LERE SALDIRI Takviye ekiplerin [&hellip;]<\/p>\n","protected":false},"author":1,"featured_media":1530,"comment_status":"open","ping_status":"closed","sticky":false,"template":"","format":"standard","meta":{"footnotes":""},"categories":[7],"tags":[25],"class_list":["post-1528","post","type-post","status-publish","format-standard","has-post-thumbnail","hentry","category-gundem","tag-gundem"],"_links":{"self":[{"href":"https:\/\/avukatimtv.com\/index.php\/wp-json\/wp\/v2\/posts\/1528","targetHints":{"allow":["GET"]}}],"collection":[{"href":"https:\/\/avukatimtv.com\/index.php\/wp-json\/wp\/v2\/posts"}],"about":[{"href":"https:\/\/avukatimtv.com\/index.php\/wp-json\/wp\/v2\/types\/post"}],"author":[{"embeddable":true,"href":"https:\/\/avukatimtv.com\/index.php\/wp-json\/wp\/v2\/users\/1"}],"replies":[{"embeddable":true,"href":"https:\/\/avukatimtv.com\/index.php\/wp-json\/wp\/v2\/comments?post=1528"}],"version-history":[{"count":0,"href":"https:\/\/avukatimtv.com\/index.php\/wp-json\/wp\/v2\/posts\/1528\/revisions"}],"wp:featuredmedia":[{"embeddable":true,"href":"https:\/\/avukatimtv.com\/index.php\/wp-json\/wp\/v2\/media\/1530"}],"wp:attachment":[{"href":"https:\/\/avukatimtv.com\/index.php\/wp-json\/wp\/v2\/media?parent=1528"}],"wp:term":[{"taxonomy":"category","embeddable":true,"href":"https:\/\/avukatimtv.com\/index.php\/wp-json\/wp\/v2\/categories?post=1528"},{"taxonomy":"post_tag","embeddable":true,"href":"https:\/\/avukatimtv.com\/index.php\/wp-json\/wp\/v2\/tags?post=1528"}],"curies":[{"name":"wp","href":"https:\/\/api.w.org\/{rel}","templated":true}]}}