{"id":1543,"date":"2024-04-06T16:56:45","date_gmt":"2024-04-06T13:56:45","guid":{"rendered":"https:\/\/haberv8.thewpdemo.com\/erdemirde-temettu-teklifi-aciklandi\/-1543.html"},"modified":"2024-04-06T16:56:45","modified_gmt":"2024-04-06T13:56:45","slug":"erdemirde-temettu-teklifi-aciklandi","status":"publish","type":"post","link":"https:\/\/avukatimtv.com\/index.php\/2024\/04\/06\/erdemirde-temettu-teklifi-aciklandi\/","title":{"rendered":"Erdemir&#8217;de temett\u00fc teklifi a\u00e7\u0131kland\u0131"},"content":{"rendered":"<p><\/p>\n<p class=\"tr-story-p1\"><span class=\"tr-strong\">Sermayesini bedelsiz y\u00fczde 100 art\u0131rma karar\u0131 alan Erdemir<\/span> hisse ba\u015f\u0131na br\u00fct 0,5 lira temett\u00fc da\u011f\u0131t\u0131lmas\u0131n\u0131 teklif etti.<\/p>\n<p><span class=\"tr-strong\">Erdemir\u00a0<\/span>KAP&#8217;a yapt\u0131\u011f\u0131 a\u00e7\u0131klamaya g\u00f6re, s<span class=\"tr-strong\">ermayesini enflasyon d\u00fczeltme farklar\u0131ndan kar\u015f\u0131layarak 3,5 milyar liradan 7 milyar liraya y\u00fckseltecek.<\/span><\/p>\n<p>A<span class=\"tr-strong\">yr\u0131ca Erdemir y\u00f6netim\u00a0<\/span>kurulu ge\u00e7en y\u0131l k\u00e2r\u0131ndan yap\u0131lacak temett\u00fc \u00f6demesi tek seferde yap\u0131lmas\u0131n\u0131 teklif etti.<\/p>\n<p>Teklif 28 Mart&#8217;ta yap\u0131lacak genel kurul toplant\u0131s\u0131nda ele al\u0131nacak.<\/p>\n<p>E<span class=\"tr-strong\">rdemir&#8217;in i\u015ftiraki \u0130sdemir de hisse ba\u015f\u0131na br\u00fct 0,5 lira temett\u00fc da\u011f\u0131t\u0131m\u0131n\u0131 28 Mart&#8217;taki genel kurul toplant\u0131s\u0131nda karara ba\u011flayacak.<\/span><\/p>\n","protected":false},"excerpt":{"rendered":"<p>Sermayesini bedelsiz y\u00fczde 100 art\u0131rma karar\u0131 alan Erdemir hisse ba\u015f\u0131na br\u00fct 0,5 lira temett\u00fc da\u011f\u0131t\u0131lmas\u0131n\u0131 teklif etti. Erdemir\u00a0KAP&#8217;a yapt\u0131\u011f\u0131 a\u00e7\u0131klamaya g\u00f6re, sermayesini enflasyon d\u00fczeltme farklar\u0131ndan kar\u015f\u0131layarak 3,5 milyar liradan 7 milyar liraya y\u00fckseltecek. Ayr\u0131ca Erdemir y\u00f6netim\u00a0kurulu ge\u00e7en y\u0131l k\u00e2r\u0131ndan yap\u0131lacak temett\u00fc \u00f6demesi tek seferde yap\u0131lmas\u0131n\u0131 teklif etti. Teklif 28 Mart&#8217;ta yap\u0131lacak genel kurul toplant\u0131s\u0131nda ele [&hellip;]<\/p>\n","protected":false},"author":1,"featured_media":1545,"comment_status":"open","ping_status":"closed","sticky":false,"template":"","format":"standard","meta":{"footnotes":""},"categories":[5],"tags":[21],"class_list":["post-1543","post","type-post","status-publish","format-standard","has-post-thumbnail","hentry","category-ekonomi","tag-borsa"],"_links":{"self":[{"href":"https:\/\/avukatimtv.com\/index.php\/wp-json\/wp\/v2\/posts\/1543","targetHints":{"allow":["GET"]}}],"collection":[{"href":"https:\/\/avukatimtv.com\/index.php\/wp-json\/wp\/v2\/posts"}],"about":[{"href":"https:\/\/avukatimtv.com\/index.php\/wp-json\/wp\/v2\/types\/post"}],"author":[{"embeddable":true,"href":"https:\/\/avukatimtv.com\/index.php\/wp-json\/wp\/v2\/users\/1"}],"replies":[{"embeddable":true,"href":"https:\/\/avukatimtv.com\/index.php\/wp-json\/wp\/v2\/comments?post=1543"}],"version-history":[{"count":0,"href":"https:\/\/avukatimtv.com\/index.php\/wp-json\/wp\/v2\/posts\/1543\/revisions"}],"wp:featuredmedia":[{"embeddable":true,"href":"https:\/\/avukatimtv.com\/index.php\/wp-json\/wp\/v2\/media\/1545"}],"wp:attachment":[{"href":"https:\/\/avukatimtv.com\/index.php\/wp-json\/wp\/v2\/media?parent=1543"}],"wp:term":[{"taxonomy":"category","embeddable":true,"href":"https:\/\/avukatimtv.com\/index.php\/wp-json\/wp\/v2\/categories?post=1543"},{"taxonomy":"post_tag","embeddable":true,"href":"https:\/\/avukatimtv.com\/index.php\/wp-json\/wp\/v2\/tags?post=1543"}],"curies":[{"name":"wp","href":"https:\/\/api.w.org\/{rel}","templated":true}]}}