{"id":1552,"date":"2024-04-06T16:57:39","date_gmt":"2024-04-06T13:57:39","guid":{"rendered":"https:\/\/haberv8.thewpdemo.com\/erdogandan-kilicdaroglunun-vizyon-aciklamasina-tepki-bize-milli-zeka-ve-zihniyet-lazim\/-1552.html"},"modified":"2024-04-06T16:57:39","modified_gmt":"2024-04-06T13:57:39","slug":"erdogandan-kilicdaroglunun-vizyon-aciklamasina-tepki-bize-milli-zeka-ve-zihniyet-lazim","status":"publish","type":"post","link":"https:\/\/avukatimtv.com\/index.php\/2024\/04\/06\/erdogandan-kilicdaroglunun-vizyon-aciklamasina-tepki-bize-milli-zeka-ve-zihniyet-lazim\/","title":{"rendered":"Erdo\u011fan\u2019dan K\u0131l\u0131\u00e7daro\u011flu\u2019nun vizyon a\u00e7\u0131klamas\u0131na tepki: Bize milli zek\u00e2 ve zihniyet laz\u0131m"},"content":{"rendered":"<p>Cumhurba\u015fkan\u0131 Recep Tayyip Erdo\u011fan, cumartesi g\u00fcn\u00fc \u015eanl\u0131urfa\u2019daki program\u0131n\u0131n ard\u0131ndan Haliliye il\u00e7esindeki \u0130brahim Tatl\u0131ses K\u00fclt\u00fcr Merkezi\u2019nde d\u00fczenlenen \u201cGen\u00e7lik Bulu\u015fmalar\u0131\u201d program\u0131na kat\u0131ld\u0131. Gen\u00e7lerle bulu\u015fmaya sanat\u00e7\u0131 \u0130brahim Tatl\u0131ses ile gelen Erdo\u011fan, program\u0131n a\u00e7\u0131l\u0131\u015f\u0131nda \u00e7al\u0131nan \u201cG\u00fcl\u00fcm Benim\u201d \u015fark\u0131s\u0131na da e\u015flik etti. Erdo\u011fan, gen\u00e7lerle sohbetinde \u00f6zetle \u015funlar\u0131 s\u00f6yledi:<\/p>\n<p><strong>\u00c7ANTADA KEKL\u0130K YOK:<\/strong> Her ne kadar birileri, gen\u00e7lerimize kendi zihin d\u00fcnyalar\u0131nda \u201c\u00e7antada keklik\u201d gibi bak\u0131yor olsa da bizim tespitlerimiz hi\u00e7 de \u00f6yle olmad\u0131\u011f\u0131na i\u015faret ediyor. Kusura bakmay\u0131n \u00e7antada keklik yok, \u00e7anta dolu. Cumhuriyetin yeni asr\u0131n\u0131 T\u00fcrkiye Y\u00fczy\u0131l\u0131 vizyonuyla kar\u015f\u0131lamaya haz\u0131rlan\u0131rken, en \u00e7ok gen\u00e7lerin enerjisine, \u00fcretkenli\u011fine, gayretlerine g\u00fcveniyoruz.<\/p>\n<p><strong>ARTIK D\u00dcNYA T\u00dcRK\u0130YE\u2019YE BAKSIN:<\/strong> Siyasette yar\u0131m asr\u0131 geride b\u0131rakan bir b\u00fcy\u00fc\u011f\u00fcn\u00fcz s\u0131fat\u0131yla, art\u0131k bizlerin, sizin zaman\u0131n\u0131z\u0131n misafiri oldu\u011fumuzu rahat\u00e7a s\u00f6yleyebilirim. Biz, bu kutlu bayra\u011f\u0131, bu kutlu emaneti nas\u0131l daha \u00f6nceki nesillerden devrald\u0131ysak, in\u015fallah \u00e7ok yak\u0131nda sizlere devredece\u011fiz. Art\u0131k \u00f6dedi\u011fimiz bedellerin, \u00e7ekti\u011fimiz ac\u0131lar\u0131n, yapt\u0131\u011f\u0131m\u0131z fedakarl\u0131klar\u0131n, d\u00f6kt\u00fc\u011f\u00fcm\u00fcz al\u0131n terlerinin kar\u015f\u0131l\u0131\u011f\u0131n\u0131 alma vakti gelmi\u015ftir. Bunu sizlerle alaca\u011f\u0131z. Bir aya\u011f\u0131m\u0131z\u0131 \u00fclkemize ve de\u011ferlerimize sabitleyip, di\u011feriyle t\u00fcm d\u00fcnyay\u0131 ku\u015fataca\u011f\u0131m\u0131z bir d\u00f6nemdeyiz. Art\u0131k d\u00fcnyaya \u015f\u00f6yle bakaca\u011f\u0131z, biz d\u00fcnyaya de\u011fil, d\u00fcnya T\u00fcrkiye\u2019ye baks\u0131n. Bunu, sizlerle beraber ba\u015faraca\u011f\u0131z. Gen\u00e7lerimizin bilgisi, donan\u0131m\u0131, \u00f6z g\u00fcveni T\u00fcrkiye Y\u00fczy\u0131l\u0131\u2019n\u0131n en b\u00fcy\u00fck teminat\u0131d\u0131r.\u00a0<\/p>\n<p><strong>Z\u0130H\u0130N DEVR\u0130M\u0130 YAPTIK:<\/strong> Zihnimizde kalbimizde de yar\u0131n i\u00e7in ne yapaca\u011f\u0131m\u0131z ne yapmam\u0131z gerekti\u011fi var. Bug\u00fcn Bay Kemal, g\u00fcya zihinde ne var ne yok bunlar\u0131 anlat\u0131yormu\u015f. Elin birilerini toparlam\u0131\u015f, etmi\u015f, uyuyanlar m\u0131 arars\u0131n, bunun yan\u0131nda ne dedi\u011fi anla\u015f\u0131lmayan s\u00f6zler mi arars\u0131n&#8230; B\u00f6yle bir durum. Biz de dedik ki biz, \u015eanl\u0131urfa\u2019da zihin devrimi yapaca\u011f\u0131z. Ve \u015eanl\u0131urfa\u2019da bir zihin devrimini yapt\u0131k ve a\u00e7\u0131klad\u0131k. Vizyon orada de\u011fil, vizyon \u015eanl\u0131urfa\u2019da ve yar\u0131na dair vizyonun kalem\u015f\u00f6rleri gen\u00e7ler, sizsiniz.\u00a0<\/p>\n<p>Milletimi aldatacaklar\u0131n\u0131\u00a0 zannediyorlar: (K\u0131l\u0131\u00e7daro\u011flu\u2019nun vizyon a\u00e7\u0131klamas\u0131) Onlar\u0131n \u015fu andaki derdi bu masadan kim ne kadar ne kapar, yapt\u0131klar\u0131 bu. Bug\u00fcn vizyon a\u00e7\u0131klam\u0131\u015f, vizyon denilen olay\u0131n i\u00e7inde Amerika\u2019dan bilmem kim, bilmem \u015furadan kim. Bunlarla benim milletimi aldatacaklar\u0131n\u0131 zannediyorlar. Bize yerli ve milli bir zihniyet, yerli ve milli bir zeka laz\u0131m. Yani, sen laz\u0131ms\u0131n, sen. \u015eu mant\u0131k, \u015fu zihniyet onlarda yok.<\/p>\n<p><strong>Pedagojik formasyon m\u00fcjdesi<\/strong><\/p>\n<p><strong>3. VE 4. SINIFTA:<\/strong> Bu hafta i\u00e7inde Y\u00d6K Ba\u015fkan\u0131m\u0131zla da konuyu g\u00f6r\u00fc\u015ft\u00fck. Biliyorsunuz, \u00fcniversiteyi bitirdikten sonra bir veya iki y\u0131l formasyon e\u011fitimi veriliyordu. Kendilerine \u2018Say\u0131n Ba\u015fkan, art\u0131k bunu kald\u0131r\u0131yorsun dedik, kald\u0131racaks\u0131n, 3 ve 4. s\u0131n\u0131fta formasyonu verelim ve \u00fcniversiteyi bitirirken b\u00f6ylece formasyon e\u011fitimini de alm\u0131\u015f olsun\u2019 dedik ve mutab\u0131k kald\u0131k.<\/p>\n<p>Cumhurba\u015fkan\u0131 Erdo\u011fan\u2019\u0131n gen\u00e7lerle bulu\u015fmas\u0131na e\u015flik eden \u0130brahim Tatl\u0131ses, \u201cSay\u0131n Cumhurba\u015fkan\u0131m\u0131z halk adam\u0131d\u0131r, halk insan\u0131d\u0131r. Halk adam\u0131 oldu\u011fu i\u00e7in ba\u015f\u0131m\u0131n \u00fcst\u00fcnde ta\u015f\u0131yorum.\u00a0Ben Cumhurba\u015fkan\u0131m\u0131z\u0131n yan\u0131nday\u0131m\u201d dedi.<\/p>\n<p>\u00a0<\/p>\n","protected":false},"excerpt":{"rendered":"<p>Cumhurba\u015fkan\u0131 Recep Tayyip Erdo\u011fan, cumartesi g\u00fcn\u00fc \u015eanl\u0131urfa\u2019daki program\u0131n\u0131n ard\u0131ndan Haliliye il\u00e7esindeki \u0130brahim Tatl\u0131ses K\u00fclt\u00fcr Merkezi\u2019nde d\u00fczenlenen \u201cGen\u00e7lik Bulu\u015fmalar\u0131\u201d program\u0131na kat\u0131ld\u0131. Gen\u00e7lerle bulu\u015fmaya sanat\u00e7\u0131 \u0130brahim Tatl\u0131ses ile gelen Erdo\u011fan, program\u0131n a\u00e7\u0131l\u0131\u015f\u0131nda \u00e7al\u0131nan \u201cG\u00fcl\u00fcm Benim\u201d \u015fark\u0131s\u0131na da e\u015flik etti. Erdo\u011fan, gen\u00e7lerle sohbetinde \u00f6zetle \u015funlar\u0131 s\u00f6yledi: \u00c7ANTADA KEKL\u0130K YOK: Her ne kadar birileri, gen\u00e7lerimize kendi zihin d\u00fcnyalar\u0131nda \u201c\u00e7antada [&hellip;]<\/p>\n","protected":false},"author":1,"featured_media":1554,"comment_status":"open","ping_status":"closed","sticky":false,"template":"","format":"standard","meta":{"footnotes":""},"categories":[12],"tags":[29],"class_list":["post-1552","post","type-post","status-publish","format-standard","has-post-thumbnail","hentry","category-siyaset","tag-siyaset"],"_links":{"self":[{"href":"https:\/\/avukatimtv.com\/index.php\/wp-json\/wp\/v2\/posts\/1552","targetHints":{"allow":["GET"]}}],"collection":[{"href":"https:\/\/avukatimtv.com\/index.php\/wp-json\/wp\/v2\/posts"}],"about":[{"href":"https:\/\/avukatimtv.com\/index.php\/wp-json\/wp\/v2\/types\/post"}],"author":[{"embeddable":true,"href":"https:\/\/avukatimtv.com\/index.php\/wp-json\/wp\/v2\/users\/1"}],"replies":[{"embeddable":true,"href":"https:\/\/avukatimtv.com\/index.php\/wp-json\/wp\/v2\/comments?post=1552"}],"version-history":[{"count":0,"href":"https:\/\/avukatimtv.com\/index.php\/wp-json\/wp\/v2\/posts\/1552\/revisions"}],"wp:featuredmedia":[{"embeddable":true,"href":"https:\/\/avukatimtv.com\/index.php\/wp-json\/wp\/v2\/media\/1554"}],"wp:attachment":[{"href":"https:\/\/avukatimtv.com\/index.php\/wp-json\/wp\/v2\/media?parent=1552"}],"wp:term":[{"taxonomy":"category","embeddable":true,"href":"https:\/\/avukatimtv.com\/index.php\/wp-json\/wp\/v2\/categories?post=1552"},{"taxonomy":"post_tag","embeddable":true,"href":"https:\/\/avukatimtv.com\/index.php\/wp-json\/wp\/v2\/tags?post=1552"}],"curies":[{"name":"wp","href":"https:\/\/api.w.org\/{rel}","templated":true}]}}