{"id":1555,"date":"2024-04-06T16:57:43","date_gmt":"2024-04-06T13:57:43","guid":{"rendered":"https:\/\/haberv8.thewpdemo.com\/kilicdaroglundan-baslama-vurusu\/-1555.html"},"modified":"2024-04-06T16:57:43","modified_gmt":"2024-04-06T13:57:43","slug":"kilicdaroglundan-baslama-vurusu","status":"publish","type":"post","link":"https:\/\/avukatimtv.com\/index.php\/2024\/04\/06\/kilicdaroglundan-baslama-vurusu\/","title":{"rendered":"K\u0131l\u0131\u00e7daro\u011flu\u2019ndan \u2018ba\u015flama vuru\u015fu\u2019"},"content":{"rendered":"<p><strong>Mehtap G\u00f6kdemir Ankara &#8211;<\/strong> CHP Genel Ba\u015fkan\u0131 Kemal K\u0131l\u0131\u00e7daro\u011flu\u2019nun \u00f6nceki g\u00fcn ekonomiyi merkez alan \u2018vizyon\u2019 konu\u015fmas\u0131 ile adayl\u0131\u011f\u0131n\u0131 i\u015faret etmekle kalmay\u0131p se\u00e7im kampanyas\u0131n\u0131n ba\u015flama vuru\u015funu da yapt\u0131\u011f\u0131 ifade edildi.<\/p>\n<p>Salonda bulunan CHP\u2019li kurmaylar toplant\u0131da akademik sunu\u015flar\u0131n s\u0131k\u0131c\u0131 oldu\u011funu belirterek \u201cNeticede bu bir akademik toplant\u0131 de\u011fil. Konferans, panel bi\u00e7iminde oldu\u011fu i\u00e7in uzun s\u00fcrd\u00fc\u201d de\u011ferlendirmesinde bulundu. CHP\u2019liler, \u201cAncak Genel Ba\u015fkan\u2019\u0131n konu\u015fmas\u0131 ola\u011fan\u00fcst\u00fcyd\u00fc, b\u00fcy\u00fck bir co\u015fku ve heyecan yaratt\u0131\u201d ifadelerini kulland\u0131.<\/p>\n<p>K\u0131l\u0131\u00e7daro\u011flu\u2019nun konu\u015fmas\u0131yla se\u00e7im kampanyas\u0131n\u0131 ba\u015flatt\u0131\u011f\u0131n\u0131, adayl\u0131k mesaj\u0131 verdi\u011fini belirten partili kurmaylar K\u0131l\u0131\u00e7daro\u011flu\u2019nun adayl\u0131k konusunda epey yol ald\u0131\u011f\u0131n\u0131, konu\u015fmas\u0131nda birinci tekil \u015fahs\u0131 kulland\u0131\u011f\u0131n\u0131 belirtti. Kurmaylar \u015fu de\u011ferlendirmelerde bulundu: \u201cHem \u2018miras\u0131m\u2019 dedi, masay\u0131 \u00f6vd\u00fc, onlar\u0131 sahiplendi. \u2018Birlikte olaca\u011f\u0131z\u2019 dedi. H\u0131rsl\u0131yd\u0131. Adayl\u0131k mesaj\u0131 verdi. Netice itibar\u0131yla \u2018\u015funlar\u0131, \u015funlar\u0131 yapaca\u011f\u0131m\u2019 demi\u015f olmas\u0131, bu kadroyu toplam\u0131\u015f olmas\u0131 bile adayl\u0131\u011fa i\u015faret ediyor. Genel Ba\u015fkan dedi ki, \u2018Alt\u0131l\u0131 Masa\u2019n\u0131n vizyonu da budur. Bu vizyonu da ben koydum. Bu vizyonla yola \u00e7\u0131k\u0131yorum.\u2019 Asl\u0131nda \u2018Ben aday\u0131m\u2019 diyor Kemal Bey. \u00dclkeyi y\u00f6netmeye haz\u0131r oldu\u011fu mesaj\u0131n\u0131 verdi.\u201d<\/p>\n<p><strong>\u2018G\u00fc\u00e7l\u00fc bir \u00e7\u0131k\u0131\u015f\u2019<\/strong><\/p>\n<p>Toplant\u0131 bitti\u011finde salondan ayr\u0131l\u0131rken \u00f6rg\u00fctteki baz\u0131 isimler \u201cAday olacak m\u0131 Genel Ba\u015fkan?\u201d diye birbirlerine sordu. Salonda bulunanlardan, \u201cDaha ne desin, bu kadar a\u00e7\u0131k konu\u015ftu\u201d yorumunu yapanlar oldu.<\/p>\n<p>Kurmaylar, K\u0131l\u0131\u00e7daro\u011flu\u2019nun \u00fclkeyi y\u00f6netmeye haz\u0131r oldu\u011funu ortaya koydu\u011funu, bunu da tek ba\u015f\u0131na de\u011fil, bir tak\u0131mla yapaca\u011f\u0131n\u0131 vurgulad\u0131\u011f\u0131n\u0131 kaydetti. CHP\u2019li kurmayla konu\u015fmay\u0131 \u015fu ifadelerle yorumlad\u0131: \u201cAsl\u0131nda Genel Ba\u015fkan \u015fu imaj\u0131 vermeye \u00e7al\u0131\u015ft\u0131, \u2018biz siyaset \u00fcst\u00fc bak\u0131yoruz, bu arkada\u015flar bu \u00e7al\u0131\u015fmalar\u0131 yapt\u0131lar, ben de bunlardan ald\u0131m ve bir vizyon olu\u015fturdum, benim vizyonum da bu\u2019 dedi. Ola\u011fan\u00fcst\u00fc bir konu\u015fmayd\u0131. Alt\u0131l\u0131 Masa vurgusu yapmas\u0131 \u00e7ok \u00f6nemli. Bu vizyon sadece CHP\u2019nin de\u011fil asl\u0131nda Alt\u0131l\u0131 Masa\u2019n\u0131n vizyonu demek istiyor.\u201d Ara\u015ft\u0131rmac\u0131 \u0130brahim Uslu ise K\u0131l\u0131\u00e7daro\u011flu\u2019nun konu\u015fmas\u0131na ili\u015fkin, \u201cBir liderin yerine bir tek adam\u0131n yerine -onun tabiriyle- ikinci bir tek adam se\u00e7ti\u011finizde bu sorunlar \u00e7\u00f6z\u00fclmez, dedi. CHP\u2019nin oda\u011f\u0131 art\u0131k sadece bir se\u00e7im kazanman\u0131n \u00f6tesinde bir b\u00fcy\u00fck k\u00f6kl\u00fc d\u00f6n\u00fc\u015f\u00fcm\u00fcn mimar\u0131 olmak istiyor Say\u0131n K\u0131l\u0131\u00e7daro\u011flu. Asl\u0131nda uzun zamand\u0131r bunun ad\u0131mlar\u0131n\u0131 at\u0131yordu. Bug\u00fcnk\u00fc toplant\u0131 ayn\u0131 zamanda se\u00e7im kampanyas\u0131n\u0131n da ba\u015flama vuru\u015fuydu. Se\u00e7im kampanyas\u0131n\u0131n ba\u015flama vuru\u015fudur\u201d dedi.<\/p>\n<p>K\u0131l\u0131\u00e7daro\u011flu\u2019na yak\u0131n bir kaynak da \u201cBir yol y\u00fcr\u00fcy\u00fc\u015f\u00fcn\u00fcn ba\u015flang\u0131c\u0131yd\u0131. G\u00fc\u00e7l\u00fc bir \u00e7\u0131k\u0131\u015ft\u0131. \u2018Ne yapacaks\u0131n\u0131z, nas\u0131l yapacaks\u0131n\u0131z\u2019a en g\u00fczel cevap verildi\u201d dedi.<\/p>\n<p><strong>Selvi K\u0131l\u0131\u00e7daro\u011flu\u2019nun Kovid testi pozitif<\/strong><\/p>\n<p>CHP Genel Ba\u015fkan\u0131 Kemal K\u0131l\u0131\u00e7daro\u011flu\u2019nun e\u015fi Selvi K\u0131l\u0131\u00e7daro\u011flu koronavir\u00fcse yakaland\u0131. Kemal K\u0131l\u0131\u00e7daro\u011flu\u2019nun ise Kovid olmad\u0131\u011f\u0131 ifade edildi.<\/p>\n<p>Selvi K\u0131l\u0131\u00e7daro\u011flu, \u0130stanbul\u2019da cumartesi g\u00fcn\u00fc yap\u0131lan vizyon toplant\u0131s\u0131n\u0131n ard\u0131ndan hastaneye gitti, test yapt\u0131rd\u0131. Koronavir\u00fcs testsonucu pozitif \u00e7\u0131kanSelvi K\u0131l\u0131\u00e7daro\u011flu\u2019nun\u0130stanbul\u2019da dinlendi\u011fi belirtildi. CHP Kad\u0131n Kollar\u0131 Genel Ba\u015fkan\u0131 Aylin Nazl\u0131aka, Selvi K\u0131l\u0131\u00e7daro\u011flu ile telefonda g\u00f6r\u00fc\u015ft\u00fc\u011f\u00fcn\u00fc, sa\u011fl\u0131k durumunun iyi oldu\u011funu ve dinlendi\u011fini s\u00f6yledi.<\/p>\n<p>CHP liderine yak\u0131n kaynaklar, Kemal K\u0131l\u0131\u00e7daro\u011flu\u2019nun Kovid olmad\u0131\u011f\u0131n\u0131, sa\u011fl\u0131\u011f\u0131n\u0131n iyi oldu\u011funu ve kendisinde herhangi bir belirtinin de olmad\u0131\u011f\u0131n\u0131 belirterek, \u201cSay\u0131n K\u0131l\u0131\u00e7daro\u011flu Ankara\u2019da, b\u00fct\u00e7ede konu\u015facak. Kovid de\u011fil\u201d bilgisini verdi. Ankara\u2019ya d\u00f6nenK\u0131l\u0131\u00e7daro\u011flu, bug\u00fcn TBMM Genel Kurulu\u2019nda b\u00fct\u00e7enin t\u00fcm\u00fc \u00fczerindeki g\u00f6r\u00fc\u015fmelerde konu\u015facak.<\/p>\n","protected":false},"excerpt":{"rendered":"<p>Mehtap G\u00f6kdemir Ankara &#8211; CHP Genel Ba\u015fkan\u0131 Kemal K\u0131l\u0131\u00e7daro\u011flu\u2019nun \u00f6nceki g\u00fcn ekonomiyi merkez alan \u2018vizyon\u2019 konu\u015fmas\u0131 ile adayl\u0131\u011f\u0131n\u0131 i\u015faret etmekle kalmay\u0131p se\u00e7im kampanyas\u0131n\u0131n ba\u015flama vuru\u015funu da yapt\u0131\u011f\u0131 ifade edildi. Salonda bulunan CHP\u2019li kurmaylar toplant\u0131da akademik sunu\u015flar\u0131n s\u0131k\u0131c\u0131 oldu\u011funu belirterek \u201cNeticede bu bir akademik toplant\u0131 de\u011fil. Konferans, panel bi\u00e7iminde oldu\u011fu i\u00e7in uzun s\u00fcrd\u00fc\u201d de\u011ferlendirmesinde bulundu. CHP\u2019liler, [&hellip;]<\/p>\n","protected":false},"author":1,"featured_media":1557,"comment_status":"open","ping_status":"closed","sticky":false,"template":"","format":"standard","meta":{"footnotes":""},"categories":[12],"tags":[29],"class_list":["post-1555","post","type-post","status-publish","format-standard","has-post-thumbnail","hentry","category-siyaset","tag-siyaset"],"_links":{"self":[{"href":"https:\/\/avukatimtv.com\/index.php\/wp-json\/wp\/v2\/posts\/1555","targetHints":{"allow":["GET"]}}],"collection":[{"href":"https:\/\/avukatimtv.com\/index.php\/wp-json\/wp\/v2\/posts"}],"about":[{"href":"https:\/\/avukatimtv.com\/index.php\/wp-json\/wp\/v2\/types\/post"}],"author":[{"embeddable":true,"href":"https:\/\/avukatimtv.com\/index.php\/wp-json\/wp\/v2\/users\/1"}],"replies":[{"embeddable":true,"href":"https:\/\/avukatimtv.com\/index.php\/wp-json\/wp\/v2\/comments?post=1555"}],"version-history":[{"count":0,"href":"https:\/\/avukatimtv.com\/index.php\/wp-json\/wp\/v2\/posts\/1555\/revisions"}],"wp:featuredmedia":[{"embeddable":true,"href":"https:\/\/avukatimtv.com\/index.php\/wp-json\/wp\/v2\/media\/1557"}],"wp:attachment":[{"href":"https:\/\/avukatimtv.com\/index.php\/wp-json\/wp\/v2\/media?parent=1555"}],"wp:term":[{"taxonomy":"category","embeddable":true,"href":"https:\/\/avukatimtv.com\/index.php\/wp-json\/wp\/v2\/categories?post=1555"},{"taxonomy":"post_tag","embeddable":true,"href":"https:\/\/avukatimtv.com\/index.php\/wp-json\/wp\/v2\/tags?post=1555"}],"curies":[{"name":"wp","href":"https:\/\/api.w.org\/{rel}","templated":true}]}}