{"id":1558,"date":"2024-04-06T16:57:45","date_gmt":"2024-04-06T13:57:45","guid":{"rendered":"https:\/\/haberv8.thewpdemo.com\/bakan-bozdag-basortusu-teklifi-imzaya-acildi\/-1558.html"},"modified":"2024-04-06T16:57:45","modified_gmt":"2024-04-06T13:57:45","slug":"bakan-bozdag-basortusu-teklifi-imzaya-acildi","status":"publish","type":"post","link":"https:\/\/avukatimtv.com\/index.php\/2024\/04\/06\/bakan-bozdag-basortusu-teklifi-imzaya-acildi\/","title":{"rendered":"Bakan Bozda\u011f: Ba\u015f\u00f6rt\u00fcs\u00fc teklifi imzaya a\u00e7\u0131ld\u0131"},"content":{"rendered":"<p>Adalet Bakan\u0131 Bekir Bozda\u011f, g\u00fcndeme ili\u015fkin sorular\u0131 TRT Haber canl\u0131 yay\u0131n\u0131nda yan\u0131tlad\u0131.<\/p>\n<p>Bakan Bozda\u011f&#8217;\u0131n a\u00e7\u0131klamalar\u0131ndan \u00f6ne \u00e7\u0131kanlar:<\/p>\n<p>Bozda\u011f, &#8220;Anayasada ne de\u011fi\u015ftirmek istiyorsunuz?&#8221; sorusuna \u015fu \u015fekilde cevap verdi:<\/p>\n<p>&#8220;Ge\u00e7en hafta Cumhur \u0130ttifak\u0131 Meclis grubu Anayasan\u0131n 24. maddesine 2 f\u0131kra ekleyen, 41. maddesini 1. f\u0131kras\u0131n\u0131 belirleyen de\u011fi\u015fiklikleri imzaya a\u00e7t\u0131. Milletvekillerimiz de bu imzaya destek verecekler. Teklif, yar\u0131n veya bir g\u00fcn Meclis Ba\u015fkanl\u0131\u011f\u0131&#8217;na sunulacak.<\/p>\n<p>Daha \u00f6nce ya\u015fan\u0131lan s\u0131k\u0131nt\u0131lar tekrar ya\u015fanmas\u0131n, ac\u0131 tecr\u00fcbeler tekrar etmesin diye yap\u0131l\u0131yor. Teklife temel hak ve \u00f6zg\u00fcrl\u00fcklere anayasal g\u00fcvence geliyor. Vatanda\u015flar\u0131m\u0131z\u0131n ya\u015fam tarzlar\u0131n\u0131 da teminat alt\u0131na almaktad\u0131r. Teklifle din ve vicdan h\u00fcrriyeti teminat alt\u0131na al\u0131nacak. Sadece temel hak ve h\u00fcrriyetlerin kullan\u0131lmas\u0131nda de\u011fil, mal ve hizmetlerinden de yararlan\u0131lmas\u0131n\u0131n sa\u011flan\u0131lmas\u0131 konusunda ayr\u0131mc\u0131l\u0131klardan dolay\u0131 vatanda\u015flar\u0131m\u0131za bir g\u00fcvence getiriyor. Her alanda vatanda\u015flar\u0131m\u0131z\u0131 e\u015fit g\u00f6ren uygulamalar sa\u011flanacak. Tam olarak anayasal e\u015fitlik getirmektedir. Ailenin toplumun temeli oldu\u011fu vurgulanmakta, evlilik birli\u011finin ancak kad\u0131n ile erke\u011fin evlenmesiyle a\u00e7\u0131k bir \u015fekilde vurgulanmaktad\u0131r.&#8221;<\/p>\n<p><strong>&#8220;Ailenin kimler aras\u0131nda kurulmas\u0131 gerekti\u011fini anayasal d\u00fczeyde ifade ediyoruz&#8221;<\/strong><\/p>\n<p>Ba\u015fka \u00fclkelerde de aileyi korumak i\u00e7in tedbirler al\u0131nd\u0131\u011f\u0131n\u0131 belirten Bozda\u011f \u015f\u00f6yle konu\u015ftu:<\/p>\n<p>&#8220;Buna benzer anayasal ve yasal de\u011fi\u015fiklikler yap\u0131ld\u0131. Aile kavram\u0131 bir\u00e7ok \u00fclkede b\u00fcy\u00fck bir tehlike ve sald\u0131r\u0131 alt\u0131nda. O y\u00fczden anayasal d\u00fczeyde de\u011fi\u015fiklik laz\u0131msa onun i\u00e7in anayasal de\u011fi\u015fiklik yap\u0131l\u0131yor. Aile, T\u00fcrk toplumunun temelidir. Buradaki de\u011fi\u015fiklik kad\u0131n ve erke\u011fin evlenmesi ile kurulur ve e\u015fler aras\u0131nda e\u015fitli\u011fi olu\u015fur. Zaten evlilik birli\u011fi kuruldu\u011funda aile de kurulmu\u015f oluyor. Aileyi tan\u0131mlamak yerine kimler aras\u0131nda kurulmas\u0131 gerekti\u011fini anayasal d\u00fczeyde ifade ediyoruz. &#8220;<\/p>\n<p><strong>&#8220;Gelece\u011fimizi korumak i\u00e7in b\u00f6yle bir tedbir al\u0131yoruz&#8221;<\/strong><\/p>\n<p>Muhalefetin de anayasal teklife destek vereceklerine inand\u0131klar\u0131n\u0131 belirten Bozda\u011f \u015funlar\u0131 s\u00f6yledi:<\/p>\n<p>&#8220;Bizim herkese gitmemizin sebebi \u015fu. Bizim 335 oyumuz var. Meclis Ba\u015fkan\u0131m\u0131z da kullanamad\u0131\u011f\u0131na g\u00f6re 334 oluyor. Teklifin kabul edilmesi i\u00e7in di\u011fer partilerle g\u00f6r\u00fc\u015fmemiz gerekir, yoksa bu s\u00fcrecin nihayete ermesi m\u00fcmk\u00fcn g\u00f6z\u00fckm\u00fcyor. Biz bu teklifte samimi oldu\u011fumuzu T\u00fcrkiye&#8217;de k\u0131l\u0131k k\u0131yafet konusunun tart\u0131\u015fma konusu olmas\u0131n\u0131n \u00e7\u0131kmas\u0131n\u0131 istiyoruz. Partilerimizin bu teklife destek verece\u011fini \u00fcmit ediyorum. T\u00fcrk milletinin temelinin olu\u015fturan aileyi korumay\u0131 hedefliyoruz. D\u00fcnyan\u0131n d\u00f6rt bir yan\u0131nda tedbir al\u0131yorsa T\u00fcrkiye&#8217;nin gecikmesi T\u00fcrkiye&#8217;nin aleyhine olur. Gelece\u011fimizi korumak i\u00e7in b\u00f6yle bir tedbir al\u0131yoruz.&#8221;<\/p>\n<p><strong>&#8220;Teklifi a\u00e7\u0131k\u00e7a reddeden bir parti ben g\u00f6rmedim&#8221;<\/strong><\/p>\n<p>Teklifi a\u00e7\u0131k\u00e7a reddeden bir parti olmad\u0131\u011f\u0131n\u0131 vurgulayan Bozda\u011f \u015fu ifadeleri kulland\u0131:<\/p>\n<p>&#8220;Meclis&#8217;te bize ciddi bir itiraz yap\u0131lmad\u0131. CHP se\u00e7ime yak\u0131n s\u0131cak bakmad\u0131\u011f\u0131n\u0131 referanduma gidilmesine kar\u015f\u0131 olduklar\u0131n\u0131 belirtti, HDP ba\u015f\u00f6rt\u00fcs\u00fc konusuna s\u0131cak bakt\u0131\u011f\u0131n\u0131, \u0130yi Parti de bu konuda yetkili organlar\u0131yla g\u00f6r\u00fc\u015ft\u00fckten sonra teklifi de\u011ferlendireceklerini s\u00f6yledi. A\u00e7\u0131k\u00e7a reddeden bir parti ben g\u00f6rmedim. Teklif somuta d\u00f6n\u00fcl\u00fcp Meclis Ba\u015fkanl\u0131\u011f\u0131na sunulduktan sonra daha net g\u00f6rece\u011fiz. Umuyoruz ki referanduma gitmeden yasala\u015fmas\u0131n\u0131 arzu ederiz.&#8221;<\/p>\n<p><strong>&#8220;Teklif ucube bir teklif&#8221;<\/strong><\/p>\n<p>Bakan Bozda\u011f 6&#8217;l\u0131 masan\u0131n anayasa \u00f6nerisine ili\u015fkin de \u015funlar\u0131 s\u00f6yledi:<\/p>\n<p>&#8220;Teklife detayl\u0131ca bakt\u0131m. Teklif ucube bir teklif. Literat\u00fcrde g\u00fc\u00e7lendirilmi\u015f parlamenter sistem diye bir kavram yok. Literat\u00fcrde olmayan bir kavram\u0131 g\u00fcndeme getirmi\u015f oldular. 2014-2018 aras\u0131na d\u00f6n\u00fc\u015f var. Bu de\u011fi\u015fiklilerin esas\u0131nda bunu getirmek isteyenlerin \u00f6z\u00fc ba\u015fkanl\u0131k sisteminde ba\u015fkan olmak i\u00e7in 50+1 oya ihtiya\u00e7 var. \u0130ktidar olma umudunu kaybedenler pazarl\u0131klarla, de\u011fi\u015fik yol ve y\u00f6ntemlerle parlamenter sisteme d\u00f6nmek istiyorlar. Cumhurba\u015fkan\u0131n\u0131 halka se\u00e7tirerek bu k\u0131l\u0131f alt\u0131nda saklamak istiyorlar. Y\u00fcr\u00fctme organ\u0131n\u0131 do\u011frudan T\u00fcrk halk\u0131ndan al\u0131yorlar. &#8220;<\/p>\n<p>\u00a0<\/p>\n","protected":false},"excerpt":{"rendered":"<p>Adalet Bakan\u0131 Bekir Bozda\u011f, g\u00fcndeme ili\u015fkin sorular\u0131 TRT Haber canl\u0131 yay\u0131n\u0131nda yan\u0131tlad\u0131. Bakan Bozda\u011f&#8217;\u0131n a\u00e7\u0131klamalar\u0131ndan \u00f6ne \u00e7\u0131kanlar: Bozda\u011f, &#8220;Anayasada ne de\u011fi\u015ftirmek istiyorsunuz?&#8221; sorusuna \u015fu \u015fekilde cevap verdi: &#8220;Ge\u00e7en hafta Cumhur \u0130ttifak\u0131 Meclis grubu Anayasan\u0131n 24. maddesine 2 f\u0131kra ekleyen, 41. maddesini 1. f\u0131kras\u0131n\u0131 belirleyen de\u011fi\u015fiklikleri imzaya a\u00e7t\u0131. Milletvekillerimiz de bu imzaya destek verecekler. Teklif, yar\u0131n [&hellip;]<\/p>\n","protected":false},"author":1,"featured_media":1560,"comment_status":"open","ping_status":"closed","sticky":false,"template":"","format":"standard","meta":{"footnotes":""},"categories":[12],"tags":[29],"class_list":["post-1558","post","type-post","status-publish","format-standard","has-post-thumbnail","hentry","category-siyaset","tag-siyaset"],"_links":{"self":[{"href":"https:\/\/avukatimtv.com\/index.php\/wp-json\/wp\/v2\/posts\/1558","targetHints":{"allow":["GET"]}}],"collection":[{"href":"https:\/\/avukatimtv.com\/index.php\/wp-json\/wp\/v2\/posts"}],"about":[{"href":"https:\/\/avukatimtv.com\/index.php\/wp-json\/wp\/v2\/types\/post"}],"author":[{"embeddable":true,"href":"https:\/\/avukatimtv.com\/index.php\/wp-json\/wp\/v2\/users\/1"}],"replies":[{"embeddable":true,"href":"https:\/\/avukatimtv.com\/index.php\/wp-json\/wp\/v2\/comments?post=1558"}],"version-history":[{"count":0,"href":"https:\/\/avukatimtv.com\/index.php\/wp-json\/wp\/v2\/posts\/1558\/revisions"}],"wp:featuredmedia":[{"embeddable":true,"href":"https:\/\/avukatimtv.com\/index.php\/wp-json\/wp\/v2\/media\/1560"}],"wp:attachment":[{"href":"https:\/\/avukatimtv.com\/index.php\/wp-json\/wp\/v2\/media?parent=1558"}],"wp:term":[{"taxonomy":"category","embeddable":true,"href":"https:\/\/avukatimtv.com\/index.php\/wp-json\/wp\/v2\/categories?post=1558"},{"taxonomy":"post_tag","embeddable":true,"href":"https:\/\/avukatimtv.com\/index.php\/wp-json\/wp\/v2\/tags?post=1558"}],"curies":[{"name":"wp","href":"https:\/\/api.w.org\/{rel}","templated":true}]}}