{"id":1564,"date":"2024-04-06T16:57:47","date_gmt":"2024-04-06T13:57:47","guid":{"rendered":"https:\/\/haberv8.thewpdemo.com\/bakan-kasapoglu-ankarada-genclerle-bulustu\/-1564.html"},"modified":"2024-04-06T16:57:47","modified_gmt":"2024-04-06T13:57:47","slug":"bakan-kasapoglu-ankarada-genclerle-bulustu","status":"publish","type":"post","link":"https:\/\/avukatimtv.com\/index.php\/2024\/04\/06\/bakan-kasapoglu-ankarada-genclerle-bulustu\/","title":{"rendered":"Bakan Kasapo\u011flu, Ankara&#8217;da gen\u00e7lerle bulu\u015ftu"},"content":{"rendered":"<p>Bakan Kasapo\u011flu, bakanl\u0131k taraf\u0131ndan Ankara&#8217;daki Cebeci Site Yurdu&#8217;nda d\u00fczenlenen &#8216;D\u00fcnya G\u00f6n\u00fcll\u00fcler G\u00fcn\u00fc&#8217; program\u0131na kat\u0131ld\u0131. Burada 81 ilden gelen ve bakanl\u0131k deste\u011fiyle \u00e7e\u015fitli alanlarda g\u00f6n\u00fcll\u00fcl\u00fck faaliyetleri y\u00fcr\u00fcten gen\u00e7lerle bulu\u015fan Kasapo\u011flu, g\u00f6n\u00fcll\u00fcl\u00fck kavram\u0131n\u0131n \u00f6nemine de\u011findi. K\u00fcresel \u0130nsani Yard\u0131m Raporu&#8217;nun 2018 verilerine g\u00f6re, T\u00fcrkiye&#8217;nin d\u00fcnyan\u0131n &#8216;en c\u00f6mert \u00fclkesi&#8217;\u00a0konumunda oldu\u011funu belirten Kasapo\u011flu, &#8220;Bakanl\u0131\u011f\u0131m\u0131z \u00f6nc\u00fcl\u00fc\u011f\u00fcnde, kamu, \u00f6zel sekt\u00f6r ve sivil toplum i\u015f birli\u011fiyle ger\u00e7ekle\u015fen \u00e7al\u0131\u015fmalar ve projeler, hamdolsun ki &#8216;g\u00f6n\u00fcll\u00fcl\u00fck olgusu&#8217; a\u00e7\u0131s\u0131ndan \u00f6zellikle gen\u00e7lerimiz ve t\u00fcm milletimiz taraf\u0131ndan d\u00f6rt elle sahiplenilmi\u015ftir. Bakanl\u0131\u011f\u0131m\u0131z\u0131n gen\u00e7li\u011fe ili\u015fkin belirledi\u011fi misyon ve vizyonun g\u00f6n\u00fcll\u00fcl\u00fc\u011f\u00fcn kazan\u0131mlar\u0131yla birebir \u00f6rt\u00fc\u015fmesi ve bu anlamda g\u00f6n\u00fcll\u00fcl\u00fc\u011f\u00fcn kurumsal bir yap\u0131ya kavu\u015fturulmas\u0131 hususunda \u00f6nc\u00fcl\u00fck etmek bizler i\u00e7in bir iftihar vesilesidir. T\u00fcm d\u00fcnyada yap\u0131lan \u00e7al\u0131\u015fmalar, erken ya\u015flarda kazan\u0131lan g\u00f6n\u00fcll\u00fcl\u00fck k\u00fclt\u00fcr\u00fcn\u00fcn ya\u015fam boyu s\u00fcrd\u00fc\u011f\u00fcn\u00fc g\u00f6stermektedir&#8221;\u00a0dedi.<\/p>\n<p><strong>&#8216;G\u00d6NL\u00dc GEN\u0130\u015e GEN\u00c7LERLE B\u00dcY\u00dcK ADIMLAR ATACA\u011eIZ&#8217;<\/strong><\/p>\n<p>Kasapo\u011flu, 2019 y\u0131l\u0131n\u0131 &#8216;G\u00f6n\u00fcll\u00fcl\u00fck Y\u0131l\u0131&#8217; ilan ederek, &#8216;2019 G\u00f6n\u00fcll\u00fcl\u00fck Y\u0131l\u0131 Strateji Belgesi&#8217;ni kamuoyuyla payla\u015ft\u0131klar\u0131n\u0131 hat\u0131rlatarak, &#8220;Bu belgede 6 stratejik hedef belirledik. Bu 6 hedefin hamdolsun pek \u00e7o\u011funu ger\u00e7ekle\u015ftirdik ama daha gitmemiz gereken, daha fazla gayret g\u00f6stermemiz gereken noktalar var. Y\u00fcksek \u00d6\u011fretim Kurulu ile hayata ge\u00e7irdi\u011fimiz, \u00fcniversitelerdeki &#8216;g\u00f6n\u00fcll\u00fcl\u00fck se\u00e7meli dersi&#8217; bu alamda \u00e7ok \u00f6nemli bir a\u015famayd\u0131. Pek \u00e7ok \u00fcniversite ad\u0131m att\u0131. Ad\u0131m atmayan \u00fcniversitelerin de bu \u00f6nemli g\u00fcnde ad\u0131m atmalar\u0131n\u0131 bekliyorum. 107 \u00fcniversite bu i\u015fe ba\u015flad\u0131. Geri kalan t\u00fcm \u00fcniversiteleri bu anlamda seferber etmemiz laz\u0131m. Gen\u00e7lerimiz bu dersleri al\u0131yorlar sonra uygulamaya ge\u00e7iyorlar. Uygulama nerede oluyor; Gen\u00e7lik Merkezlerinde, nerede Gen\u00e7 Ofisleri&#8217;nde. Bakanl\u0131\u011f\u0131m\u0131z\u0131n g\u00fc\u00e7l\u00fc altyap\u0131s\u0131, spor tesisleri, yurtlar, her biri gen\u00e7lerin emrinde. 2020&#8217;de Ankara&#8217;da pandemi d\u00f6neminde ba\u015flatt\u0131\u011f\u0131m\u0131z proje ile 4 milyon porsiyon s\u0131cak yeme\u011fi halk\u0131m\u0131zla bulu\u015fturduk. Bunun i\u00e7inde emek var, inan\u00e7 var ve umut var. Bu y\u0131l \u0130slami Dayan\u0131\u015fma Oyunlar\u0131&#8217;nda binlerce sporseveri T\u00fcrkiye&#8217;de a\u011f\u0131rlad\u0131k. Spor g\u00f6n\u00fcll\u00fclerini orada en g\u00fczel \u015fekilde g\u00f6rd\u00fck. D\u00fcnya G\u00f6\u00e7ebe Oyunlar\u0131&#8217;n\u0131n 4&#8217;\u00fcnc\u00fcs\u00fcn\u00fc Bursa \u0130znik&#8217;te d\u00fczenledik. Orada 1500 spor g\u00f6n\u00fcll\u00fcs\u00fc vard\u0131.\u00a0Konya&#8217;da da 2 binden fazla spor g\u00f6n\u00fcll\u00fcs\u00fc vard\u0131. \u0130nan\u0131yorum ki,\u00a0spor g\u00f6n\u00fcll\u00fcl\u00fc\u011f\u00fcnde de g\u00f6nl\u00fc geni\u015f gen\u00e7lerle daha b\u00fcy\u00fck ad\u0131mlar ataca\u011f\u0131z&#8221;\u00a0diye konu\u015ftu.<\/p>\n<p>Bakan Kasapo\u011flu,\u00a0konu\u015fmas\u0131n\u0131n ard\u0131ndan salondaki gen\u00e7lerle foto\u011fraf \u00e7ektirdi. Program, Bakan Kasapo\u011flu&#8217;nun salondan ayr\u0131lmas\u0131n\u0131n ard\u0131ndan m\u00fczik ve dans g\u00f6sterileriyle devam etti.<\/p>\n","protected":false},"excerpt":{"rendered":"<p>Bakan Kasapo\u011flu, bakanl\u0131k taraf\u0131ndan Ankara&#8217;daki Cebeci Site Yurdu&#8217;nda d\u00fczenlenen &#8216;D\u00fcnya G\u00f6n\u00fcll\u00fcler G\u00fcn\u00fc&#8217; program\u0131na kat\u0131ld\u0131. Burada 81 ilden gelen ve bakanl\u0131k deste\u011fiyle \u00e7e\u015fitli alanlarda g\u00f6n\u00fcll\u00fcl\u00fck faaliyetleri y\u00fcr\u00fcten gen\u00e7lerle bulu\u015fan Kasapo\u011flu, g\u00f6n\u00fcll\u00fcl\u00fck kavram\u0131n\u0131n \u00f6nemine de\u011findi. K\u00fcresel \u0130nsani Yard\u0131m Raporu&#8217;nun 2018 verilerine g\u00f6re, T\u00fcrkiye&#8217;nin d\u00fcnyan\u0131n &#8216;en c\u00f6mert \u00fclkesi&#8217;\u00a0konumunda oldu\u011funu belirten Kasapo\u011flu, &#8220;Bakanl\u0131\u011f\u0131m\u0131z \u00f6nc\u00fcl\u00fc\u011f\u00fcnde, kamu, \u00f6zel sekt\u00f6r ve sivil [&hellip;]<\/p>\n","protected":false},"author":1,"featured_media":1566,"comment_status":"open","ping_status":"closed","sticky":false,"template":"","format":"standard","meta":{"footnotes":""},"categories":[12],"tags":[29],"class_list":["post-1564","post","type-post","status-publish","format-standard","has-post-thumbnail","hentry","category-siyaset","tag-siyaset"],"_links":{"self":[{"href":"https:\/\/avukatimtv.com\/index.php\/wp-json\/wp\/v2\/posts\/1564","targetHints":{"allow":["GET"]}}],"collection":[{"href":"https:\/\/avukatimtv.com\/index.php\/wp-json\/wp\/v2\/posts"}],"about":[{"href":"https:\/\/avukatimtv.com\/index.php\/wp-json\/wp\/v2\/types\/post"}],"author":[{"embeddable":true,"href":"https:\/\/avukatimtv.com\/index.php\/wp-json\/wp\/v2\/users\/1"}],"replies":[{"embeddable":true,"href":"https:\/\/avukatimtv.com\/index.php\/wp-json\/wp\/v2\/comments?post=1564"}],"version-history":[{"count":0,"href":"https:\/\/avukatimtv.com\/index.php\/wp-json\/wp\/v2\/posts\/1564\/revisions"}],"wp:featuredmedia":[{"embeddable":true,"href":"https:\/\/avukatimtv.com\/index.php\/wp-json\/wp\/v2\/media\/1566"}],"wp:attachment":[{"href":"https:\/\/avukatimtv.com\/index.php\/wp-json\/wp\/v2\/media?parent=1564"}],"wp:term":[{"taxonomy":"category","embeddable":true,"href":"https:\/\/avukatimtv.com\/index.php\/wp-json\/wp\/v2\/categories?post=1564"},{"taxonomy":"post_tag","embeddable":true,"href":"https:\/\/avukatimtv.com\/index.php\/wp-json\/wp\/v2\/tags?post=1564"}],"curies":[{"name":"wp","href":"https:\/\/api.w.org\/{rel}","templated":true}]}}