{"id":1567,"date":"2024-04-06T16:57:48","date_gmt":"2024-04-06T13:57:48","guid":{"rendered":"https:\/\/haberv8.thewpdemo.com\/6li-masanin-aday-anketi-bahceli-bana-sorulursa-tercihim-sinif-arkadasim\/-1567.html"},"modified":"2024-04-06T16:57:48","modified_gmt":"2024-04-06T13:57:48","slug":"6li-masanin-aday-anketi-bahceli-bana-sorulursa-tercihim-sinif-arkadasim","status":"publish","type":"post","link":"https:\/\/avukatimtv.com\/index.php\/2024\/04\/06\/6li-masanin-aday-anketi-bahceli-bana-sorulursa-tercihim-sinif-arkadasim\/","title":{"rendered":"6&#8217;l\u0131 masan\u0131n aday anketi! Bah\u00e7eli: Bana sorulursa tercihim s\u0131n\u0131f arkada\u015f\u0131m"},"content":{"rendered":"<p>MHP Genel Ba\u015fkan\u0131 Devlet Bah\u00e7eli, 6&#8217;l\u0131 masan\u0131n cumhurba\u015fkan\u0131 aday\u0131n\u0131n belirlenmesi i\u00e7in anket yapt\u0131raca\u011f\u0131 iddias\u0131na ili\u015fkin dikkat \u00e7eken bir a\u00e7\u0131klama yapt\u0131.<\/p>\n<p>MHP Genel Ba\u015fkan\u0131 Bah\u00e7eli, T\u00fcrkiye B\u00fcy\u00fck Millet Meclisi (TBMM) Genel Kurulu&#8217;nda bug\u00fcn ba\u015flayan b\u00fct\u00e7e g\u00f6r\u00fc\u015fmelerine kat\u0131ld\u0131. Bah\u00e7eli, oturuma verilen arada gazetecilerle bir araya geldi.<\/p>\n<p><strong>&#8220;TERC\u0130H\u0130M SINIF ARKADA\u015eIM&#8221;<\/strong><\/p>\n<p>6&#8217;l\u0131 masan\u0131n cumhurba\u015fkan\u0131 aday\u0131n\u0131n belirlenmesi i\u00e7in anket yapt\u0131raca\u011f\u0131 iddias\u0131n\u0131 yorumlayan Bah\u00e7eli, &#8220;E\u011fer birisi anketle bana gelirse derse ki &#8216;B\u00f6yle bir 6 ki\u015fi anket yap\u0131yoruz. Siz bu ankette kime, evet, dersiniz ya da benimsersiniz?&#8217; Tercihim, s\u0131n\u0131f arkada\u015f\u0131m olur&#8221; dedi. Bah\u00e7eli, &#8216;s\u0131n\u0131f arkada\u015f\u0131&#8217; ifadesinden kast\u0131n\u0131n CHP Genel Ba\u015fkan\u0131 Kemal K\u0131l\u0131\u00e7daro\u011flu olup olmad\u0131\u011f\u0131 sorusuna ise &#8220;S\u0131n\u0131f arkada\u015f\u0131m&#8221; yan\u0131t\u0131n\u0131 verdi.\u00a0<\/p>\n<p>MHP lideri Bah\u00e7eli, y\u0131llar \u00f6nce yapt\u0131\u011f\u0131 bir a\u00e7\u0131klamada CHP Genel Ba\u015fkan\u0131 Kemal K\u0131l\u0131\u00e7daro\u011flu&#8217;nun okul arkada\u015f\u0131 oldu\u011funu belirtmi\u015fti.<\/p>\n<p><span style=\"color: #ff0000;\"><strong>BAH\u00c7EL\u0130&#8217;DEN GRUP TOPLANTISINDA \u00d6NEML\u0130 MESAJLAR<\/strong><\/span><\/p>\n<p>MHP Genel Ba\u015fkan\u0131 Devlet Bah\u00e7eli, partisinin TBMM Grup Toplant\u0131s\u0131\u2019nda g\u00fcndeme ili\u015fkin de\u011ferlendirmelerde bulunmu\u015ftu. <\/p>\n<p><strong>Bah\u00e7eli\u2019nin konu\u015fmas\u0131nda \u00f6ne \u00e7\u0131kanlar \u00f6zetle \u015f\u00f6yleydi:<\/strong><\/p>\n<p><strong>S\u0130L\u0130ND\u0130R G\u0130B\u0130 EZ\u0130LMEL\u0130:<\/strong> T\u00fcrkiye 2023 y\u0131l\u0131nda, yani Cumhuriyet\u2019in y\u00fcz\u00fcnc\u00fc y\u0131l d\u00f6n\u00fcm\u00fcnde ter\u00f6r belas\u0131ndan Allah\u2019\u0131n izniyle kurtulacak, tek bir ter\u00f6rist dahi yakay\u0131 kurtaramayacakt\u0131r. Sab\u0131r ve tahamm\u00fcl\u00fcm\u00fcz kalmam\u0131\u015ft\u0131r. S\u0131n\u0131rlar\u0131m\u0131z\u0131n m\u00fccavir b\u00f6lgelerinde b\u00fct\u00fcn hainler a\u00e7\u0131k hedefimizdir. M\u00fcnbi\u00e7, Tel R\u0131fat ve Ayn El Arap m\u0131nt\u0131kas\u0131nda canl\u0131 ter\u00f6rist b\u0131rak\u0131lmamal\u0131d\u0131r. Alay\u0131 birden ekin gibi bi\u00e7ilmeli, silindir gibi ezilmelidir.<\/p>\n<p><strong>\u00d6L\u00dc DO\u011eMU\u015e:<\/strong> (MHP\u2019nin 100 maddelik anayasa teklifini de hat\u0131rlatarak) \u00d6nerimiz ve \u00f6nceli\u011fimiz 12 Eyl\u00fcl darbe anayasas\u0131nda tadilat yapmak de\u011fildir. Maksad\u0131m\u0131z y\u0131rt\u0131klara yama dikmek, eksik ve gedikleri pansumanla kapatmak hi\u00e7 de\u011fildir. Zillet ittifak\u0131n\u0131n d\u00fcn a\u00e7\u0131klad\u0131\u011f\u0131 \u2018G\u00fc\u00e7lendirilmi\u015f Parlamenter Sistem Anayasa De\u011fi\u015fikli\u011fi \u00d6nerisi\u2019 \u00f6l\u00fc do\u011fmu\u015f, deyim yerindeyse da\u011f\u0131n fare do\u011furmas\u0131 bile m\u00fcmk\u00fcn olmam\u0131\u015ft\u0131r. Tamam\u0131yla avunma ve avutmaya dayal\u0131 beyhude bir \u00e7abad\u0131r. Bunlar\u0131n kafas\u0131 karmakar\u0131\u015f\u0131kt\u0131r. 1982 Anayasas\u0131\u2019nda \u00e7alakalem yapt\u0131klar\u0131 mevzi de\u011fi\u015fiklikleri, 150 y\u0131ll\u0131k anayasa gelene\u011finde yeni bir sayfa a\u00e7man\u0131n heyecan\u0131 ve gururu olarak takdim etmeleri, kelimenin tam manas\u0131yla z\u0131rvad\u0131r.<\/p>\n<p><strong>YIKIM ANAYASASI:<\/strong> Diyorum ki, bunlardan hi\u00e7bir yol, hi\u00e7bir halt olmaz, olamaz. Bunlar\u0131n yapaca\u011f\u0131 veya de\u011fi\u015ftirece\u011fi anayasa y\u0131k\u0131m anayasas\u0131, yenilgilerin egemen oldu\u011fu toplum s\u00f6zle\u015fmesidir. Zillet ittifak\u0131n\u0131 olu\u015fturan partilere \u00e7a\u011fr\u0131m, gelin Cumhur \u0130ttifak\u0131\u2019n\u0131n yeni anayasa haz\u0131rl\u0131\u011f\u0131na ve hedefine siz de kat\u0131l\u0131n. Gelin siz de bu tarihi sorumlulu\u011fa ortak olun. Alt\u0131s\u0131n\u0131 bir araya getirsen bir Milliyet\u00e7i Hareket yapmaz.<\/p>\n<p><strong>UYKULARINI KA\u00c7IRAYIM:<\/strong> \u015eimdi onlar\u0131n bir de uykusunu ka\u00e7\u0131ray\u0131m. 7 y\u0131ll\u0131k bir se\u00e7im yap\u0131lacakm\u0131\u015f. Bir defa g\u00f6rev yapacakm\u0131\u015f. Bir g\u00f6revimizi Cumhurba\u015fkanl\u0131\u011f\u0131 H\u00fck\u00fcmet Sistemi\u2019nde tamamlad\u0131k. \u0130kincisine 2023\u2019te haz\u0131rlan\u0131yoruz. \u015eimdi soruyorum. Cumhur \u0130ttifak\u0131 milletin ittifak\u0131ysa, iki yetmez \u00fc\u00e7 olsun dersek ne yapacaks\u0131n\u0131z? Cumhurba\u015fkanl\u0131\u011f\u0131 H\u00fck\u00fcmet Sistemi, be\u015fer y\u0131ll\u0131k \u00fc\u00e7 d\u00f6nem olsa da yeni y\u00fczy\u0131l\u0131n 25 y\u0131l\u0131n\u0131 tamamen lider \u00fclkeye do\u011fru h\u0131zla g\u00f6t\u00fcrsek. Cumhurba\u015fkanl\u0131\u011f\u0131 H\u00fck\u00fcmet Sistemi, T\u00fcrkiye\u2019nin aray\u0131p buldu\u011fu \u015fifad\u0131r.<\/p><\/p>\n","protected":false},"excerpt":{"rendered":"<p>MHP Genel Ba\u015fkan\u0131 Devlet Bah\u00e7eli, 6&#8217;l\u0131 masan\u0131n cumhurba\u015fkan\u0131 aday\u0131n\u0131n belirlenmesi i\u00e7in anket yapt\u0131raca\u011f\u0131 iddias\u0131na ili\u015fkin dikkat \u00e7eken bir a\u00e7\u0131klama yapt\u0131. MHP Genel Ba\u015fkan\u0131 Bah\u00e7eli, T\u00fcrkiye B\u00fcy\u00fck Millet Meclisi (TBMM) Genel Kurulu&#8217;nda bug\u00fcn ba\u015flayan b\u00fct\u00e7e g\u00f6r\u00fc\u015fmelerine kat\u0131ld\u0131. Bah\u00e7eli, oturuma verilen arada gazetecilerle bir araya geldi. &#8220;TERC\u0130H\u0130M SINIF ARKADA\u015eIM&#8221; 6&#8217;l\u0131 masan\u0131n cumhurba\u015fkan\u0131 aday\u0131n\u0131n belirlenmesi i\u00e7in anket yapt\u0131raca\u011f\u0131 [&hellip;]<\/p>\n","protected":false},"author":1,"featured_media":1569,"comment_status":"open","ping_status":"closed","sticky":false,"template":"","format":"standard","meta":{"footnotes":""},"categories":[12],"tags":[29],"class_list":["post-1567","post","type-post","status-publish","format-standard","has-post-thumbnail","hentry","category-siyaset","tag-siyaset"],"_links":{"self":[{"href":"https:\/\/avukatimtv.com\/index.php\/wp-json\/wp\/v2\/posts\/1567","targetHints":{"allow":["GET"]}}],"collection":[{"href":"https:\/\/avukatimtv.com\/index.php\/wp-json\/wp\/v2\/posts"}],"about":[{"href":"https:\/\/avukatimtv.com\/index.php\/wp-json\/wp\/v2\/types\/post"}],"author":[{"embeddable":true,"href":"https:\/\/avukatimtv.com\/index.php\/wp-json\/wp\/v2\/users\/1"}],"replies":[{"embeddable":true,"href":"https:\/\/avukatimtv.com\/index.php\/wp-json\/wp\/v2\/comments?post=1567"}],"version-history":[{"count":0,"href":"https:\/\/avukatimtv.com\/index.php\/wp-json\/wp\/v2\/posts\/1567\/revisions"}],"wp:featuredmedia":[{"embeddable":true,"href":"https:\/\/avukatimtv.com\/index.php\/wp-json\/wp\/v2\/media\/1569"}],"wp:attachment":[{"href":"https:\/\/avukatimtv.com\/index.php\/wp-json\/wp\/v2\/media?parent=1567"}],"wp:term":[{"taxonomy":"category","embeddable":true,"href":"https:\/\/avukatimtv.com\/index.php\/wp-json\/wp\/v2\/categories?post=1567"},{"taxonomy":"post_tag","embeddable":true,"href":"https:\/\/avukatimtv.com\/index.php\/wp-json\/wp\/v2\/tags?post=1567"}],"curies":[{"name":"wp","href":"https:\/\/api.w.org\/{rel}","templated":true}]}}