{"id":1570,"date":"2024-04-06T16:57:49","date_gmt":"2024-04-06T13:57:49","guid":{"rendered":"https:\/\/haberv8.thewpdemo.com\/tbmmde-butce-gorusmeleri-oktay-turkiye-ekonomisi-olumlu-yonde-ayristi\/-1570.html"},"modified":"2024-04-06T16:57:49","modified_gmt":"2024-04-06T13:57:49","slug":"tbmmde-butce-gorusmeleri-oktay-turkiye-ekonomisi-olumlu-yonde-ayristi","status":"publish","type":"post","link":"https:\/\/avukatimtv.com\/index.php\/2024\/04\/06\/tbmmde-butce-gorusmeleri-oktay-turkiye-ekonomisi-olumlu-yonde-ayristi\/","title":{"rendered":"TBMM&#8217;de b\u00fct\u00e7e g\u00f6r\u00fc\u015fmeleri! Oktay: T\u00fcrkiye ekonomisi olumlu y\u00f6nde ayr\u0131\u015ft\u0131"},"content":{"rendered":"<p>TBMM Genel Kurulu, Meclis Ba\u015fkan\u0131 Mustafa \u015eentop ba\u015fkanl\u0131\u011f\u0131nda, 2023 Y\u0131l\u0131 Merkezi Y\u00f6netim B\u00fct\u00e7e Kanunu Teklifi&#8217;ni g\u00f6r\u00fc\u015fmek \u00fczere topland\u0131. Cumhurba\u015fkan\u0131 Yard\u0131mc\u0131s\u0131 Fuat Oktay, h\u00fckumet ad\u0131na b\u00fct\u00e7e sunumunu yapt\u0131. Oktay, h\u00fckumetin 2023 b\u00fct\u00e7e teklifinin hedef ve ama\u00e7lar\u0131n\u0131 anlatarak, &#8220;\u00dclkemize ve milletimize itibar, refah ve g\u00fc\u00e7 kazand\u0131ran politikalar\u0131m\u0131zla \u00f6n\u00fcm\u00fczdeki y\u0131l milletten ald\u0131\u011f\u0131m\u0131z g\u00fcc\u00fc yine milletimize sunmaya haz\u0131rlan\u0131yoruz. 2023 b\u00fct\u00e7e kanunu teklifimizin temel misyonu; insan\u0131m\u0131z\u0131 k\u00fcresel belirsizliklerden ve risklerden koruyacak, her kesimden vatanda\u015f\u0131m\u0131z\u0131 kollayacak bir mali altyap\u0131 olu\u015fturmakt\u0131r. B\u00fct\u00e7e teklifimiz, milletimizin ihtiya\u00e7lar\u0131na odaklanan bir b\u00fct\u00e7e olarak adil ve sosyal bir anlay\u0131\u015fa sahiptir&#8221; dedi.\u00a0<\/p>\n<p><strong>&#8216;TER\u00d6R BATAKLIKLARINI KURUTAN T\u00dcRK\u0130YE&#8217;N\u0130N B\u00dcT\u00c7ES\u0130&#8217;<\/strong><\/p>\n<p>B\u00fct\u00e7enin; toplumun t\u00fcm kesimlerine hitap eden, sahip \u00e7\u0131kan programlar, destekler ve \u00f6denekler i\u00e7erdi\u011fini s\u00f6yleyen Oktay, &#8220;100&#8217;\u00fcnc\u00fc y\u0131l\u0131n b\u00fct\u00e7esi yat\u0131r\u0131m, \u00fcretim, istihdam, ihracat ve b\u00fcy\u00fcme odakl\u0131 bir yap\u0131da. B\u00fct\u00e7emiz;\u00a0kalem kalem i\u015f\u00e7isinden i\u015fverenine, \u00e7ift\u00e7iden esnafa, emekliye, \u00f6\u011fretmenlerimizden emniyet g\u00fc\u00e7lerimize, KOB\u0130&#8217;lerimizden sanat\u00e7\u0131lar\u0131m\u0131za; genci\u00a0ya\u015fl\u0131s\u0131 dezavantajl\u0131 t\u00fcm bireyleriyle 85 milyonun b\u00fct\u00e7esi. Bu topra\u011f\u0131n ba\u011fr\u0131nda s\u0131rada\u011flar gibi duran \u015fehitlerimizin aziz hat\u0131ras\u0131na sahip \u00e7\u0131karak ter\u00f6r batakl\u0131klar\u0131n\u0131 kurutan T\u00fcrkiye&#8217;nin b\u00fct\u00e7esidir. Etraf\u0131nda olan\u0131 biteni trib\u00fcnden seyretmek yerine krizlere m\u00fcdahil olan, \u00e7\u00f6z\u00fcm geli\u015ftiren, sava\u015fan taraflar\u0131 dahi ayn\u0131 zeminde bulu\u015fturan muktedir T\u00fcrkiye&#8217;nin b\u00fct\u00e7esidir. T\u00fcrkiye&#8217;nin otomobili Togg&#8217;u geli\u015ftirmekle yetinmeyip, bataryas\u0131na kadar milli imkanlarla \u00fcretecek ek ad\u0131mlar\u0131 atabilen \u00fcretim ekosistemimizin b\u00fct\u00e7esidir&#8221; diye konu\u015ftu.\u00a0<\/p>\n<p><strong>&#8216;EKONOM\u0130DE G\u00dc\u00c7L\u00dc VE DENGEL\u0130 B\u00dcY\u00dcME BEKLEN\u0130YOR&#8217;<\/strong><\/p>\n<p>K\u00fcresel krize de\u011finen Fuat Oktay, krizden itibaren kesintisiz b\u00fcy\u00fcmeyi ba\u015faran T\u00fcrkiye ekonomisinin, 2020 y\u0131l\u0131n\u0131n ikinci yar\u0131s\u0131ndan itibaren al\u0131nan etkili \u00f6nlemler sayesinde bir\u00e7ok \u00fclkenin keskin daralma ya\u015fad\u0131\u011f\u0131 salg\u0131n d\u00f6neminde de b\u00fcy\u00fcyerek olumlu y\u00f6nde ayr\u0131\u015fmay\u0131 ba\u015fard\u0131\u011f\u0131n\u0131 s\u00f6yledi. Oktay, &#8220;Son d\u00f6nemde ger\u00e7ekle\u015ftirdi\u011fimiz b\u00fcy\u00fcme performans\u0131 istihdama da yans\u0131m\u0131\u015ft\u0131r. Salg\u0131n\u0131n etkilerinin en yo\u011fun hissedildi\u011fi 2020 y\u0131l\u0131 ikinci \u00e7eyre\u011finden 2022 y\u0131l\u0131 \u00fc\u00e7\u00fcnc\u00fc \u00e7eyre\u011fine kadar olan d\u00f6nemde mevsimsel etkilerden ar\u0131nd\u0131r\u0131lm\u0131\u015f olarak 4 milyon 900 bin istihdam art\u0131\u015f\u0131 sa\u011flanm\u0131\u015ft\u0131r. 2022 y\u0131l\u0131 eyl\u00fcl ay\u0131 ile 2020 y\u0131l\u0131 nisan ay\u0131 mevsimsel etkilerden ar\u0131nd\u0131r\u0131lm\u0131\u015f verileri kar\u015f\u0131la\u015ft\u0131r\u0131ld\u0131\u011f\u0131nda, s\u00f6z konusu art\u0131\u015f 5 milyon 540 bin ki\u015fiye ula\u015fmaktad\u0131r. Jeopolitik sorunlar\u0131n ve k\u00fcresel durgunluk endi\u015felerinin g\u00fcndemi me\u015fgul etmeye ba\u015flad\u0131\u011f\u0131 2022 y\u0131l\u0131n\u0131n genelinde T\u00fcrkiye ekonomisinin Orta Vadeli Program tahminlerimizle uyumlu olarak y\u00fczde 5 civar\u0131nda g\u00fc\u00e7l\u00fc ve dengeli bir b\u00fcy\u00fcme sergilemesi beklenmektedir. B\u00f6ylece T\u00fcrkiye mevcut d\u00f6nemdeki zorlu s\u0131namalara ra\u011fmen hedeflerine ula\u015fma kararl\u0131l\u0131\u011f\u0131n\u0131 s\u00fcrd\u00fcrecektir&#8221; dedi.<\/p>\n<p><strong>&#8216;MEGA ESERLER KAZANDIRDIK&#8217;<\/strong><\/p>\n<p>Cumhuriyetin kurulu\u015funun 100&#8217;\u00fcnc\u00fc y\u0131l\u0131na ilerlerken, tarihten devrald\u0131klar\u0131 birikime sahip \u00e7\u0131karak, T\u00fcrkiye&#8217;yi daha ileri noktalara ta\u015f\u0131mak i\u00e7in gece g\u00fcnd\u00fcz \u00e7al\u0131\u015ft\u0131klar\u0131n\u0131 vurgulayan Oktay, &#8220;Enerji, turizm, ula\u015ft\u0131rma, altyap\u0131 ve sanayi gibi alanlarda yapt\u0131\u011f\u0131m\u0131z at\u0131l\u0131mlar, d\u00fcnyan\u0131n birinci liginde &#8216;\u0130ddia sahibi bir T\u00fcrkiye&#8217; vizyonumuzun \u00e7\u0131kt\u0131lar\u0131d\u0131r. Devrim niteli\u011finde reformlar, 81 ilimizde izlerini g\u00f6rebilece\u011fimiz kalk\u0131nma hamleleri ve dev eserler, milletimiz i\u00e7in daima daha iyiyi hedefleyen yakla\u015f\u0131m\u0131m\u0131zla ger\u00e7ekle\u015fti. Cumhurba\u015fkan\u0131&#8217;m\u0131z liderli\u011finde milletin iradesini daima her \u015feyin \u00fczerinde tutarak 85 milyon vatanda\u015f\u0131m\u0131z\u0131n ihtiyac\u0131n\u0131, beklentilerini ve gelece\u011fini d\u00fc\u015f\u00fcnerek hareket ettik. Bug\u00fcn de ayn\u0131 hassasiyetle att\u0131\u011f\u0131m\u0131z t\u00fcm ad\u0131mlar\u0131 milletimiz i\u00e7in en iyi sonu\u00e7lar\u0131 alacak \u015fekilde belirliyoruz. Biz b\u00fct\u00e7emize, Cumhurba\u015fkanl\u0131\u011f\u0131 H\u00fck\u00fcmet Sistemi&#8217;nin kamudaki i\u015fleyi\u015fe kazand\u0131rd\u0131\u011f\u0131 dinamizme ve cumhurba\u015fkan\u0131m\u0131z liderli\u011finde sahip oldu\u011fumuz sars\u0131lmaz iradeye g\u00fcveniyoruz. Ta\u015f\u0131d\u0131\u011f\u0131m\u0131z bu g\u00fcven, milletimizle birlikte g\u00f6n\u00fcl co\u011frafyam\u0131z\u0131n dualar\u0131 ve deste\u011fiyle 2022 y\u0131l\u0131nda, k\u00fcresel t\u00fcm olumsuz atmosfere ra\u011fmen, mega eserler silsilesi denilebilecek hizmetleri milletimize kazand\u0131rd\u0131k. Yine pek \u00e7ok alanda ba\u015far\u0131 hikayelerimize yenilerini ekledik. Sadece tek bir bakanl\u0131\u011f\u0131m\u0131z\u0131n 2022 icraatlar\u0131na tek tek odaklanal\u0131m desek, g\u00fcn boyu anlatsak bitiremeyiz&#8221; diye konu\u015ftu.\u00a0<\/p>\n<p>Enerjide ve sanayide kapasite ve kabiliyetleri ile yerlile\u015ftirme ve millile\u015ftirme ad\u0131mlar\u0131 atmaya devam edeceklerini kaydeden Oktay, &#8220;\u00dcretimi yayg\u0131nla\u015ft\u0131rarak sanayiden tar\u0131ma her alanda istihdam, i\u015f, a\u015f imkanlar\u0131n\u0131 \u00e7o\u011faltt\u0131k. Ekonomiyi b\u00fcy\u00fct\u00fcp refah\u0131 tabana yaymay\u0131 ama\u00e7layan politikalarla ki\u015fi ba\u015f\u0131na d\u00fc\u015fen milli geliri tekrar 10 bin dolar\u0131n \u00fczerine \u00e7\u0131kart\u0131yoruz&#8221; dedi.<\/p>\n<p><strong>&#8216;ENERJ\u0130DE DI\u015eA BA\u011eIMLILI\u011eI AZALTMAYI HEDEFL\u0130YORUZ&#8217;<\/strong><\/p>\n<p>Cumhurba\u015fkan\u0131 Yard\u0131mc\u0131s\u0131 Oktay, 2023-2025 y\u0131llar\u0131n\u0131 kapsayan Orta Vadeli Program ile k\u00fcresel \u00e7apta ya\u015fanan zorlu s\u0131namalara ra\u011fmen T\u00fcrkiye&#8217;yi hedeflerine en sa\u011fl\u0131kl\u0131 \u015fekilde ula\u015ft\u0131rmay\u0131 ve bu s\u00fcre\u00e7teki kazan\u0131mlar\u0131\u00a0da korumay\u0131 ama\u00e7lad\u0131klar\u0131n\u0131 belirterek, \u015funlar\u0131 kaydetti:\u00a0<\/p>\n<p>&#8220;2023 y\u0131l\u0131nda hedefledi\u011fimiz b\u00fcy\u00fcme art\u0131\u015f\u0131 ile 2002 y\u0131l\u0131nda 9 bin 279 dolar olan sat\u0131n alma g\u00fcc\u00fc paritesine g\u00f6re ki\u015fi ba\u015f\u0131na gelirimizi program d\u00f6nemi sonunda yakla\u015f\u0131k 44 bin dolar d\u00fczeyine \u00e7\u0131karmay\u0131 ama\u00e7l\u0131yoruz. Bu ama\u00e7 do\u011frultusunda, ihracat odakl\u0131 b\u00fcy\u00fcme stratejimiz verimli ve rekabet\u00e7i bir \u015fekilde devam ettirilecektir. Program d\u00f6nemi boyunca istihdam\u0131n y\u0131ll\u0131k ortalama 890 bin ki\u015fi artmas\u0131 ve i\u015f g\u00fcc\u00fcne kat\u0131l\u0131m oranlar\u0131ndaki \u00f6ng\u00f6r\u00fclen art\u0131\u015fa ra\u011fmen i\u015fsizlik oran\u0131n\u0131n kademeli olarak gerileyerek 2025 y\u0131l\u0131nda y\u00fczde 9,6 seviyesinde ger\u00e7ekle\u015fmesi tahmin edilmektedir. S\u00fcrd\u00fcr\u00fclebilir kalk\u0131nmaya y\u00f6nelik yat\u0131r\u0131m-istihdam, \u00fcretim-ihracat hedefleri do\u011frultusunda reel sekt\u00f6re uygun finansman sa\u011flanmas\u0131 yoluyla \u00fcretim g\u00fcc\u00fcm\u00fcz\u00fc koruyacak, arz yeterlili\u011fi ve cari dengede kal\u0131c\u0131 iyile\u015fmeyi sa\u011flayaca\u011f\u0131z. Lirala\u015fma stratejisi \u00e7er\u00e7evesinde hane halk\u0131 ve firma bilan\u00e7olar\u0131nda T\u00fcrk liras\u0131 pay\u0131n\u0131n artarak para ikamesinin ortadan kalkmas\u0131, fiyatlama davran\u0131\u015flar\u0131n\u0131n normalle\u015fmesi ve g\u00fc\u00e7l\u00fc kurumsal yap\u0131yla birlikte enflasyon beklentileri iyile\u015fecek, d\u00f6nem sonunda enflasyon oran\u0131 tek hanelere d\u00fc\u015f\u00fcr\u00fclecektir. Program d\u00f6neminde, cari i\u015flemler a\u00e7\u0131\u011f\u0131n\u0131n kademeli bir \u015fekilde azalt\u0131lmas\u0131n\u0131 hedefliyoruz. Bu kapsamda katma de\u011ferli \u00fcretimi art\u0131rmak, yenilenebilir enerjinin pay\u0131n\u0131 daha da y\u00fckseltirken enerji teknolojilerini yerli ve milli imkanlarla geli\u015ftirmek, elektrik motorlu ara\u00e7 end\u00fcstrisi ve mobilite ekosistemini hayata ge\u00e7irmek, dijital ekonomiden daha fazla pay almak ve i\u015f g\u00fcc\u00fcn\u00fcn niteliklerini iyile\u015ftirmek i\u00e7in kapsaml\u0131 politikalar uyguluyoruz. Di\u011fer yandan, 2023 ba\u015f\u0131nda Karadeniz&#8217;deki do\u011fal gaz \u00e7al\u0131\u015fmalar\u0131n\u0131n tamamlanmas\u0131 ve yeni rezervlerin ke\u015ffi ile enerjide d\u0131\u015fa ba\u011f\u0131ml\u0131l\u0131\u011f\u0131m\u0131z\u0131 azaltmay\u0131 ve cari i\u015flemler dengesi ile d\u0131\u015f finansman ihtiyac\u0131 \u00fczerindeki bask\u0131y\u0131 daha da a\u015fa\u011f\u0131 \u00e7ekmeyi hedefliyoruz.&#8221;<\/p>\n<\/p>\n<p><strong>\u0130Y\u0130 PART\u0130L\u0130 DERV\u0130\u015eO\u011eLU: MECL\u0130S&#8217;\u0130N B\u00dcT\u00c7E YETK\u0130S\u0130 EL\u0130NDEN ALINDI<\/strong><\/p>\n<p>TBMM Genel Kurulunda, Cumhurba\u015fkan\u0131 Fuat Oktay&#8217;\u0131n b\u00fct\u00e7e sunumunun ard\u0131ndan siyasi parti gruplar\u0131 s\u00f6z ald\u0131. \u0130Y\u0130 Parti grubu ad\u0131na, Grup Ba\u015fkan Vekilleri M\u00fcsavat Dervi\u015fo\u011flu ve Erhan Usta konu\u015ftu. Dervi\u015fo\u011flu, Cumhurba\u015fkanl\u0131\u011f\u0131 H\u00fck\u00fcmet Sistemi ile Meclis&#8217;in b\u00fct\u00e7e yapma yetkisinin fiilen elinden al\u0131nd\u0131\u011f\u0131n\u0131 belirterek, &#8220;Partili Cumhurba\u015fkanl\u0131\u011f\u0131 sisteminden \u00f6nce, bir sonraki y\u0131l\u0131n b\u00fct\u00e7eleri toplumu heyecanland\u0131r\u0131rd\u0131. \u00c7\u00fcnk\u00fc millet, b\u00fct\u00e7enin sorunlar\u0131na \u00e7\u00f6z\u00fcm getirmesini \u00fcmit ederdi. Millet hakl\u0131 olarak; yeni b\u00fct\u00e7e ile birlikte gelirinin artmas\u0131n\u0131, menfaatinin korunmas\u0131n\u0131 beklerdi. Ancak y\u00fcr\u00fctme erkinin &#8216;Kabile Reisi&#8217; yetkileriyle donat\u0131ld\u0131\u011f\u0131 Cumhurba\u015fkanl\u0131\u011f\u0131 H\u00fck\u00fcmet Sistemi&#8217;nde b\u00fct\u00e7e teklifi, i\u00e7eri\u011finin ve ak\u0131betinin hi\u00e7 kimse taraf\u0131ndan merak edilmedi\u011fi bir s\u0131radan rit\u00fcele d\u00f6n\u00fc\u015fm\u00fc\u015ft\u00fcr&#8221; de\u011ferlendirmesinde bulundu.<\/p>\n<p>\u0130Y\u0130 Parti Grup Ba\u015fkan Vekili Erhan Usta da, bu y\u0131lki b\u00fct\u00e7e harcamalar\u0131n\u0131n ge\u00e7en y\u0131la g\u00f6re y\u00fczde 155 artt\u0131\u011f\u0131n\u0131 ifade ederek, &#8220;B\u00fct\u00e7enin bu kadar b\u00fcy\u00fcmesi hizmetin b\u00fcy\u00fcmesinden filan de\u011fil; ekonomik g\u00f6stergelerin son derece bozuk olmas\u0131ndan kaynaklan\u0131yor. Bu, 100 y\u0131ll\u0131k tarihimizde bir defa olmu\u015f. 2022 b\u00fct\u00e7esinde \u00e7ok b\u00fcy\u00fck bir sapma var; \u015fu anda h\u00fck\u00fcmetin getirdi\u011fi harcama tutar\u0131, 2022 b\u00fct\u00e7esinin ba\u015flang\u0131\u00e7 b\u00fct\u00e7esinin y\u00fczde 179&#8217;u. Bu da 1943 y\u0131l\u0131ndan beri yani \u0130kinci D\u00fcnya Sava\u015f\u0131 y\u0131llar\u0131ndan beri ilk defa ya\u015fad\u0131\u011f\u0131m\u0131z bir \u015fey yani 79 y\u0131ld\u0131r ya\u015fanmayan bir ay\u0131b\u0131 da bu millete AK Parti h\u00fck\u00fcmetleri bu \u015fekilde ya\u015fatm\u0131\u015f oldu&#8221; dedi.<\/p>\n<p><strong>MHP&#8217;L\u0130 AK\u00c7AY: T\u00dcRK\u0130YE \u0130ST\u0130KRARLA K\u00d6K SALMAKTA<\/strong><\/p>\n<p>MHP grubu ad\u0131na ise Grup Ba\u015fkan Vekilleri Erkan Ak\u00e7ay ile Muhammet Levent B\u00fclb\u00fcl s\u00f6z ald\u0131. MHP Grup Ba\u015fkan Vekili Erkan Ak\u00e7ay, Cumhurba\u015fkanl\u0131\u011f\u0131 H\u00fck\u00fcmet Sistemi&#8217;ni savunarak, &#8220;T\u00fcrkiye, Cumhurba\u015fkanl\u0131\u011f\u0131 H\u00fck\u00fcmet Sistemi&#8217;nin y\u00f6netimde sa\u011flad\u0131\u011f\u0131 istikrar ile adeta bir \u00e7\u0131nar gibi k\u00f6k salmakta, \u00f6zg\u00fcn bir model olarak t\u00fcm d\u00fcnyaya \u00f6rnek olmaktad\u0131r. Siyasi ve demokrasi tarihimiz darbelerle, muht\u0131ralarla, vesayet giri\u015fimleriyle kesintiye u\u011fram\u0131\u015ft\u0131. Sistemden kaynaklanan sorunlar nedeniyle \u00e7ok say\u0131da h\u00fck\u00fcmet krizleri \u00e7\u0131km\u0131\u015f, istikrars\u0131z h\u00fck\u00fcmetlerin deneme-yan\u0131lma y\u00f6ntemiyle \u00fclke meseleleri adeta yap-boz tahtas\u0131na \u00e7evrilmi\u015fti. Memleketin temel meseleleri ortada kalm\u0131\u015ft\u0131. T\u00fcrkiye, Cumhurba\u015fkanl\u0131\u011f\u0131 H\u00fck\u00fcmet Sistemi&#8217;yle istikrar\u0131n\u0131 sa\u011flam\u0131\u015ft\u0131r. Bu \u00e7ok \u00f6nemli bir kazan\u0131md\u0131r. 4 y\u0131l\u0131 ba\u015far\u0131yla geride b\u0131rakan bu sistemle \u00fclkemiz kaybolan y\u0131llar\u0131n\u0131 telafi etmektedir&#8221; diye konu\u015ftu.<\/p>\n<p>MHP Grup Ba\u015fkan Vekili Muhammet Levent B\u00fclb\u00fcl de, enflasyonla m\u00fccadele kapsam\u0131nda para ve maliye politikalar\u0131n\u0131n e\u015f g\u00fcd\u00fcml\u00fc olarak s\u00fcrd\u00fcr\u00fclmesi, arz ve talepteki dengesizliklere yol a\u00e7an olumsuzluklar\u0131n \u00f6nlenmesi ve engellenmesinin \u00f6nemine dikkat \u00e7ekerek, &#8220;B\u00f6yle bir d\u00f6nemde, \u00f6zellikle piyasada &#8216;stok\u00e7uluk&#8217; olarak bilinen faaliyetlerin \u00f6n\u00fcne ge\u00e7ilmesi ve haks\u0131z fiyat art\u0131\u015flar\u0131n\u0131n engellenmesi amac\u0131yla ilgili bakanl\u0131klar\u0131m\u0131z eliyle denetim faaliyetlerinin art\u0131r\u0131ld\u0131\u011f\u0131n\u0131 g\u00f6rmekteyiz. Bu s\u00fcre\u00e7te piyasada hakim durumda bulunan ve bu hakim durumlar\u0131n\u0131 k\u00f6t\u00fcye kullanan yap\u0131lar\u0131n \u00fczerine kararl\u0131l\u0131kla gidilmesi son derece \u00f6nemlidir. Haks\u0131z fiyat art\u0131\u015flar\u0131yla vatanda\u015f\u0131m\u0131z\u0131 ve devletimizi zor duruma sokmaya \u00e7al\u0131\u015fan ahlaks\u0131zlar tespit edilip if\u015fa edilmeli ve hukuken kendilerinden hesap sorulmal\u0131d\u0131r&#8221; a\u00e7\u0131klamas\u0131nda bulundu.<\/p>\n<p>HDP grubu ad\u0131na konu\u015fan E\u015f Genel Ba\u015fkan\u0131 Pervin Buldan da, h\u00fck\u00fcmetin 2023 y\u0131l\u0131 b\u00fct\u00e7e teklifini ele\u015ftirerek, &#8220;Halk\u0131n sofras\u0131ndaki ekme\u011fi daha da k\u00fc\u00e7\u00fcltme, yoksullu\u011fu, adaletsizli\u011fi, e\u015fitsizli\u011fi b\u00fcy\u00fctme b\u00fct\u00e7esidir. M\u00fczakereden ve kat\u0131l\u0131mdan uzak, &#8216;ben yapt\u0131m oldu, bitti&#8217; anlay\u0131\u015f\u0131yla haz\u0131rlanan bir AK Parti-MHP b\u00fct\u00e7esiyle kar\u015f\u0131 kar\u015f\u0131yay\u0131z. Buyurun asgari \u00fccreti HDP&#8217;nin teklifi olan 12 bin 500 lira yapal\u0131m. Ama yapmayaca\u011f\u0131n\u0131z\u0131 ve yapamayaca\u011f\u0131n\u0131z\u0131 biliyoruz&#8221; dedi.<\/p>\n<p>HDP E\u015f Genel Ba\u015fkan\u0131 Mithat Sancar da, h\u00fck\u00fcmetin 2023 y\u0131l\u0131 b\u00fct\u00e7esinin, &#8216;se\u00e7im b\u00fct\u00e7esi&#8217; oldu\u011funu ve bu b\u00fct\u00e7enin, AK Parti h\u00fck\u00fcmetinin son b\u00fct\u00e7esi oldu\u011funu s\u00f6yledi.<\/p>\n<p><span style=\"color: #ff0000;\"><strong>2023 b\u00fct\u00e7esinin Genel Kurul&#8217;daki g\u00f6r\u00fc\u015fme takvimi \u015f\u00f6yle:<\/strong><\/span><\/p>\n<p><strong>6 Aral\u0131k Sal\u0131:<\/strong> T\u00fcrkiye B\u00fcy\u00fck Millet Meclisi, Adalet Bakanl\u0131\u011f\u0131, Gen\u00e7lik ve Spor Bakanl\u0131\u011f\u0131, Anayasa Mahkemesi, Yarg\u0131tay, Dan\u0131\u015ftay, Say\u0131\u015ftay, Kamu Denet\u00e7ili\u011fi Kurumu, Ceza ve \u0130nfaz Kurumlar\u0131 ile Tutukevleri \u0130\u015f Yurtlar\u0131 Kurumu, T\u00fcrkiye Adalet Akademisi, Hakimler ve Savc\u0131lar Kurulu, T\u00fcrkiye \u0130nsan Haklar\u0131 ve E\u015fitlik Kurumu, Ki\u015fisel Verileri Koruma Kurumu.<\/p>\n<p><strong>7 Aral\u0131k \u00c7ar\u015famba:<\/strong> Enerji ve Tabii Kaynaklar Bakanl\u0131\u011f\u0131, Ticaret Bakanl\u0131\u011f\u0131, \u00c7evre, \u015eehircilik ve \u0130klim De\u011fi\u015fikli\u011fi Bakanl\u0131\u011f\u0131, Enerji Piyasas\u0131 D\u00fczenleme Kurumu, N\u00fckleer D\u00fczenleme Kurumu, Maden Tetkik ve Arama Genel M\u00fcd\u00fcrl\u00fc\u011f\u00fc, Maden ve Petrol \u0130\u015fleri Genel M\u00fcd\u00fcrl\u00fc\u011f\u00fc, T\u00fcrkiye Enerji, N\u00fckleer ve Maden Ara\u015ft\u0131rma Kurumu, Rekabet Kurumu, Helal Akreditasyon Kurumu, Meteoroloji Genel M\u00fcd\u00fcrl\u00fc\u011f\u00fc, Tapu ve Kadastro Genel M\u00fcd\u00fcrl\u00fc\u011f\u00fc, \u0130klim De\u011fi\u015fikli\u011fi Ba\u015fkanl\u0131\u011f\u0131.<\/p>\n<p><strong>8 Aral\u0131k Per\u015fembe:<\/strong> K\u00fclt\u00fcr ve Turizm Bakanl\u0131\u011f\u0131, \u00c7al\u0131\u015fma ve Sosyal G\u00fcvenlik Bakanl\u0131\u011f\u0131, Radyo ve Televizyon \u00dcst Kurulu, Devlet Opera ve Balesi Genel M\u00fcd\u00fcrl\u00fc\u011f\u00fc, Devlet Tiyatrolar\u0131 Genel M\u00fcd\u00fcrl\u00fc\u011f\u00fc, T\u00fcrkiye Yazma Eserler Kurumu Ba\u015fkanl\u0131\u011f\u0131, Vak\u0131flar Genel M\u00fcd\u00fcrl\u00fc\u011f\u00fc, T\u00fcrk \u0130\u015fbirli\u011fi ve Koordinasyon Ajans\u0131 Ba\u015fkanl\u0131\u011f\u0131, Yurtd\u0131\u015f\u0131 T\u00fcrkler ve Akraba Topluluklar Ba\u015fkanl\u0131\u011f\u0131, Atat\u00fcrk K\u00fclt\u00fcr, Dil ve Tarih Y\u00fcksek Kurumu, Atat\u00fcrk Ara\u015ft\u0131rma Merkezi, Atat\u00fcrk K\u00fclt\u00fcr Merkezi, T\u00fcrk Dil Kurumu, T\u00fcrk Tarih Kurumu, Kapadokya Alan Ba\u015fkanl\u0131\u011f\u0131, Mesleki Yeterlilik Kurumu<\/p>\n<p><strong>9 Aral\u0131k Cuma:<\/strong> Milli Savunma Bakanl\u0131\u011f\u0131, Ula\u015ft\u0131rma ve Altyap\u0131 Bakanl\u0131\u011f\u0131, Tar\u0131m ve Orman Bakanl\u0131\u011f\u0131, Bilgi Teknolojileri ve \u0130leti\u015fim Kurumu, Karayollar\u0131 Genel M\u00fcd\u00fcrl\u00fc\u011f\u00fc, Sivil Havac\u0131l\u0131k Genel M\u00fcd\u00fcrl\u00fc\u011f\u00fc, Orman Genel M\u00fcd\u00fcrl\u00fc\u011f\u00fc, Devlet Su \u0130\u015fleri Genel M\u00fcd\u00fcrl\u00fc\u011f\u00fc, T\u00fcrkiye Su Enstit\u00fcs\u00fc.<\/p>\n<p><strong>10 Aral\u0131k Cumartesi:<\/strong> Sa\u011fl\u0131k Bakanl\u0131\u011f\u0131, Aile ve Sosyal Hizmetler Bakanl\u0131\u011f\u0131, \u0130\u00e7i\u015fleri Bakanl\u0131\u011f\u0131, T\u00fcrkiye Hudut ve Sahiller Sa\u011fl\u0131k Genel M\u00fcd\u00fcrl\u00fc\u011f\u00fc, T\u00fcrkiye \u0130la\u00e7 ve T\u0131bbi Cihaz Kurumu, T\u00fcrkiye Sa\u011fl\u0131k Enstit\u00fcleri Ba\u015fkanl\u0131\u011f\u0131, Emniyet Genel M\u00fcd\u00fcrl\u00fc\u011f\u00fc, Jandarma Genel Komutanl\u0131\u011f\u0131, Sahil G\u00fcvenlik Komutanl\u0131\u011f\u0131, G\u00f6\u00e7 \u0130daresi Ba\u015fkanl\u0131\u011f\u0131, Afet ve Acil Durum Y\u00f6netimi Ba\u015fkanl\u0131\u011f\u0131.<\/p>\n<p><strong>11 Aral\u0131k Pazar:<\/strong> Sanayi ve Teknoloji Bakanl\u0131\u011f\u0131, Milli E\u011fitim Bakanl\u0131\u011f\u0131, GAP B\u00f6lge Kalk\u0131nma \u0130daresi Ba\u015fkanl\u0131\u011f\u0131, Do\u011fu Anadolu Projesi B\u00f6lge Kalk\u0131nma \u0130daresi Ba\u015fkanl\u0131\u011f\u0131, Konya Ovas\u0131 Projesi B\u00f6lge Kalk\u0131nma \u0130daresi Ba\u015fkanl\u0131\u011f\u0131, Do\u011fu Karadeniz Projesi B\u00f6lge Kalk\u0131nma \u0130daresi Ba\u015fkanl\u0131\u011f\u0131, K\u00fc\u00e7\u00fck ve Orta \u00d6l\u00e7ekli \u0130\u015fletmeleri Geli\u015ftirme ve Destekleme \u0130daresi Ba\u015fkanl\u0131\u011f\u0131, T\u00fcrk Standardlar\u0131 Enstit\u00fcs\u00fc, T\u00fcrk Patent ve Marka Kurumu, T\u00fcrkiye Bilimsel ve Teknolojik Ara\u015ft\u0131rma Kurumu, T\u00fcrkiye Bilimler Akademisi, T\u00fcrkiye Uzay Ajans\u0131, Y\u00fcksek\u00f6\u011fretim Kurulu, \u00d6l\u00e7me, Se\u00e7me ve Yerle\u015ftirme Merkezi Ba\u015fkanl\u0131\u011f\u0131, Y\u00fcksek\u00f6\u011fretim Kalite Kurulu, 127 \u00fcniversitenin b\u00fct\u00e7esi.<\/p>\n<p><strong>12 Aral\u0131k Pazartesi:<\/strong> Hazine ve Maliye Bakanl\u0131\u011f\u0131, D\u0131\u015fi\u015fleri Bakanl\u0131\u011f\u0131, Kamu \u0130hale Kurumu, Kamu G\u00f6zetimi, Muhasebe ve Denetim Standartlar\u0131 Kurumu, Bankac\u0131l\u0131k D\u00fczenleme ve Denetleme Kurumu, Sermaye Piyasas\u0131 Kurulu, Sigortac\u0131l\u0131k ve \u00d6zel Emeklilik D\u00fczenleme ve Denetleme Kurumu, Gelir \u0130daresi Ba\u015fkanl\u0131\u011f\u0131, T\u00fcrkiye \u0130statistik Kurumu, \u00d6zelle\u015ftirme \u0130daresi Ba\u015fkanl\u0131\u011f\u0131, Avrupa Birli\u011fi Ba\u015fkanl\u0131\u011f\u0131, T\u00fcrk Akreditasyon Kurumu.<\/p>\n<p><strong>13 Aral\u0131k Sal\u0131:<\/strong> Cumhurba\u015fkanl\u0131\u011f\u0131, Milli \u0130stihbarat Te\u015fkilat\u0131 Ba\u015fkanl\u0131\u011f\u0131, Milli G\u00fcvenlik Kurulu Genel Sekreterli\u011fi, Diyanet \u0130\u015fleri Ba\u015fkanl\u0131\u011f\u0131, Devlet Ar\u015fivleri Ba\u015fkanl\u0131\u011f\u0131, Milli Saraylar \u0130daresi Ba\u015fkanl\u0131\u011f\u0131, Strateji ve B\u00fct\u00e7e Ba\u015fkanl\u0131\u011f\u0131, \u0130leti\u015fim Ba\u015fkanl\u0131\u011f\u0131, Savunma Sanayii Ba\u015fkanl\u0131\u011f\u0131.<\/p>\n<p>Ayn\u0131 g\u00fcn 2023 Y\u0131l\u0131 Merkezi Y\u00f6netim B\u00fct\u00e7e Kanunu Teklifi&#8217;nin ilk 4 maddesi, 14 Aral\u0131k \u00c7ar\u015famba 9 maddesi, 15 Aral\u0131k Per\u015fembe ise 3 maddesi g\u00f6r\u00fc\u015f\u00fclecek.<\/p>\n<p>Meclisin b\u00fct\u00e7e maratonu, 16 Aral\u0131k Cuma g\u00fcn\u00fc, b\u00fct\u00e7enin t\u00fcm\u00fc \u00fczerinde yap\u0131lacak konu\u015fmalarla ve oylamayla tamamlanacak.<br \/>Gruplar ve h\u00fck\u00fcmetin turlardaki konu\u015fma s\u00fcreleri, g\u00fcnlerine g\u00f6re 60, 65, 70 ve 80 dakika olarak belirlendi.<\/p>\n","protected":false},"excerpt":{"rendered":"<p>TBMM Genel Kurulu, Meclis Ba\u015fkan\u0131 Mustafa \u015eentop ba\u015fkanl\u0131\u011f\u0131nda, 2023 Y\u0131l\u0131 Merkezi Y\u00f6netim B\u00fct\u00e7e Kanunu Teklifi&#8217;ni g\u00f6r\u00fc\u015fmek \u00fczere topland\u0131. Cumhurba\u015fkan\u0131 Yard\u0131mc\u0131s\u0131 Fuat Oktay, h\u00fckumet ad\u0131na b\u00fct\u00e7e sunumunu yapt\u0131. Oktay, h\u00fckumetin 2023 b\u00fct\u00e7e teklifinin hedef ve ama\u00e7lar\u0131n\u0131 anlatarak, &#8220;\u00dclkemize ve milletimize itibar, refah ve g\u00fc\u00e7 kazand\u0131ran politikalar\u0131m\u0131zla \u00f6n\u00fcm\u00fczdeki y\u0131l milletten ald\u0131\u011f\u0131m\u0131z g\u00fcc\u00fc yine milletimize sunmaya haz\u0131rlan\u0131yoruz. 2023 [&hellip;]<\/p>\n","protected":false},"author":1,"featured_media":1572,"comment_status":"open","ping_status":"closed","sticky":false,"template":"","format":"standard","meta":{"footnotes":""},"categories":[12],"tags":[29],"class_list":["post-1570","post","type-post","status-publish","format-standard","has-post-thumbnail","hentry","category-siyaset","tag-siyaset"],"_links":{"self":[{"href":"https:\/\/avukatimtv.com\/index.php\/wp-json\/wp\/v2\/posts\/1570","targetHints":{"allow":["GET"]}}],"collection":[{"href":"https:\/\/avukatimtv.com\/index.php\/wp-json\/wp\/v2\/posts"}],"about":[{"href":"https:\/\/avukatimtv.com\/index.php\/wp-json\/wp\/v2\/types\/post"}],"author":[{"embeddable":true,"href":"https:\/\/avukatimtv.com\/index.php\/wp-json\/wp\/v2\/users\/1"}],"replies":[{"embeddable":true,"href":"https:\/\/avukatimtv.com\/index.php\/wp-json\/wp\/v2\/comments?post=1570"}],"version-history":[{"count":0,"href":"https:\/\/avukatimtv.com\/index.php\/wp-json\/wp\/v2\/posts\/1570\/revisions"}],"wp:featuredmedia":[{"embeddable":true,"href":"https:\/\/avukatimtv.com\/index.php\/wp-json\/wp\/v2\/media\/1572"}],"wp:attachment":[{"href":"https:\/\/avukatimtv.com\/index.php\/wp-json\/wp\/v2\/media?parent=1570"}],"wp:term":[{"taxonomy":"category","embeddable":true,"href":"https:\/\/avukatimtv.com\/index.php\/wp-json\/wp\/v2\/categories?post=1570"},{"taxonomy":"post_tag","embeddable":true,"href":"https:\/\/avukatimtv.com\/index.php\/wp-json\/wp\/v2\/tags?post=1570"}],"curies":[{"name":"wp","href":"https:\/\/api.w.org\/{rel}","templated":true}]}}