{"id":1573,"date":"2024-04-06T16:57:55","date_gmt":"2024-04-06T13:57:55","guid":{"rendered":"https:\/\/haberv8.thewpdemo.com\/kadinlar-atanin-huzuruna-cikti-haberler\/-1573.html"},"modified":"2024-04-06T16:57:55","modified_gmt":"2024-04-06T13:57:55","slug":"kadinlar-atanin-huzuruna-cikti-haberler","status":"publish","type":"post","link":"https:\/\/avukatimtv.com\/index.php\/2024\/04\/06\/kadinlar-atanin-huzuruna-cikti-haberler\/","title":{"rendered":"Kad\u0131nlar Ata\u2019n\u0131n huzuruna \u00e7\u0131kt\u0131 &#8211; Haberler"},"content":{"rendered":"<p>An\u0131tkabir \u00d6zel Defteri\u2019ni imzalayan Yan\u0131k, kad\u0131nlar\u0131n siyasal, ekonomik ve toplumsal ya\u015famda varl\u0131klar\u0131n\u0131n en \u00f6nemli g\u00f6stergesinin se\u00e7me ve se\u00e7ilme hakk\u0131n\u0131n kullan\u0131m\u0131 oldu\u011funu vurgulad\u0131. Yan\u0131k, Atat\u00fcrk\u2019\u00fcn vizyonu sayesinde T\u00fcrk kad\u0131nlar\u0131n\u0131n bu medeni hakka d\u00fcnya \u00fclkelerine g\u00f6re \u00e7ok daha erken sahip oldu\u011funu belirtti. Yan\u0131k, \u201cBug\u00fcn memleketin istiklalini ve istikbalini emanet etti\u011finiz yeni nesiller, milletimize yak\u0131\u015f\u0131r bir \u015fekilde emanetinize sahip \u00e7\u0131kmaktad\u0131r. Kad\u0131nlar, t\u0131pk\u0131 istiklal m\u00fccadelemizde oldu\u011fu gibi, ayn\u0131 ruh ve kararl\u0131l\u0131kla \u00fclkemizin muas\u0131r medeniyetler seviyesine y\u00fckselmesine ve daha ileri gitmesine \u00f6nc\u00fcl\u00fck etmektedir. Cumhuriyetimizin gelecek y\u00fczy\u0131l\u0131n\u0131n \u2018T\u00fcrkiye Y\u00fczy\u0131l\u0131\u2019 olaca\u011f\u0131 inanc\u0131yla kad\u0131nlar olarak her alanda varl\u0131k g\u00f6stermeye devam edece\u011fiz\u201d ifadelerini kulland\u0131.<\/p>\n","protected":false},"excerpt":{"rendered":"<p>An\u0131tkabir \u00d6zel Defteri\u2019ni imzalayan Yan\u0131k, kad\u0131nlar\u0131n siyasal, ekonomik ve toplumsal ya\u015famda varl\u0131klar\u0131n\u0131n en \u00f6nemli g\u00f6stergesinin se\u00e7me ve se\u00e7ilme hakk\u0131n\u0131n kullan\u0131m\u0131 oldu\u011funu vurgulad\u0131. Yan\u0131k, Atat\u00fcrk\u2019\u00fcn vizyonu sayesinde T\u00fcrk kad\u0131nlar\u0131n\u0131n bu medeni hakka d\u00fcnya \u00fclkelerine g\u00f6re \u00e7ok daha erken sahip oldu\u011funu belirtti. Yan\u0131k, \u201cBug\u00fcn memleketin istiklalini ve istikbalini emanet etti\u011finiz yeni nesiller, milletimize yak\u0131\u015f\u0131r bir \u015fekilde emanetinize [&hellip;]<\/p>\n","protected":false},"author":1,"featured_media":1575,"comment_status":"open","ping_status":"closed","sticky":false,"template":"","format":"standard","meta":{"footnotes":""},"categories":[12],"tags":[29],"class_list":["post-1573","post","type-post","status-publish","format-standard","has-post-thumbnail","hentry","category-siyaset","tag-siyaset"],"_links":{"self":[{"href":"https:\/\/avukatimtv.com\/index.php\/wp-json\/wp\/v2\/posts\/1573","targetHints":{"allow":["GET"]}}],"collection":[{"href":"https:\/\/avukatimtv.com\/index.php\/wp-json\/wp\/v2\/posts"}],"about":[{"href":"https:\/\/avukatimtv.com\/index.php\/wp-json\/wp\/v2\/types\/post"}],"author":[{"embeddable":true,"href":"https:\/\/avukatimtv.com\/index.php\/wp-json\/wp\/v2\/users\/1"}],"replies":[{"embeddable":true,"href":"https:\/\/avukatimtv.com\/index.php\/wp-json\/wp\/v2\/comments?post=1573"}],"version-history":[{"count":0,"href":"https:\/\/avukatimtv.com\/index.php\/wp-json\/wp\/v2\/posts\/1573\/revisions"}],"wp:featuredmedia":[{"embeddable":true,"href":"https:\/\/avukatimtv.com\/index.php\/wp-json\/wp\/v2\/media\/1575"}],"wp:attachment":[{"href":"https:\/\/avukatimtv.com\/index.php\/wp-json\/wp\/v2\/media?parent=1573"}],"wp:term":[{"taxonomy":"category","embeddable":true,"href":"https:\/\/avukatimtv.com\/index.php\/wp-json\/wp\/v2\/categories?post=1573"},{"taxonomy":"post_tag","embeddable":true,"href":"https:\/\/avukatimtv.com\/index.php\/wp-json\/wp\/v2\/tags?post=1573"}],"curies":[{"name":"wp","href":"https:\/\/api.w.org\/{rel}","templated":true}]}}