{"id":1576,"date":"2024-04-06T16:57:56","date_gmt":"2024-04-06T13:57:56","guid":{"rendered":"https:\/\/haberv8.thewpdemo.com\/ibbdeki-teror-sorusturmasi-cumaya-kadar-tamamlanacak\/-1576.html"},"modified":"2024-04-06T16:57:56","modified_gmt":"2024-04-06T13:57:56","slug":"ibbdeki-teror-sorusturmasi-cumaya-kadar-tamamlanacak","status":"publish","type":"post","link":"https:\/\/avukatimtv.com\/index.php\/2024\/04\/06\/ibbdeki-teror-sorusturmasi-cumaya-kadar-tamamlanacak\/","title":{"rendered":"\u0130BB\u2019deki ter\u00f6r soru\u015fturmas\u0131 cumaya kadar tamamlanacak"},"content":{"rendered":"<p>\u0130\u00e7i\u015fleri Bakan Yard\u0131mc\u0131s\u0131 \u00c7atakl\u0131, bakanl\u0131\u011f\u0131n kas\u0131m ay\u0131 faaliyetlerine ili\u015fkin bilgilendirme toplant\u0131s\u0131n\u0131 d\u00fczenledi.\u00c7atakl\u0131, kas\u0131m ay\u0131nda ter\u00f6r \u00f6rg\u00fctlerine kar\u015f\u0131 k\u0131rsalda 11 bin 868, \u015fehirlerde ise toplam 1205 operasyon yap\u0131ld\u0131\u011f\u0131n\u0131, 78\u2019i PKK\/KCK, 24\u2019\u00fc DAE\u015e, biri sol ter\u00f6r \u00f6rg\u00fct\u00fc olmak \u00fczere 103 ter\u00f6ristin etkisiz hale getirildi\u011fini s\u00f6yledi. Ge\u00e7en ay 17 ter\u00f6r eylemi de engellendi.<\/p>\n","protected":false},"excerpt":{"rendered":"<p>\u0130\u00e7i\u015fleri Bakan Yard\u0131mc\u0131s\u0131 \u00c7atakl\u0131, bakanl\u0131\u011f\u0131n kas\u0131m ay\u0131 faaliyetlerine ili\u015fkin bilgilendirme toplant\u0131s\u0131n\u0131 d\u00fczenledi.\u00c7atakl\u0131, kas\u0131m ay\u0131nda ter\u00f6r \u00f6rg\u00fctlerine kar\u015f\u0131 k\u0131rsalda 11 bin 868, \u015fehirlerde ise toplam 1205 operasyon yap\u0131ld\u0131\u011f\u0131n\u0131, 78\u2019i PKK\/KCK, 24\u2019\u00fc DAE\u015e, biri sol ter\u00f6r \u00f6rg\u00fct\u00fc olmak \u00fczere 103 ter\u00f6ristin etkisiz hale getirildi\u011fini s\u00f6yledi. Ge\u00e7en ay 17 ter\u00f6r eylemi de engellendi.<\/p>\n","protected":false},"author":1,"featured_media":1580,"comment_status":"open","ping_status":"closed","sticky":false,"template":"","format":"standard","meta":{"footnotes":""},"categories":[12],"tags":[29],"class_list":["post-1576","post","type-post","status-publish","format-standard","has-post-thumbnail","hentry","category-siyaset","tag-siyaset"],"_links":{"self":[{"href":"https:\/\/avukatimtv.com\/index.php\/wp-json\/wp\/v2\/posts\/1576","targetHints":{"allow":["GET"]}}],"collection":[{"href":"https:\/\/avukatimtv.com\/index.php\/wp-json\/wp\/v2\/posts"}],"about":[{"href":"https:\/\/avukatimtv.com\/index.php\/wp-json\/wp\/v2\/types\/post"}],"author":[{"embeddable":true,"href":"https:\/\/avukatimtv.com\/index.php\/wp-json\/wp\/v2\/users\/1"}],"replies":[{"embeddable":true,"href":"https:\/\/avukatimtv.com\/index.php\/wp-json\/wp\/v2\/comments?post=1576"}],"version-history":[{"count":0,"href":"https:\/\/avukatimtv.com\/index.php\/wp-json\/wp\/v2\/posts\/1576\/revisions"}],"wp:featuredmedia":[{"embeddable":true,"href":"https:\/\/avukatimtv.com\/index.php\/wp-json\/wp\/v2\/media\/1580"}],"wp:attachment":[{"href":"https:\/\/avukatimtv.com\/index.php\/wp-json\/wp\/v2\/media?parent=1576"}],"wp:term":[{"taxonomy":"category","embeddable":true,"href":"https:\/\/avukatimtv.com\/index.php\/wp-json\/wp\/v2\/categories?post=1576"},{"taxonomy":"post_tag","embeddable":true,"href":"https:\/\/avukatimtv.com\/index.php\/wp-json\/wp\/v2\/tags?post=1576"}],"curies":[{"name":"wp","href":"https:\/\/api.w.org\/{rel}","templated":true}]}}