{"id":1578,"date":"2024-04-06T16:57:56","date_gmt":"2024-04-06T13:57:56","guid":{"rendered":"https:\/\/haberv8.thewpdemo.com\/cumhurbaskani-yardimcisi-fuat-oktaydan-kilicdarogluna-gazi-meclis-tepkisi\/-1578.html"},"modified":"2024-04-06T16:57:56","modified_gmt":"2024-04-06T13:57:56","slug":"cumhurbaskani-yardimcisi-fuat-oktaydan-kilicdarogluna-gazi-meclis-tepkisi","status":"publish","type":"post","link":"https:\/\/avukatimtv.com\/index.php\/2024\/04\/06\/cumhurbaskani-yardimcisi-fuat-oktaydan-kilicdarogluna-gazi-meclis-tepkisi\/","title":{"rendered":"Cumhurba\u015fkan\u0131 Yard\u0131mc\u0131s\u0131 Fuat Oktay&#8217;dan K\u0131l\u0131\u00e7daro\u011flu&#8217;na &#8216;Gazi Meclis&#8217; tepkisi"},"content":{"rendered":"<p>Cumhurba\u015fkan\u0131 Yard\u0131mc\u0131s\u0131 Fuat Oktay, TBMM Genel Kurulu&#8217;nda, 2023 B\u00fct\u00e7esi&#8217;nin t\u00fcm\u00fc \u00fczerine yap\u0131lan konu\u015fmalarda muhalefetin ele\u015ftirileri ve sorular\u0131na H\u00fck\u00fcmet ad\u0131na yan\u0131t verdi. Muhalefet partilerinin b\u00fct\u00e7e ele\u015ftirilerine \u00f6nce f\u0131krayla yan\u0131t veren Oktay, &#8220;Bir g\u00fcn Temel \u00e7ift g\u00f6r\u00fcyormu\u015f, Dursun&#8217;da tek g\u00f6z\u00fcn\u00fc kapatsana, demi\u015f. Say\u0131n K\u0131l\u0131\u00e7daro\u011flu T\u00fcrkiye&#8217;ye iki g\u00f6z\u00fcn\u00fc birden kapatm\u0131\u015f bir halde\u00a0bak\u0131yor.\u00a0Dolay\u0131s\u0131yla nereye baksa karanl\u0131k. Hi\u00e7bir olumlu i\u015fi, yap\u0131lan devasa yat\u0131r\u0131mlar\u0131, \u00fcretimi, kalk\u0131nmay\u0131 g\u00f6rmezden geliyor.\u00a0Hangi do\u011fruyu g\u00f6sterseniz kafas\u0131n\u0131 di\u011fer tarafa \u00e7evirmeyi tercih ediyor.\u00a0\u015eimdi b\u00f6yle bir zihniyete hangi do\u011fruyu nas\u0131l anlatacaks\u0131n\u0131z? FET\u00d6&#8217;n\u00fcn s\u00f6zc\u00fcl\u00fc\u011f\u00fcne soyunanlar\u0131n bu meclise gazi meclis demelerini beklemek hayaldir&#8221; dedi.<\/p>\n<p><strong>Oktay, CHP Genel Ba\u015fkan\u0131 Kemal K\u0131l\u0131\u00e7daro\u011flu\u2019na y\u00f6nelik ele\u015ftirilerini \u015f\u00f6yle s\u00fcrd\u00fcrd\u00fc:<\/strong><\/p>\n<p>&#8220;Ey y\u00fcce milletimiz; \u015fahit olun. Senin temsilcilerinin i\u00e7erisinde bulundu\u011fu, \u00fczerine bombalar ya\u011fm\u0131\u015f bir Meclis&#8217;e gazili\u011fi yak\u0131\u015ft\u0131rmayan bir Genel Ba\u015fkan\u0131n size vadetti\u011fi ancak, siyaset \u00fcst\u00fc dostlar\u0131 taraf\u0131ndan mandac\u0131l\u0131kla y\u00f6netilen bir \u00fclke olabilir. \u0130nan\u0131yorum ki buna cevab\u0131 y\u00fcce milletimiz verecektir. T\u00fcrkiye B\u00fcy\u00fck Millet Meclisi&#8217;nde ger\u00e7ekle\u015fen b\u00fct\u00e7e g\u00f6r\u00fc\u015fmelerinin &#8216;y\u00f6netimde saydaml\u0131k&#8217; ve &#8216;hesap verebilirlik&#8217; ilkeleri \u00e7er\u00e7evesinde kat\u0131l\u0131mc\u0131 \u015fekilde ge\u00e7mesini \u00f6nemsiyoruz.&#8221;<\/p>\n<p><strong>&#8216;VEDA MAKAMINDA OLAN S\u0130ZS\u0130N\u0130Z&#8217;<\/strong><\/p>\n<p>Oktay, daha \u00f6nce y\u0131llarda ve b\u00fct\u00e7enin komisyon g\u00f6r\u00fc\u015fmeleri s\u0131ras\u0131nda muhalefet partili s\u00f6zc\u00fclerin ele\u015ftirilerinin i\u00e7i bo\u015f oldu\u011funu s\u00f6yledi. Cumhur \u0130ttifak\u0131 olarak, &#8216;Tomurcuk derdinde k\u00f6kl\u00fc bir \u00e7\u0131nar gibi&#8217;, \u00fclkeyi her alanda tomurcukland\u0131rman\u0131n, umutlar\u0131 ye\u015fertmenin, meyveleri 85 milyon ile hep birlikte toplaman\u0131n derdinde olduklar\u0131n\u0131 dile getiren Fuat Oktay, muhalefetin ele\u015ftirilerine ayn\u0131 \u015fekilde kar\u015f\u0131l\u0131k vererek\u00a0\u015f\u00f6yle konu\u015ftu:<\/p>\n<p>&#8220;Dolay\u0131s\u0131yla biz, eserlerimizle konu\u015fuyoruz, projelerimizle konu\u015fuyoruz, yat\u0131r\u0131mlar\u0131m\u0131zla konu\u015fuyoruz. Veda dediniz ya \u015fark\u0131 s\u00f6zleriyle hem de.\u00a0Her zaman oldu\u011fu gibi &#8216;bu bir veda de\u011fil bir fatihad\u0131r&#8217;\u00a0diyoruz. Elveda de\u011fil, &#8216;Kim bu cennet vatan\u0131n u\u011fruna olmaz ki feda&#8217;\u00a0diyoruz. Veda makam\u0131nda olan sizsiniz. 20 y\u0131ld\u0131r tevecc\u00fch\u00fcn\u00fc bizlerden esirgemeyen milletimizle; ayn\u0131 bedende can gibiyiz, cana can veren kan gibiyiz, yan\u0131pta bitmez k\u00f6z gibiyiz, biz ayr\u0131lamay\u0131z. Bizim de muhalefet i\u00e7in bir \u015fark\u0131m\u0131z olacak rahmetli Kayahan&#8217;dan; &#8216;Size yine h\u00fcsran, size yine hasret var, Size yine esmer g\u00fcnler d\u00fc\u015ft\u00fc eyvah.&#8217;\u00a0Milletin sinesinden \u00e7\u0131km\u0131\u015f bir hareket olarak her bir vatanda\u015f\u0131m\u0131z\u0131n beklenti ve talepleri y\u00f6n\u00fcnde, milletimizle ayn\u0131 dili konu\u015fuyoruz. Malum dan\u0131\u015fmanlar\u0131n\u0131z\u0131n akl\u0131yla, Kandil&#8217;den ald\u0131\u011f\u0131n\u0131z emirlerle, Pensilvanya\u2019dan kula\u011f\u0131n\u0131za \u00fcflenenlerle, o siyaset \u00fcst\u00fc dedi\u011finiz karanl\u0131k dostlar\u0131n\u0131zla hareket edip s\u00f6ylem geli\u015ftirdi\u011finiz s\u00fcrece; bu millet size itibar etmez, yetki vermez.&#8221;<\/p>\n<p><strong>&#8216;S\u0130Z HALA GE\u00c7M\u0130\u015eTEK\u0130 D\u00d6NEMLER\u0130N \u00d6ZLEM\u0130N\u0130 TA\u015eIYORSUNUZ&#8217;<\/strong><\/p>\n<p>Eserleriyle konu\u015famayanlar\u0131n sermayesinin ancak alt\u0131 bo\u015f kara para iddialar\u0131, hayali uyu\u015fturucu trafi\u011fi gibi yalanlar olabilece\u011fini kaydeden Oktay, &#8220;Ne yaz\u0131k ki melankolik, geriye gitmeye sevdal\u0131 bir muhalefet anlay\u0131\u015f\u0131 ile kar\u015f\u0131 kar\u015f\u0131yay\u0131z. Biz dijital d\u00f6n\u00fc\u015f\u00fcm, uzay egemenli\u011fi, siber vatan konu\u015fuyoruz; siz hala\u00a0ge\u00e7mi\u015fteki istikrars\u0131z d\u00f6nemlerin \u00f6zlemini ta\u015f\u0131yorsunuz&#8221; de\u011ferlendirmesinde bulundu.<\/p>\n<p>Oktay, &#8216;6&#8217;l\u0131 Masa&#8217;n\u0131n, anayasa de\u011fi\u015fikli\u011fi teklifine at\u0131fta bulunarak, &#8220;Cumhurba\u015fkan\u0131 aday\u0131 diye bir vesayet\u00e7i arad\u0131\u011f\u0131n\u0131z\u0131 da biliyoruz. G\u00fc\u00e7lendirilmi\u015f de\u011fil k\u00fcflendirilmi\u015f sistem \u00f6nerilerinizle bu millete geri ad\u0131m att\u0131ramayacaks\u0131n\u0131z. T\u00fcrkiye&#8217;yi y\u00f6netme iddias\u0131nda olan bir partinin veya koalisyonun daha vizyoner olmas\u0131n\u0131 beklemek hakk\u0131m\u0131z diye d\u00fc\u015f\u00fcn\u00fcyorum. Ama nerde. Biz Cumhur \u0130ttifak\u0131 deriz arkas\u0131na tutup e\u015f anlaml\u0131s\u0131; Millet \u0130ttifak\u0131 kavram\u0131na s\u0131\u011f\u0131n\u0131rs\u0131n\u0131z, biz ad\u0131n\u0131 &#8216;T\u00fcrkiye Y\u00fczy\u0131l\u0131&#8217; koydu\u011fumuz vizyon program\u0131m\u0131z\u0131 a\u00e7\u0131klar\u0131z, arkas\u0131na &#8216;\u0130kinci Y\u00fczy\u0131l&#8217; diye bir toplama taslak piyasaya s\u00fcrersiniz&#8221;\u00a0dedi.<\/p>\n<p>K\u0131l\u0131\u00e7daro\u011flu&#8217;nun, kendine &#8216;Bay Kemal&#8217;\u00a0demeye ba\u015flad\u0131\u011f\u0131n\u0131 s\u00f6yleyen Oktay, &#8220;Yani, ele\u015ftiriyor gibi g\u00f6z\u00fck\u00fcrken, Say\u0131n Cumhurba\u015fkan\u0131m\u0131za ve Cumhur \u0130ttifak\u0131&#8217;na olan bu gizli hayranl\u0131\u011f\u0131n\u0131z halis mi? Eskiden &#8216;Erdo\u011fan b\u00f6yle de\u011fildi&#8217; diyerek eskiden daha \u00e7ok hayran oldu\u011funu da itiraf etti&#8221;\u00a0yorumunda bulundu.<\/p>\n<p>Muhalefet partililerin, Cumhurba\u015fkanl\u0131\u011f\u0131 H\u00fck\u00fcmet Sistemi&#8217;ne y\u00f6nelik ele\u015ftirilerine Oktay, &#8220;Cumhurba\u015fkanl\u0131\u011f\u0131 H\u00fck\u00fcmet Sistemi&#8217;nin kazand\u0131rd\u0131\u011f\u0131 h\u0131z, esneklik ve etkin e\u015fg\u00fcd\u00fcm sayesinde T\u00fcrkiye&#8217;yi y\u00fczlerce b\u00fcy\u00fck projeyle donatman\u0131n yan\u0131 s\u0131ra \u00fclkemiz k\u00fcresel bir g\u00fc\u00e7 olma yolunda \u00f6nemli mesafe kat etmi\u015ftir. \u00d6zellikle salg\u0131na ve do\u011fal afetlere kar\u015f\u0131 en h\u0131zl\u0131 \u015fekilde hayata ge\u00e7irdi\u011fimiz \u00f6nlemler, d\u0131\u015f politikada ve b\u00f6lgesel krizlerde s\u00fcratle ald\u0131\u011f\u0131m\u0131z aksiyonlar, her alanda yerlile\u015fme ve millile\u015fmeye y\u00f6nelik cesaretle at\u0131lan ad\u0131mlar yeni sistem sayesinde kaydedilen ilerlemenin somut neticeleridir&#8221; a\u00e7\u0131klamas\u0131nda bulundu.<\/p>\n<p><strong>&#8216;OTOMOB\u0130L SATI\u015eLARI Y\u00dcZDE 28.1 ARTTI&#8217;<\/strong><\/p>\n<p>Oktay sorulara yan\u0131t verirken,\u00a0otomobil sat\u0131\u015flar\u0131n\u0131n, ekim-kas\u0131m d\u00f6neminde bir \u00f6nceki y\u0131l\u0131n ayn\u0131 ay\u0131na g\u00f6re y\u00fczde 28.1 artt\u0131\u011f\u0131n\u0131 belirterek, &#8220;Beyaz e\u015fya sat\u0131\u015flar\u0131 2022 y\u0131l\u0131 Ekim ay\u0131nda y\u0131ll\u0131k y\u00fczde 9.1 art\u0131\u015f kaydetmi\u015ftir. Reel Kesim G\u00fcven Endeksi, 2022 y\u0131l\u0131 Kas\u0131m ay\u0131 itibar\u0131yla e\u015fik de\u011ferin \u00fczerinde kalmaya devam ederek 101,3 seviyesinde ger\u00e7ekle\u015fmi\u015ftir. 2022 y\u0131l\u0131 reel GSYH b\u00fcy\u00fcmesinin OVP (2023-25) tahminlerine g\u00f6re y\u00fczde 5 seviyesinde ger\u00e7ekle\u015fece\u011fi ve 2023-2025 d\u00f6nemi i\u00e7in ortalama y\u00fczde 5.3 olaca\u011f\u0131 \u00f6ng\u00f6r\u00fclmektedir.\u00a0Bu s\u00fcre\u00e7te net ihracat\u0131n b\u00fcy\u00fcmeye pozitif katk\u0131s\u0131n\u0131n s\u00fcrmesini bekliyoruz&#8221; diye aktard\u0131.<\/p>\n<p>2022 y\u0131l\u0131 Ocak-Kas\u0131m d\u00f6neminde ihracat\u0131n, bir \u00f6nceki y\u0131l\u0131n ayn\u0131 d\u00f6nemine g\u00f6re y\u00fczde 13.9 art\u0131\u015f g\u00f6stererek 231.2 milyar dolara y\u00fckseldi\u011fini aktaran Oktay, &#8220;Y\u0131l sonu itibar\u0131yla 250 milyar dolar\u0131n \u00fczerinde ger\u00e7ekle\u015fece\u011fini \u00f6ng\u00f6r\u00fcyoruz. Ayn\u0131 d\u00f6nemde ithalat\u0131m\u0131z ise y\u00fczde 36,6 art\u0131\u015f g\u00f6stererek 331,1 milyar dolar olarak ger\u00e7ekle\u015fmi\u015ftir. 2022 y\u0131l\u0131 ihracat\u0131n, ilk 11 ay\u0131nda bu rakam a\u015f\u0131larak 80 milyar dolara y\u00fckselmi\u015ftir. Y\u0131l sonu itibar\u0131yla 85 milyar dolar\u0131 a\u015faca\u011f\u0131 \u00f6ng\u00f6r\u00fclmektedir&#8221; dedi.<\/p>\n<p><strong>&#8216;SE\u00c7\u0130M VE SAVA\u015e B\u00dcT\u00c7ES\u0130&#8217;\u00a0ELE\u015eT\u0130R\u0130LER\u0130NE YANIT<\/strong><\/p>\n<p>Fuat Oktay, HDP&#8217;nin 2023 b\u00fct\u00e7esine y\u00f6nelik &#8216;sava\u015f b\u00fct\u00e7esi&#8217;\u00a0ele\u015ftirisine \u015f\u00f6yle yan\u0131t verdi:<\/p>\n<p>&#8220;Daha \u00f6nce Suriye&#8217;de ne i\u015fimiz var diye soranlara da ayn\u0131 netlikte cevap vermi\u015ftik. B\u00f6lgemizde bar\u0131\u015f, refah, istikrar; \u00fclkemizde demokrasi ve \u00f6zg\u00fcrl\u00fckler; sapasa\u011flam, her t\u00fcrl\u00fc tehdide kar\u015f\u0131 dimdik duran bir T\u00fcrkiye Cumhuriyeti ile m\u00fcmk\u00fcnd\u00fcr. Ter\u00f6r ve d\u00fczensiz g\u00f6\u00e7\u00fcn \u00f6nlenmesi maksad\u0131yla; kahraman Ordumuz, hudutlar\u0131m\u0131z\u0131n g\u00fcvenli\u011fini sa\u011flamakta, yurt i\u00e7i ve s\u0131n\u0131r \u00f6tesinde ba\u015fta FET\u00d6, PKK\/YPG ve DEA\u015e olmak \u00fczere t\u00fcm ter\u00f6r \u00f6rg\u00fctlerine kar\u015f\u0131 &#8216;\u00d6l\u00fcrsem \u015eehit, Kal\u0131rsam Gazi&#8217; anlay\u0131\u015f\u0131yla aral\u0131ks\u0131z m\u00fccadele etmektedir. K\u0131br\u0131s dahil denizlerimizdeki hak ve menfaatlerimiz ile semalar\u0131m\u0131z\u0131 azim ve kararl\u0131l\u0131kla korumaktad\u0131r.\u00a0Ge\u00e7mi\u015fte 15 Temmuz FET\u00d6 hain darbe giri\u015fimini masum g\u00f6stermeye \u00e7al\u0131\u015ft\u0131n\u0131z, yetmedi, eli kanl\u0131 YPG&#8217;li ter\u00f6ristleri topraklar\u0131n\u0131 savunan insanlar diye nitelendirdiniz, yetmedi, o arada toplan\u0131p koltuk kapmaca oynad\u0131\u011f\u0131n\u0131z 6\u2019l\u0131 masan\u0131n alt\u0131na ba\u015fka tabureler getirip koydunuz, yetmedi. Art\u0131k gizli ortaklar\u0131n\u0131z\u0131 da a\u00e7\u0131k ederek, milli g\u00fcvenlikten a\u00e7\u0131k\u00e7a \u00f6d\u00fcn vermemizi bekliyorsunuz.&#8221;<\/p>\n<p>Oktay, ter\u00f6rle K\u00fcrt d\u00fc\u015fmanl\u0131\u011f\u0131n\u0131 \u00f6zde\u015fle\u015ftirmenin, K\u00fcrtlere yap\u0131lan en b\u00fcy\u00fck ihanet oldu\u011funu kaydederek, &#8220;Hain ter\u00f6r; ter\u00f6r\u00fc K\u00fcrt karde\u015flerimizin ve milletimizin ba\u015f\u0131na bela edenlerin de belas\u0131 olacakt\u0131r. Belediyelerden bahsettiniz; kayyumlar\u0131n kamu kaynaklar\u0131n\u0131n, milletimizin vergilerinin PKK\/YPG&#8217;ye da\u011fa g\u00f6nderilmesini engellemesi a\u011fr\u0131n\u0131za gitti herhalde.\u00a0Kayyumlarla milletin kaynaklar\u0131 milletimize, o \u015fehrin sakinlerine gitmektedir. Zorunuza gitse de gitmese de t\u00fcm illerimizle, belediyelerimizle yerelden kalk\u0131nmaya devam edece\u011fiz&#8221;\u00a0de\u011ferlendirmesinde bulundu.<\/p>\n<p><strong>UYU\u015eTURUCU \u0130DDD\u0130ALARINA YANIT<\/strong><\/p>\n<p>Cumhurba\u015fkan\u0131 Yard\u0131mc\u0131s\u0131 Oktay, K\u0131l\u0131\u00e7daro\u011flu&#8217;nun, uyu\u015fturucu ve kara para iddialar\u0131na yan\u0131t verirken, &#8216;ispat et&#8217; \u00e7a\u011fr\u0131s\u0131nda bulunarak \u015f\u00f6yle dedi:<\/p>\n<p>&#8220;Say\u0131n K\u0131l\u0131\u00e7daro\u011flu varl\u0131k bar\u0131\u015f\u0131 uygulamalar\u0131yla uyu\u015fturucu ka\u00e7ak\u00e7\u0131lar\u0131yla, baronlar\u0131yla i\u015f birli\u011fi yap\u0131ld\u0131\u011f\u0131n\u0131 \u00dclkemizin kara para cennetine \u00e7evrildi\u011fi itham\u0131nda bulundu. Kendi \u00fclkesini uyu\u015fturucu ve kara para aklamayla itham eden bir siyasi parti Genel ba\u015fkan\u0131na cevap vermek bile zul. Kendisi uyu\u015fturucu tehdidine se\u00e7im yakla\u015f\u0131nca ve biraz da siyaset s\u0131k\u0131nt\u0131s\u0131 \u00e7ekince vak\u0131f oldu\u011fu i\u00e7in, bu acemili\u011fini de mazur g\u00f6rmek laz\u0131m. Ne yaz\u0131k ki, bir s\u00fcredir devlete att\u0131\u011f\u0131 iftiraya, devletin polisine, jandarmas\u0131na, sahil g\u00fcvenlik personeline, askerine, denizde karada havada bu m\u00fccadelede emek veren herkese, f\u00fctursuzca att\u0131\u011f\u0131 iftiraya cevap veremeyece\u011fi i\u00e7in, ispatlayamayaca\u011f\u0131 i\u00e7in, yakla\u015f\u0131k 4-5 y\u0131ll\u0131k\u00a0sosyal medya dedikodular\u0131n\u0131\u00a0 buraya ta\u015f\u0131d\u0131\u011f\u0131n\u0131\u00a0 g\u00f6rd\u00fck.&#8221;<\/p>\n<p><strong>&#8216;VARLIK BARI\u015eI&#8217; \u0130DD\u0130ALARINA YANIT\u00a0<\/strong><\/p>\n<p>Oktay, K\u0131l\u0131\u00e7daro\u011flu&#8217;nun, &#8216;varl\u0131k bar\u0131\u015f\u0131&#8217;\u00a0ile ilgili iddialar\u0131na tek tek yan\u0131t vererek, &#8220;&#8216;Yurt d\u0131\u015f\u0131ndaki varl\u0131klar\u0131n\u0131z\u0131 \u00fclkemize getirin, kay\u0131tlar\u0131n\u0131za al\u0131n, bizde bununla ilgili vergi problemi \u00e7\u0131karmayaca\u011f\u0131z.&#8217; S\u00f6yledi\u011fimiz bu. Varl\u0131k bar\u0131\u015f\u0131 uygulamalar\u0131 kapsam\u0131nda sadece, bildirim ve beyana konu edilen varl\u0131klar nedeniyle bir vergi incelemesi ve vergi tarhiyat\u0131 yap\u0131lmamas\u0131 imkan\u0131 sa\u011flanmakta. Varl\u0131k bar\u0131\u015f\u0131 uygulamas\u0131 ile bildirime veya beyana konu edilen varl\u0131klar\u0131n mevcut mevzuat\u0131m\u0131z ki buna kara para ile m\u00fccadele dahildir, \u00e7er\u00e7evesinde incelenmesinde ve gerekli yasal i\u015flemlerin yap\u0131lmas\u0131nda herhangi bir k\u0131s\u0131tlay\u0131c\u0131 h\u00fck\u00fcm yok&#8221;\u00a0dedi.<\/p>\n<p>Oktay, &#8220;Ortal\u0131\u011f\u0131 buland\u0131rmak, yasad\u0131\u015f\u0131 i\u015flemleri te\u015fvik eden bir h\u00fck\u00fcmet olarak bize iftira atmak en basit tabirle insafs\u0131zl\u0131kt\u0131r, milletimize ihanettir. Kald\u0131 ki, bu kadar abartt\u0131\u011f\u0131n varl\u0131k bar\u0131\u015f\u0131 kanununda bu y\u0131l \u00fclkemize gelen d\u00f6viz tutarlar\u0131 kar\u015f\u0131l\u0131\u011f\u0131 sadece 25,5 milyar TL (bu y\u0131l\u0131n ortalama dolar kuru ile 1,57 milyar dolard\u0131r.)\u00a0 M\u00fccadelemizin genel verileri a\u00e7\u0131s\u0131ndan, 2022 y\u0131l\u0131n\u0131n ilk on ay\u0131nda 200 bin operasyon olayda 255 bin \u015f\u00fcpheliye yasal i\u015flem yap\u0131lm\u0131\u015ft\u0131r, 23 bin 419 narkotik \u015f\u00fcphelisi tutuklanm\u0131\u015ft\u0131r. 2022 y\u0131l\u0131nda 1 ton 961 kilogram kokain yakalanmas\u0131 bile bu iddialar\u0131n alenen yalan oldu\u011funu ortaya koymaktad\u0131r&#8221; a\u00e7\u0131klamas\u0131nda bulundu.<\/p>\n<p><strong>Oktay, ele\u015ftirilere verileri a\u00e7\u0131klayarak yan\u0131t verdi:<\/strong><\/p>\n<p>&#8220;Uluslararas\u0131 \u00f6l\u00e7ekte 15-64 ya\u015f aral\u0131\u011f\u0131nda hayat\u0131nda en az bir kez madde kullanan ki\u015filerin oran\u0131, Avrupa Birli\u011fi i\u00e7in y\u00fczde 29, d\u00fcnya geneli i\u00e7in y\u00fczde 5,6&#8217;d\u0131r.\u00a0Bu oran \u00fclkemizde ise 2018 ara\u015ft\u0131rmalar\u0131na g\u00f6re y\u00fczde 3,1 olarak tespit edilmi\u015ftir ve ayn\u0131 oranda devam etmektedir. Ter\u00f6rle m\u00fccadele nas\u0131l k\u0131rm\u0131z\u0131 \u00e7izgimizse uyu\u015fturucuyla m\u00fccadele de ayn\u0131 \u015fekilde k\u0131rm\u0131z\u0131 \u00e7izgimizdir. Siz kara para aklamay\u0131 da uyu\u015fturucu trafiklerini de o karanl\u0131k dan\u0131\u015fmanlar\u0131n\u0131za sorun. \u0130\u00e7i\u015fleri Bakan\u0131m\u0131z da Plan ve B\u00fct\u00e7e Komisyonu&#8217;nda gereken cevaplar\u0131 vermi\u015ftir. T\u00fcrkiye Cumhuriyeti devletinin ve bakanlar\u0131n\u0131n uyu\u015fturucuyla ili\u015fkili oldu\u011funa dair elinde bilgi veya bulgu olup da a\u00e7\u0131klamayan namerttir.&#8221;<\/p>\n<p>Oktay, muhalefetin, Kur Korumal\u0131 Mevduat ele\u015ftirilerine, &#8220;KKM&#8217;nin b\u00fct\u00e7eye maliyeti aylar itibari ile azalm\u0131\u015f ve kas\u0131m ay\u0131 i\u00e7inde b\u00fct\u00e7eden herhangi bir aktar\u0131m yap\u0131lmam\u0131\u015ft\u0131r. Bor\u00e7lanma ve faiz \u00f6demeleriyle ilgili temelsiz yorumlar yap\u0131ld\u0131. Bor\u00e7 istatistiklerini nominal veriler \u00fczerinden de\u011ferlendirerek analiz etmenin do\u011fru bir yakla\u015f\u0131m olmad\u0131\u011f\u0131, de\u011ferlendirmenin ger\u00e7ek\u00e7i ve kar\u015f\u0131la\u015ft\u0131r\u0131labilir olabilmesi i\u00e7in uluslararas\u0131 literat\u00fcrde oldu\u011fu gibi kamu bor\u00e7 verilerinin milli gelire oran\u0131n\u0131n temel g\u00f6sterge olarak kabul edilmesi \u00f6nem arz etmektedir. Bu kapsamda faiz harcamalar\u0131n\u0131n milli gelire oran\u0131 2002 y\u0131l\u0131ndan g\u00fcn\u00fcm\u00fcze kadar ciddi bir azal\u0131\u015f g\u00f6stermi\u015ftir. Faiz harcamalar\u0131n\u0131n milli gelire oran\u0131 2002 y\u0131l\u0131nda y\u00fczde 14,3 iken, 2021 y\u0131l\u0131nda y\u00fczde 2,5\u2019e kadar gerilemi\u015ftir.\u00a02002 y\u0131l\u0131nda faiz harcamalar\u0131n\u0131n toplam harcamalardaki pay\u0131 y\u00fczde 43,2 iken, 20 y\u0131ll\u0131k d\u00f6nemde y\u00fcr\u00fct\u00fclen politikalar sonucunda Ocak-Ekim 2022 d\u00f6neminde y\u00fczde 11,5\u2019e d\u00fc\u015f\u00fcr\u00fclm\u00fc\u015f; g\u00f6r\u00fcld\u00fc\u011f\u00fc \u00fczere, hangi a\u00e7\u0131dan bak\u0131l\u0131rsa bak\u0131ls\u0131n uygulanan ekonomi politikalar\u0131n\u0131n en \u00f6nemli ba\u015far\u0131lar\u0131ndan birisi b\u00fct\u00e7e \u00fczerindeki faiz y\u00fck\u00fcn\u00fcn azalt\u0131lmas\u0131 olmu\u015ftur&#8221; dedi.<\/p>\n<p><strong>&#8216;T\u00dcRK\u0130YE Y\u00dcZYILINA G\u00dc\u00c7L\u00dc B\u0130R BA\u015eLANGI\u00c7 YAPIYORUZ&#8217;<\/strong><\/p>\n<p>Fuat Oktay, CHP s\u00f6zc\u00fcleri ve Genel Ba\u015fkan K\u0131l\u0131\u00e7daro\u011flu&#8217;nun, kabine \u00fcyelerine y\u00f6nelik ele\u015ftirilerine de sert yan\u0131t vererek \u015f\u00f6yle dedi:<\/p>\n<p>&#8220;100&#8217;\u00fcnc\u00fc y\u0131l\u0131n b\u00fct\u00e7esiyle, Cumhuriyetimizin yeni y\u00fczy\u0131l\u0131na, &#8216;T\u00fcrkiye Y\u00fczy\u0131l\u0131&#8217;na g\u00fc\u00e7l\u00fc bir ba\u015flang\u0131\u00e7 yap\u0131yoruz. Bizim kadrolar\u0131m\u0131z\u0131 3&#8217;\u00fcnc\u00fc s\u0131n\u0131f diye itham edenlere \u015fahs\u0131m ve t\u00fcm kabine arkada\u015flar\u0131m ad\u0131na sesleniyorum. Senin t\u00fcm kadrolar\u0131na da, atad\u0131\u011f\u0131n 70 ki\u015filik toplama dan\u0131\u015fmanlar\u0131n\u0131n tamam\u0131na da a\u00e7\u0131k\u00e7a meydan okuyoruz. 2053, 2071 hedeflerimizi de dahil etti\u011fimiz &#8216;T\u00fcrkiye Y\u00fczy\u0131l\u0131&#8217; program\u0131m\u0131zda bu millete s\u00f6z\u00fcm\u00fcz, sevdam\u0131z, ahdimiz var. T\u00fcrkiye Y\u00fczy\u0131l\u0131; yerli milli sa\u011fl\u0131k teknolojileriyle, y\u00fcksek teknolojik cihazlarla donan\u0131ml\u0131 hastaneleriyle ve sa\u011fl\u0131kta dijitalle\u015fmeyle sa\u011fl\u0131\u011f\u0131n y\u00fczy\u0131l\u0131, Otonom yol ve ara\u00e7lar, ula\u015f\u0131mda bulut bili\u015fim, data hub uygulamalar\u0131, depo otomasyonu ve ye\u015fil mobilite ile ula\u015ft\u0131rma ve altyap\u0131n\u0131n y\u00fczy\u0131l\u0131, okulla\u015fma oran\u0131 daha da artm\u0131\u015f, art\u0131r\u0131lm\u0131\u015f sanal ger\u00e7eklikle desteklenen mesleki e\u011fitim kurumlar\u0131, ar-ge merkezlerini de bar\u0131nd\u0131ran liseleriyle e\u011fitimin y\u00fczy\u0131l\u0131, kendi enerjisini kendi \u00fcreten; sosyal konutlar ve ye\u015fil koridorlarla \u00f6r\u00fcl\u00fc ak\u0131ll\u0131 yerle\u015fim alanlar\u0131yla \u015fehircili\u011fin y\u00fczy\u0131l\u0131 olacak. T\u00fcrkiye y\u00fczy\u0131l\u0131 vizyonumuzun \u00f6ncelikli hedeflerinden birisi, \u00fclkemizde huzurun k\u00f6kle\u015ftirilmesidir. G\u00fcvenli\u011fimize y\u00f6nelik tehditler s\u0131n\u0131rlar\u0131m\u0131za dayanmadan kayna\u011f\u0131nda bertaraf eden, yerli-milli teknolojilerle donanm\u0131\u015f, etki alan\u0131 \u00fc\u00e7 k\u0131ta, ilgi alan\u0131 ise b\u00fct\u00fcn d\u00fcnya olan bir milli savunma anlay\u0131\u015f\u0131yla stratejik g\u00fcvenli\u011fin y\u00fczy\u0131l\u0131 olacak.&#8221;<\/p>\n<p><strong>CHP&#8217;DEN &#8216;VEYSEL F\u0130L\u0130Z&#8217; SLOGANLARI<\/strong><\/p>\n<p>CHP&#8217;liler, Cumhurba\u015fkan\u0131 Yard\u0131mc\u0131s\u0131 Fuat Oktay&#8217;\u0131n konu\u015fmas\u0131 s\u0131ras\u0131nda, uyu\u015fturucu ile yakaland\u0131\u011f\u0131 iddia edilen eski diplomat\u0131n ismini &#8216;Veysel Filiz&#8217; s\u00f6yleyerek slogan att\u0131lar. CHP\u2019liler, Fuat Oktay\u2019\u0131n da konu\u015fmas\u0131n\u0131 engellemeye y\u00f6nelik giri\u015fimlerde bulundu. Oturumu y\u00f6neten Meclis Ba\u015fkan\u0131 Mustafa \u015eentop s\u0131k s\u0131k uyard\u0131.<\/p>\n<p>CHP&#8217;nin, yurt d\u0131\u015f\u0131na \u00e7\u0131karken eroinle yakalanan eski diplomat Veysel Filiz&#8217;in, Fuat Oktay ile olan foto\u011fraf\u0131n\u0131\u00a0Genel Kurul&#8217;da g\u00f6stermesine\u00a0ili\u015fkin a\u00e7\u0131klama yapan Oktay, &#8220;Kamuya a\u00e7\u0131k bir toplant\u0131da foto\u011fraf \u00e7ektirmi\u015f. Kendisini tan\u0131mam. Hi\u00e7bir irtibat\u0131m, herhangi bir konuyla ilgim yok. \u0130\u015fledi\u011fi veya kar\u0131\u015ft\u0131\u011f\u0131 su\u00e7 veya mahkeme konusunda hi\u00e7bir \u015fahs\u0131 aramad\u0131m aramam, b\u00f6yle bir \u015fey s\u00f6z konusu de\u011fil, bundan sonra da olamaz&#8221;\u00a0dedi.<\/p>\n<p><strong>AT\u0130LLA SERTEL&#8217;E KINAMA CEZASI VER\u0130LD\u0130<\/strong><\/p>\n<p>TBMM Genel Kurulu&#8217;nda, b\u00fct\u00e7e g\u00f6r\u00fc\u015fmeleri s\u0131ras\u0131nda; CHP \u0130zmir Milletvekili Atilla Sertel&#8217;e, AK Parti Samsun\u00a0Milletvekili \u00c7a\u011fatay K\u0131l\u0131\u00e7&#8217;a k\u00fcf\u00fcr etti\u011fi gerek\u00e7esiyle, Meclis \u0130\u00e7t\u00fcz\u00fc\u011f\u00fc\u00a0gere\u011fi &#8216;k\u0131nama\u2019 cezas\u0131 verildi. Meclis Ba\u015fkan\u0131 Mustafa \u015eentop, karar\u0131 Genel Kurul&#8217;a teklif ederek, oylamaya sundu. Yap\u0131lan oylamada; k\u0131nama cezas\u0131 kabul edildi.\u00a0<\/p>\n<\/p>\n<p>\u00a0<\/p>\n<\/p>\n<p>\u00a0<\/p>\n","protected":false},"excerpt":{"rendered":"<p>Cumhurba\u015fkan\u0131 Yard\u0131mc\u0131s\u0131 Fuat Oktay, TBMM Genel Kurulu&#8217;nda, 2023 B\u00fct\u00e7esi&#8217;nin t\u00fcm\u00fc \u00fczerine yap\u0131lan konu\u015fmalarda muhalefetin ele\u015ftirileri ve sorular\u0131na H\u00fck\u00fcmet ad\u0131na yan\u0131t verdi. Muhalefet partilerinin b\u00fct\u00e7e ele\u015ftirilerine \u00f6nce f\u0131krayla yan\u0131t veren Oktay, &#8220;Bir g\u00fcn Temel \u00e7ift g\u00f6r\u00fcyormu\u015f, Dursun&#8217;da tek g\u00f6z\u00fcn\u00fc kapatsana, demi\u015f. Say\u0131n K\u0131l\u0131\u00e7daro\u011flu T\u00fcrkiye&#8217;ye iki g\u00f6z\u00fcn\u00fc birden kapatm\u0131\u015f bir halde\u00a0bak\u0131yor.\u00a0Dolay\u0131s\u0131yla nereye baksa karanl\u0131k. Hi\u00e7bir olumlu i\u015fi, [&hellip;]<\/p>\n","protected":false},"author":1,"featured_media":1581,"comment_status":"open","ping_status":"closed","sticky":false,"template":"","format":"standard","meta":{"footnotes":""},"categories":[12],"tags":[29],"class_list":["post-1578","post","type-post","status-publish","format-standard","has-post-thumbnail","hentry","category-siyaset","tag-siyaset"],"_links":{"self":[{"href":"https:\/\/avukatimtv.com\/index.php\/wp-json\/wp\/v2\/posts\/1578","targetHints":{"allow":["GET"]}}],"collection":[{"href":"https:\/\/avukatimtv.com\/index.php\/wp-json\/wp\/v2\/posts"}],"about":[{"href":"https:\/\/avukatimtv.com\/index.php\/wp-json\/wp\/v2\/types\/post"}],"author":[{"embeddable":true,"href":"https:\/\/avukatimtv.com\/index.php\/wp-json\/wp\/v2\/users\/1"}],"replies":[{"embeddable":true,"href":"https:\/\/avukatimtv.com\/index.php\/wp-json\/wp\/v2\/comments?post=1578"}],"version-history":[{"count":0,"href":"https:\/\/avukatimtv.com\/index.php\/wp-json\/wp\/v2\/posts\/1578\/revisions"}],"wp:featuredmedia":[{"embeddable":true,"href":"https:\/\/avukatimtv.com\/index.php\/wp-json\/wp\/v2\/media\/1581"}],"wp:attachment":[{"href":"https:\/\/avukatimtv.com\/index.php\/wp-json\/wp\/v2\/media?parent=1578"}],"wp:term":[{"taxonomy":"category","embeddable":true,"href":"https:\/\/avukatimtv.com\/index.php\/wp-json\/wp\/v2\/categories?post=1578"},{"taxonomy":"post_tag","embeddable":true,"href":"https:\/\/avukatimtv.com\/index.php\/wp-json\/wp\/v2\/tags?post=1578"}],"curies":[{"name":"wp","href":"https:\/\/api.w.org\/{rel}","templated":true}]}}