{"id":1582,"date":"2024-04-06T16:57:58","date_gmt":"2024-04-06T13:57:58","guid":{"rendered":"https:\/\/haberv8.thewpdemo.com\/ak-parti-genel-baskanvekili-kurtulmustan-kilicdarogluna-adayliginizi-ilan-edin\/-1582.html"},"modified":"2024-04-06T16:57:58","modified_gmt":"2024-04-06T13:57:58","slug":"ak-parti-genel-baskanvekili-kurtulmustan-kilicdarogluna-adayliginizi-ilan-edin","status":"publish","type":"post","link":"https:\/\/avukatimtv.com\/index.php\/2024\/04\/06\/ak-parti-genel-baskanvekili-kurtulmustan-kilicdarogluna-adayliginizi-ilan-edin\/","title":{"rendered":"AK Parti Genel Ba\u015fkanvekili Kurtulmu\u015f&#8217;tan K\u0131l\u0131\u00e7daro\u011flu&#8217;na: Adayl\u0131\u011f\u0131n\u0131z\u0131 ilan edin!"},"content":{"rendered":"<p><strong>AK Parti Genel Ba\u015fkanvekili Numan Kurtulmu\u015f,<\/strong> &#8220;Biz milletin iradesiyle sand\u0131klardan \u00e7\u0131kar\u0131z. Biz halk\u0131n helal oylar\u0131yla iktidara geliriz ve bundan ba\u015fka bir yol tan\u0131may\u0131z. Ne 367&#8217;nin g\u00f6lgesine s\u0131\u011f\u0131n\u0131r\u0131z ne s\u00f6zde cumhuriyet mitinglerinin g\u00f6lgesine s\u0131\u011f\u0131n\u0131r\u0131z ne T\u00fcrkiye&#8217;deki birtak\u0131m vesayet odaklar\u0131n\u0131n \u00f6n\u00fcnde, k\u00fcresel vesayet odaklar\u0131n\u0131n \u00f6n\u00fcnde el pen\u00e7e divan dururuz\u201d dedi.<\/p>\n<p>TBMM Genel Kurulunda 2023 b\u00fct\u00e7e g\u00f6r\u00fc\u015fmeleri devam ediyor. AK Parti Genel Ba\u015fkanvekili Numan Kurtulmu\u015f, CHP Genel Ba\u015fkan\u0131 K\u0131l\u0131\u00e7daro\u011flu\u2019nun s\u00f6zlerine cevap vererek, \u201c\u00d6ncelikle \u015funu s\u00f6ylemek isterim ki burada s\u00fcrekli olarak gergin bir \u00fcslupla, hatta zaman zaman \u00fcstten, hakarete varan s\u00f6zlerle AK Parti Grubu&#8217;nu bir \u015fekilde muhatap alarak konu\u015fman\u0131n do\u011fru olmad\u0131\u011f\u0131n\u0131, hele hele T\u00fcrkiye&#8217;nin ikinci b\u00fcy\u00fck partisinin genel ba\u015fkan\u0131na yak\u0131\u015fmad\u0131\u011f\u0131n\u0131 ifade etmek isterim. Milletvekillerimizin nas\u0131l kimler taraf\u0131ndan belirlendi\u011fi, kimler taraf\u0131ndan se\u00e7ildi\u011fi a\u015fikard\u0131r. Biz bu Mecliste hi\u00e7bir milletvekiline hakaret etmedik, hakaret etmeyi de akl\u0131m\u0131zdan ge\u00e7irmedik. \u2018Milletvekillerini kim belirliyor\u2019 derseniz sizin milletvekillerinizi de kimin nas\u0131l belirledi\u011fini herkes biliyor. Sosyal medyaya kadar d\u00fc\u015fm\u00fc\u015f olan, \u015fu anda partinizle alakas\u0131 bulunmayan iki de\u011ferli y\u00f6neticinizin nas\u0131l, ne \u015fekilde milletvekillerinin se\u00e7ildi\u011fini biliyoruz. Milletvekilleri partilerin kurullar\u0131nda se\u00e7iliyor. Genel ba\u015fkanlar\u0131n -2008&#8217;de siz de \u00f6yle yapt\u0131n\u0131z- parti kurullar\u0131n\u0131n karar\u0131yla, milletin helal oylar\u0131yla se\u00e7iliyor. Her bir milletvekilini se\u00e7en milletin kendisidir\u201d ifadelerini kulland\u0131.<\/p>\n<p>Kurtulmu\u015f, \u015f\u00f6yle konu\u015ftu:<\/p>\n<p>\u201cHi\u00e7 kimsenin Meclise hakaret etmeye hakk\u0131 yoktur. Gazi Meclise sayg\u0131dan bahsetti\u011finde -tutanaklardan bak\u0131n- \u2018Gazi Meclis\u2019 laf\u0131n\u0131 duydu\u011fu zaman \u2018B\u0131rak\u0131n bu ayaklar\u0131\u2019 diyen T\u00fcrkiye&#8217;nin ikinci partisinin genel ba\u015fkan\u0131d\u0131r. Bu Meclis gazi bir Meclistir. AK Partilisiyle, CHP&#8217;lisiyle, HDP&#8217;lisiyle, MHP&#8217;lisiyle, \u0130Y\u0130 Partilisiyle 15 Temmuz&#8217;da hep beraber direnmi\u015f bir Meclistir. Bu Meclisin gazavat ruhunu ayaklar alt\u0131na almaya kimsenin hakk\u0131 yoktur, b\u00f6yle bir \u015fey olamaz. E\u011fer bu Meclisin gazili\u011fine sayg\u0131 duymuyorsan\u0131z, Allah a\u015fk\u0131na neye sayg\u0131 duyacaks\u0131n\u0131z?\u201d<\/p>\n<p>Kurtulmu\u015f, CHP Genel Ba\u015fkan\u0131 K\u0131l\u0131\u00e7daro\u011flu\u2019nun Cumhurba\u015fkan\u0131 Erdo\u011fan\u2019a &#8220;tiran&#8221; dedi\u011fini hat\u0131rlatarak, \u201cSay\u0131n K\u0131l\u0131\u00e7daro\u011flu, konu\u015fmalar\u0131n\u0131n sonunda s\u00fcrekli &#8216;diktat\u00f6r&#8217; dedi\u011fi Cumhurba\u015fkan\u0131na bir s\u0131fat daha ekleyerek &#8216;tiran&#8217; dedi. Halkta kar\u015f\u0131l\u0131\u011f\u0131n\u0131n kalmad\u0131\u011f\u0131n\u0131 s\u00f6yledi, halkta bir taban\u0131n\u0131n olmad\u0131\u011f\u0131n\u0131 s\u00f6yledi. Biz de K\u0131l\u0131\u00e7daro\u011flu&#8217;na diyoruz ki madem Recep Tayyip Erdo\u011fan&#8217;\u0131n halkta kar\u015f\u0131l\u0131\u011f\u0131 yoktur. Buyrun er meydan\u0131na, adayl\u0131\u011f\u0131n\u0131z\u0131 ilan edin. Zaten Say\u0131n K\u0131l\u0131\u00e7daro\u011flu&#8217;nun buradaki konu\u015fmas\u0131 bir genel kurul b\u00fct\u00e7e konu\u015fmas\u0131 de\u011fil, bir cumhurba\u015fkanl\u0131\u011f\u0131 adayl\u0131\u011f\u0131 konu\u015fmas\u0131yd\u0131\u201d \u015feklinde konu\u015ftu.<\/p>\n<p>Kurtulmu\u015f, K\u0131l\u0131\u00e7daro\u011flu\u2019nun uyu\u015fturucu paras\u0131yla cari a\u00e7\u0131\u011f\u0131n kapat\u0131ld\u0131\u011f\u0131 iddias\u0131yla ilgili de \u015funlar\u0131 s\u00f6yledi:<\/p>\n<p>\u201c7262 say\u0131l\u0131 Kanun&#8217;un -27\/12\/2020 tarihinde bu Mecliste kabul edilen kanunun- bir derne\u011fin faaliyetleri \u00e7er\u00e7evesinde uyu\u015fturucuyla irtibat\u0131 bulunursa mal varl\u0131klar\u0131na el konulmas\u0131yla ilgili kanunun 15&#8217;inci maddesi s\u0131ras\u0131nda Cumhuriyet Halk Partisi milletvekilleri ya Mecliste olmayarak ya da \u00e7ekimser kalarak kenarda kalm\u0131\u015flard\u0131r. Yine s\u00fcrekli olarak Cumhuriyet Halk Partisi&#8217;nin say\u0131n genel ba\u015fkan\u0131 Cumhurba\u015fkan\u0131n\u0131n Meclisi feshetme yetkisinden bahsetti ama daha ge\u00e7en g\u00fcn 6&#8217;l\u0131 masan\u0131n teklifi olarak gelen, kendilerinin Anayasa teklifindeki Meclisi gerekti\u011finde cumhurba\u015fkan\u0131n\u0131n feshetmesi yetkisini unutmu\u015f g\u00f6r\u00fcn\u00fcyor\u201d diye konu\u015ftu.<\/p>\n<p>Kurtulmu\u015f, hileli zarlarla se\u00e7im kazanma taktiklerinden bahsedildi\u011fini hat\u0131rlatarak, \u201c\u015eimdi se\u00e7imlerde &#8216;hileli zarlarla se\u00e7im kazanmak&#8217; laf\u0131n\u0131 bizim l\u00fcgatimizde bulamazs\u0131n\u0131z. Biz milletin g\u00f6nl\u00fcne girerek, milletin g\u00f6nl\u00fcnde kalmay\u0131 ba\u015fararak, milletin \u00e7ar\u015f\u0131s\u0131nda pazar\u0131nda olarak, milletin halay\u0131nda d\u00fc\u011f\u00fcn\u00fcnde olarak, cenazesinde olarak se\u00e7imleri kazan\u0131r ve Meclise geliriz. Biz milletin iradesiyle sand\u0131klardan \u00e7\u0131kar\u0131z. Biz halk\u0131n helal oylar\u0131yla iktidara geliriz ve bundan ba\u015fka bir yol tan\u0131may\u0131z. Ne 367&#8217;nin g\u00f6lgesine s\u0131\u011f\u0131n\u0131r\u0131z ne s\u00f6zde cumhuriyet mitinglerinin g\u00f6lgesine s\u0131\u011f\u0131n\u0131r\u0131z ne T\u00fcrkiye&#8217;deki birtak\u0131m vesayet odaklar\u0131n\u0131n \u00f6n\u00fcnde, k\u00fcresel vesayet odaklar\u0131n\u0131n \u00f6n\u00fcnde el pen\u00e7e divan dururuz\u201d dedi.<\/p>\n<p><strong>AK Parti Genel Ba\u015fkan Yard\u0131mc\u0131s\u0131 ve \u0130stanbul Milletvekili Nurettin Canikli<\/strong> de asgari \u00fccrete de\u011finerek, \u201cBir y\u0131l \u00f6nce asgari \u00fccretle 205.9 dolar al\u0131nabiliyor. Dolar\u0131n fiyat\u0131 da artt\u0131, yani \u00f6nemli bir \u00f6l\u00e7\u00fct. Bug\u00fcn dolar 18.65 TL. Asgari \u00fccret 5 bin 500 TL, bug\u00fcn ise 295 dolar al\u0131n\u0131yor. Bir y\u0131l \u00f6nce asgari \u00fccretle 205 dolar al\u0131n\u0131yorken, bug\u00fcnk\u00fc asgari \u00fccretle tam olarak 295 dolar al\u0131n\u0131yor. Dolar baz\u0131nda art\u0131\u015f y\u00fczde 43\u201d ifadelerini kulland\u0131.<\/p>\n<p><strong>B\u00fcy\u00fck Birlik Partisi (BBP) Genel Ba\u015fkan\u0131 Mustafa Destici<\/strong> ise, 2022 y\u0131l\u0131nda da hane halklar\u0131n\u0131n kullanm\u0131\u015f oldu\u011fu elektrik ve do\u011falgaz faturalar\u0131n\u0131n \u00f6nemli bir k\u0131sm\u0131n\u0131n b\u00fct\u00e7eden s\u00fcbvanse edildi\u011fini hat\u0131rlatarak, \u201cDesteklemeler, hane halk\u0131 asgari ge\u00e7im tutar\u0131, kullan\u0131m miktar\u0131 ve gelir d\u00fczeylerine g\u00f6re yap\u0131lmal\u0131d\u0131r. G\u00f6r\u00fcyoruz ki bu durum 2023 b\u00fct\u00e7esinde de devam edecek. \u0130\u00e7inden ge\u00e7ti\u011fimiz \u015fartlarda T\u00fcrkiye Cumhuriyeti h\u00fck\u00fcmeti, sosyal devlet olman\u0131n gere\u011fini yerine getirmi\u015ftir. B\u00fct\u00e7eden en fazla \u00f6denek ayr\u0131lan be\u015f kurum i\u00e7erisinde Milli E\u011fitim Bakanl\u0131\u011f\u0131, Sa\u011fl\u0131k Bakanl\u0131\u011f\u0131 ve Milli Savunma Bakanl\u0131\u011f\u0131\u2019n\u0131n yer almas\u0131 ve toplam giderler i\u00e7erisinde paylar\u0131n\u0131n her ge\u00e7en y\u0131l biraz daha y\u00fckselmesini \u00f6nemli ve k\u0131ymetli buluyoruz\u201d \u015feklinde konu\u015ftu.<\/p>\n<\/p>\n<p>\u00a0<\/p>\n<p><span style=\"color: #ff0000;\"><strong>B\u00dcT\u00c7E G\u00d6R\u00dc\u015eMELER\u0130NDE GERG\u0130NL\u0130K <\/strong><\/span><\/p>\n<p>TBMM Genel Kurulu&#8217;nda, CHP Genel Ba\u015fkan\u0131 Kemal K\u0131l\u0131\u00e7daro\u011flu&#8217;nun, 2023 Y\u0131l\u0131 B\u00fct\u00e7esi \u00fczerine yapt\u0131\u011f\u0131 konu\u015fuma s\u0131ras\u0131nda tart\u0131\u015fma \u00e7\u0131kt\u0131. K\u0131l\u0131\u00e7daro\u011flu, h\u00fck\u00fcmetin uyu\u015fturucu ve kara para ile m\u00fccadelesini ele\u015ftirdi, su\u00e7lamalarda bulundu. K\u0131l\u0131\u00e7daro\u011flu&#8217;nun, s\u00f6zleri AK Parti&#8217;li vekillerin tepkisine neden oldu. K\u0131l\u0131\u00e7daro\u011flu ve AK Parti&#8217;li milletvekilleri aras\u0131nda kar\u015f\u0131l\u0131kl\u0131 laf atmalar ya\u015fand\u0131. K\u0131l\u0131\u00e7daro\u011flu, tart\u0131\u015fmalar aras\u0131nda konu\u015fmas\u0131n\u0131 tamamlad\u0131ktan sonra oturuma ara verildi.<\/p>\n<p>Oturumun ard\u0131ndan g\u00f6r\u00fc\u015fmelere, AK Parti grubu ad\u0131na s\u00f6z alan Genel Ba\u015fkan Vekili Numan Kurtulmu\u015f&#8217;un konu\u015fmas\u0131yla ba\u015fland\u0131. Kurtulmu\u015f, K\u0131l\u0131\u00e7daro\u011flu&#8217;nun, Cumhurba\u015fkan\u0131 Recep Tayyip Erdo\u011fan i\u00e7in kulland\u0131\u011f\u0131 ifadelere ve H\u00fck\u00fcmetin uyu\u015fturucu ve kara para ile m\u00fccadele etmedi\u011fi su\u00e7lamalar\u0131na yan\u0131t verdi\u011fi s\u0131rada, CHP&#8217;liler, &#8216;Zinda\u015fti&#8217; diyerek laf att\u0131.<\/p>\n<p>Kurtulmu\u015f, konu\u015fmas\u0131n\u0131 engellemeye \u00e7al\u0131\u015fan CHP&#8217;lilere tepki g\u00f6stererek, &#8220;Biz bu Meclis&#8217;te hi\u00e7bir milletvekiline hakaret etmedik, hakaret etmeyi de akl\u0131m\u0131zdan ge\u00e7irmedik. Bu Meclisin gazavat ruhunu ayaklar alt\u0131na almaya kimsenin hakk\u0131 yoktur, b\u00f6yle bir \u015fey olamaz&#8221; dedi. CHP&#8217;lilerin, Kurtulmu\u015f&#8217;un, konu\u015fmas\u0131n\u0131 engellemeye d\u00f6n\u00fck giri\u015fimlerine, birle\u015fimi y\u00f6neten Meclis Ba\u015fkan\u0131 Mustafa \u015eentop tepki g\u00f6sterdi. Kurtulmu\u015f konu\u015furken, CHP&#8217;lilerin laf atmas\u0131 ve konu\u015fmay\u0131 engellemelerine AK Parti milletvekilleri de tepki g\u00f6sterdi. Kar\u015f\u0131l\u0131kl\u0131 hakaret, laf atma devam ederken, AK Parti&#8217;li milletvekilleri CHP&#8217;li vekillerin bulundu\u011fu s\u0131ralara do\u011fru y\u00fcr\u00fcd\u00fc. TBMM Ba\u015fkan\u0131 \u015eentop, oturuma ara verdi ve TBMM idare amirlerini s\u00fckuneti sa\u011flamaya davet etti. \u0130dare amirlerinin araya girmesiyle tart\u0131\u015fma kavgaya d\u00f6nmeden sonland\u0131.<\/p>\n<p>\u00a0<\/p>\n<p>\u00a0<\/p>\n","protected":false},"excerpt":{"rendered":"<p>AK Parti Genel Ba\u015fkanvekili Numan Kurtulmu\u015f, &#8220;Biz milletin iradesiyle sand\u0131klardan \u00e7\u0131kar\u0131z. Biz halk\u0131n helal oylar\u0131yla iktidara geliriz ve bundan ba\u015fka bir yol tan\u0131may\u0131z. Ne 367&#8217;nin g\u00f6lgesine s\u0131\u011f\u0131n\u0131r\u0131z ne s\u00f6zde cumhuriyet mitinglerinin g\u00f6lgesine s\u0131\u011f\u0131n\u0131r\u0131z ne T\u00fcrkiye&#8217;deki birtak\u0131m vesayet odaklar\u0131n\u0131n \u00f6n\u00fcnde, k\u00fcresel vesayet odaklar\u0131n\u0131n \u00f6n\u00fcnde el pen\u00e7e divan dururuz\u201d dedi. TBMM Genel Kurulunda 2023 b\u00fct\u00e7e g\u00f6r\u00fc\u015fmeleri devam [&hellip;]<\/p>\n","protected":false},"author":1,"featured_media":1586,"comment_status":"open","ping_status":"closed","sticky":false,"template":"","format":"standard","meta":{"footnotes":""},"categories":[12],"tags":[29],"class_list":["post-1582","post","type-post","status-publish","format-standard","has-post-thumbnail","hentry","category-siyaset","tag-siyaset"],"_links":{"self":[{"href":"https:\/\/avukatimtv.com\/index.php\/wp-json\/wp\/v2\/posts\/1582","targetHints":{"allow":["GET"]}}],"collection":[{"href":"https:\/\/avukatimtv.com\/index.php\/wp-json\/wp\/v2\/posts"}],"about":[{"href":"https:\/\/avukatimtv.com\/index.php\/wp-json\/wp\/v2\/types\/post"}],"author":[{"embeddable":true,"href":"https:\/\/avukatimtv.com\/index.php\/wp-json\/wp\/v2\/users\/1"}],"replies":[{"embeddable":true,"href":"https:\/\/avukatimtv.com\/index.php\/wp-json\/wp\/v2\/comments?post=1582"}],"version-history":[{"count":0,"href":"https:\/\/avukatimtv.com\/index.php\/wp-json\/wp\/v2\/posts\/1582\/revisions"}],"wp:featuredmedia":[{"embeddable":true,"href":"https:\/\/avukatimtv.com\/index.php\/wp-json\/wp\/v2\/media\/1586"}],"wp:attachment":[{"href":"https:\/\/avukatimtv.com\/index.php\/wp-json\/wp\/v2\/media?parent=1582"}],"wp:term":[{"taxonomy":"category","embeddable":true,"href":"https:\/\/avukatimtv.com\/index.php\/wp-json\/wp\/v2\/categories?post=1582"},{"taxonomy":"post_tag","embeddable":true,"href":"https:\/\/avukatimtv.com\/index.php\/wp-json\/wp\/v2\/tags?post=1582"}],"curies":[{"name":"wp","href":"https:\/\/api.w.org\/{rel}","templated":true}]}}