{"id":1583,"date":"2024-04-06T16:57:58","date_gmt":"2024-04-06T13:57:58","guid":{"rendered":"https:\/\/haberv8.thewpdemo.com\/kilicdaroglu-halk-seni-sectiyse-kendi-butceni-savunacaksin\/-1583.html"},"modified":"2024-04-06T16:57:58","modified_gmt":"2024-04-06T13:57:58","slug":"kilicdaroglu-halk-seni-sectiyse-kendi-butceni-savunacaksin","status":"publish","type":"post","link":"https:\/\/avukatimtv.com\/index.php\/2024\/04\/06\/kilicdaroglu-halk-seni-sectiyse-kendi-butceni-savunacaksin\/","title":{"rendered":"K\u0131l\u0131\u00e7daro\u011flu: Halk seni se\u00e7tiyse kendi b\u00fct\u00e7eni savunacaks\u0131n"},"content":{"rendered":"<p>\u00a0<\/p>\n<p>\u00a0K\u0131l\u0131\u00e7daro\u011flu, 2023 Y\u0131l\u0131 Merkezi Y\u00f6netim B\u00fct\u00e7e Kanunu Teklifi&#8217;ni g\u00f6r\u00fc\u015fmek \u00fczere toplan\u0131lan Genel Kurul&#8217;a Cumhurba\u015fkan\u0131 Recep Tayyip Erdo\u011fan&#8217;\u0131n gelmemesine tepki g\u00f6stererek, &#8220;B\u00fct\u00e7e dedi\u011fimiz belge maliye a\u00e7\u0131s\u0131ndan bir \u00fclkenin ekonomisi a\u00e7\u0131s\u0131ndan en temel yasad\u0131r. B\u00fct\u00e7e tasar\u0131s\u0131n\u0131n yasala\u015fmas\u0131 i\u00e7in de \u00f6zel bir prosed\u00fcr vard\u0131r. Ba\u015fbakan kendi b\u00fct\u00e7esini \u00f6zg\u00fcvenle anlat\u0131rd\u0131. \u015eimdi ba\u015fkan soruyor: Komisyon nerede, komisyon burada. H\u00fck\u00fcmet nerede? H\u00fck\u00fcmet yok. Se\u00e7ilen bir Cumhurba\u015fkan\u0131&#8217;n\u0131n Parlamentoya gelip kendi b\u00fct\u00e7esini savunmamas\u0131 her \u015feyden \u00f6nce Parlamentoya sayg\u0131s\u0131zl\u0131kt\u0131r. Halk seni se\u00e7tiyse ve paray\u0131 verdiyse geleceksiniz buraya kendi b\u00fct\u00e7enizi savunacaks\u0131n\u0131z, ele\u015ftirilere g\u00f6\u011f\u00fcs gereceksiniz&#8221; dedi.<\/p>\n<p><strong>&#8216;701 SORU \u00d6NERGES\u0130NE CEVAP VER\u0130LMEM\u0130\u015e&#8217;<\/strong><\/p>\n<p>29 Kas\u0131m 2022 tarihi itibari ile CHP&#8217;nin TBMM&#8217;ye verdi\u011fi 701 soru \u00f6nergesine cevap verilmedi\u011fini s\u00f6yleyen K\u0131l\u0131\u00e7daro\u011flu, &#8220;701 soru \u00f6nergesine cevap verilmemi\u015f. Ne demek soru \u00f6nergesine cevap vermemek. Ben milletvekilini takmam arkada\u015f kim oluyor milletvekili beni Cumhurba\u015fkan\u0131 atad\u0131 ben istedi\u011fime cevap veririm istedi\u011fime vermem diyor. Siz parlamentonun sayg\u0131n bir bireyi olarak bir milletvekili olarak bu tabloya evet diyorsan\u0131z T\u00fcrkiye B\u00fcy\u00fck Millet Meclisi&#8217;nin sayg\u0131nl\u0131\u011f\u0131na g\u00f6lge d\u00fc\u015f\u00fcr\u00fcyorsunuz demektir. Benden \u00e7ok siz itiraz etmek zorundas\u0131n\u0131z&#8221; ifadelerini kulland\u0131.<\/p>\n<p><strong>&#8217;17 KURUMUN FAAL\u0130YET RAPORU H\u0130\u00c7 YAYIMLANMADI&#8217;<\/strong><\/p>\n<p>&#8216;2023 Y\u0131l\u0131 Merkezi Y\u00f6netim B\u00fct\u00e7esi&#8217;nin ilkelerden yola \u00e7\u0131karak haz\u0131rlanmas\u0131 gerekti\u011fini s\u00f6yleyen K\u0131l\u0131\u00e7daro\u011flu, Parlamento taraf\u0131ndan onaylanan b\u00fct\u00e7enin denetlenmesi gerekti\u011fi hususuna da dikkat \u00e7ekerek, &#8220;B\u00fct\u00e7eyi parlamento yapar ama bir \u015fey daha yapar. Parlamento, kabul etti\u011fi b\u00fct\u00e7enin yasalara uygun olarak harcan\u0131p harcanmad\u0131\u011f\u0131n\u0131 da denetler. Denetimi Say\u0131\u015ftay arac\u0131l\u0131\u011f\u0131yla yapar. Ben s\u00f6ylemiyorum Anayasa s\u00f6yl\u00fcyor. 160&#8217;\u0131nc\u0131 madde, &#8216;Say\u0131\u015ftay T\u00fcrkiye B\u00fcy\u00fck Millet Meclisi ad\u0131na b\u00fct\u00e7e harcamalar\u0131n\u0131 denetler&#8217; diyor. Say\u0131\u015ftay 315 kamu kurumunun faaliyet raporlar\u0131na bakt\u0131. 17 kurumun faaliyet raporu hi\u00e7 yay\u0131mlanmad\u0131. Yani ne demektir, 17 kurumu y\u00f6neten ki\u015filer diyor ki; ne demek meclis, b\u0131rak\u0131n ya. Raporu bile yay\u0131mlam\u0131yorum. Gidin kime anlat\u0131rsan\u0131z anlat\u0131n. 32 kurum faaliyet raporunda kullan\u0131lan kaynaklar hakk\u0131nda Say\u0131\u015ftay&#8217;a bilgi vermiyor. 206 kurumun faaliyet raporunda temel mali tablolara ve bu tablolara ili\u015fkin a\u00e7\u0131klamalara yer vermiyorlar. Kime ne kadar yard\u0131m yap\u0131ld\u0131 g\u00f6sterilmiyor. 10 ayr\u0131 madde halinde Say\u0131\u015ftay raporu geldi. S\u00f6yler misiniz; i\u00e7inizden kim bakt\u0131 bu raporlara? Ben de bunu size anlat\u0131yorum, siz beni su\u00e7luyorsunuz. Siz bunlar\u0131 sorgulad\u0131\u011f\u0131n\u0131z anda \u00fclkeye demokrasi gelir. Bunlar\u0131 sorgulam\u0131yorsunuz. Bu korku ile devlet y\u00f6netilmez. Kul hakk\u0131na riayet edeceksin. Kamu \u00f6zel i\u015f birli\u011fi, dolar garantisi veriyorsunuz, avro garantisi veriyorsunuz. Mevzuata g\u00f6re bu kamu kurumlar\u0131n\u0131n y\u00fck\u00fcml\u00fcl\u00fcklerini yay\u0131nlamalar\u0131 laz\u0131m, hi\u00e7birisi yay\u0131nlam\u0131yor. Dolay\u0131s\u0131 ile su\u00e7 i\u015fleniyor&#8221; de\u011ferlendirmesinde bulundu.<\/p>\n<p><strong>&#8216;BU \u0130RADEN\u0130N \u0130POTEK ALTINA ALINMASI DEMEKT\u0130R&#8217;<\/strong><\/p>\n<p>K\u0131l\u0131\u00e7daro\u011flu, &#8216;Kur Korumal\u0131 Mevduat&#8217;\u0131 da ele\u015ftirerek, &#8220;Parlamentoyu o kadar itibars\u0131z hale getirdiler ki, \u00f6nce uygulamay\u0131 yap\u0131yorlar. Sonra Meclis&#8217;e kanun getiriyorlar. B\u00fct\u00e7eye \u00f6ng\u00f6r\u00fclen bor\u00e7 limitinin \u00fcst\u00fcnde bor\u00e7land\u0131lar. Buraya tekrar kanun getirdiler bor\u00e7lanma i\u00e7in. Kur Korumal\u0131 Mevduat, 20 Aral\u0131k ak\u015fam\u0131 yap\u0131ld\u0131. 21 Aral\u0131k&#8217;ta Merkez Bankas\u0131 duyuru yapt\u0131. 24 Aral\u0131k&#8217;ta Hazine ve Maliye Bakan\u0131 bas\u0131n a\u00e7\u0131klamas\u0131 yapt\u0131. 20 Ocak&#8217;ta da kanun buraya geldi. Anayasa&#8217;da der ki; vergi kanunla konulur, kanunla kald\u0131r\u0131l\u0131r der. Siz uygulamay\u0131 yap\u0131yorsunuz ama Anayasa&#8217;y\u0131 da hukuku da bilmiyorsunuz. \u00c7\u00fcnk\u00fc b\u00fcrokrasiyi darmaduman ettiniz. Bu iradenin ipotek alt\u0131na al\u0131nmas\u0131 demektir&#8221; diye konu\u015ftu.<\/p>\n<p><strong>&#8216;DEVLET\u0130N TEMEL\u0130 HUKUK \u0130LKELER\u0130NDEN YOLA \u00c7IKAR&#8217;<\/strong><\/p>\n<p>Devletin temelinin hukuk ilkelerinden olu\u015ftu\u011funu yani belirlilikten olu\u015ftu\u011funu s\u00f6yleyen K\u0131l\u0131\u00e7daro\u011flu, &#8220;Devlet harcamalar\u0131n\u0131n neye g\u00f6re yap\u0131ld\u0131\u011f\u0131n\u0131 bilmek laz\u0131m. \u00dc\u00e7 kural\u0131 vard\u0131r belirlili\u011fin. Bir, hukuk normlar\u0131n\u0131n belirli olmas\u0131 laz\u0131m. \u0130ki, bilinebilir olmas\u0131 laz\u0131m. \u00dc\u00e7, \u00f6ng\u00f6r\u00fclebilir olmas\u0131 laz\u0131m. Bunlar oldu\u011fu taktirde olur. \u00d6rnek; Cumhurba\u015fkanl\u0131\u011f\u0131 makam\u0131 ve Cumhurba\u015fkanl\u0131\u011f\u0131 \u0130dari \u0130\u015fler Ba\u015fkanl\u0131\u011f\u0131, 2886 Say\u0131l\u0131 Devlet \u0130hale Kanunu&#8217;na tabi de\u011fil. 6245 Say\u0131l\u0131 Harc\u0131rah Kanunu&#8217;na tabi de\u011fil. Ta\u015f\u0131t Kanunu&#8217;na tabi de\u011fil. Kamu Konutlar Kanunu&#8217;na tabi de\u011fil. Kamu \u0130hale Kanunu&#8217;na tabi de\u011fil. Kamu \u0130hale S\u00f6zle\u015fmeleri Kanunu&#8217;na tabi de\u011fil. Peki paray\u0131 nas\u0131l harc\u0131yorlar? Biz yetki vermi\u015fiz paray\u0131 nas\u0131l harc\u0131yorlar? 3011 Say\u0131l\u0131 bir kanun var. Kanun, Resmi Gazete&#8217;de yay\u0131mlanacak olan y\u00f6netmelikler ile ilgili. Bu kanuna g\u00f6re Cumhurba\u015fkanl\u0131\u011f\u0131, Bakanl\u0131klar ve Kamu t\u00fczel ki\u015filikleri y\u00f6netmeliklerini Resmi Gazete&#8217;de yay\u0131mlamak zorundad\u0131rlar. Hangi y\u00f6netmelik yay\u0131mlanmaz onu da yaz\u0131yor kanun ancak milli emniyet ve milli g\u00fcvenlik ile ilgili ve gizlilik derecesi ta\u015f\u0131yan y\u00f6netmelikler yay\u0131nlanamaz. Peki Harc\u0131rah Kanunu&#8217;nu siz y\u00f6netmelikle yap\u0131yorsan\u0131z bunun milli g\u00fcvenlik ile ne ilgisi var. Ben soruyorum ama sizin de sorman\u0131z laz\u0131m. Harc\u0131rah Kanunu; Say\u0131n Ba\u015fkan, Ankara d\u0131\u015f\u0131na \u00e7\u0131kt\u0131\u011f\u0131 zaman 100 lira alacak. Sizler, Milletvekilleri 92 lira al\u0131yorsunuz. Ayl\u0131k kadro derecesi 1\/4 olanlar 63 lira al\u0131yorlar. Ayl\u0131k kadro derecesi 5 ila 15 aras\u0131nda olanlar da 62 lira al\u0131yorlar. Peki &#8216;Saray&#8217;da \u00e7al\u0131\u015fanlar ka\u00e7 lira al\u0131yorlar. Bilmiyorsunuz, ben de bilmiyorum. Niye onlar buraya tabi de\u011fil&#8221; dedi.<\/p>\n<p><strong>&#8216;ARTIK \u0130K\u0130 T\u00dcRK\u0130YE VAR&#8217;<\/strong><\/p>\n<p>CHP&#8217;nin 3 Aral\u0131k&#8217;ta &#8216;\u0130kinci Y\u00fczy\u0131la \u00c7a\u011fr\u0131 Bulu\u015fmas\u0131&#8217;nda kamuoyu ile payla\u015ft\u0131klar\u0131 &#8216;Ekonomi Vizyon Belgesi&#8217;ni hat\u0131rlatan K\u0131l\u0131\u00e7daro\u011flu, &#8220;De\u011ferli arkada\u015flar\u0131m e\u011fer bir \u00fclkede &#8216;Saray&#8217;da \u00e7al\u0131\u015ft\u0131m diye ayr\u0131cal\u0131kl\u0131 bir muamele g\u00f6r\u00fcyorsa bir sorunumuz var demektir. \u0130kili bir yap\u0131 olu\u015ftu T\u00fcrkiye&#8217;de. &#8216;Saray&#8217;da ya\u015fayanlar ve &#8216;Saray&#8217;\u0131n d\u0131\u015f\u0131nda ya\u015fayanlar. &#8216;Saray&#8217;da ya\u015fayanlar bunu Fuat Ceyman hoca s\u00f6yler, iki T\u00fcrkiye&#8217;den bahseder. Art\u0131k iki T\u00fcrkiye var. Biri &#8216;Saray&#8217; ve \u015f\u00fcrekas\u0131n\u0131n, 5&#8217;li \u00e7etenin ya\u015fad\u0131\u011f\u0131 T\u00fcrkiye. Orada her \u015fey \u00e7ok m\u00fckemmel, bir elleri ya\u011fda bir elleri balda. Masalar\u0131 dolu ta\u015f\u0131yor. Ejder meyveli smoothieler var, e\u011flenceler var, 100 binlerce dolarl\u0131k \u00e7antalar var. Birinci T\u00fcrkiye&#8217;nin \u0130kinci T\u00fcrkiye&#8217;yi sadakaya ba\u011flama program\u0131n\u0131 y\u0131rt\u0131p atacaklar. O T\u00fcrkiye&#8217;de dijital teknoloji, yapay zeka, makine \u00f6\u011frenimi, finansal teknolojiler ve ye\u015fil enerji var. Herkes daha iyi bir ya\u015fam, daha iyi bir d\u00fczen i\u00e7in \u00e7al\u0131\u015facak. \u00c7ocuklara yeni bir T\u00fcrkiye hayalini verece\u011fiz. Yeni bir siyaset \u00fcst\u00fc anlay\u0131\u015f ile ve liyakat ile o T\u00fcrkiye&#8217;yi b\u00fcy\u00fctece\u011fiz. Orada Daren Acemo\u011flu da var, Hakan Kara da var, Jeremy Rifkin de var, Rafet G\u00fcrkaynak da var, Hacer Foggo da var. Bu i\u015fin uzmanlar\u0131 ve bilim insanlar\u0131 da var. Az \u00f6nce s\u00f6yledim \u015fampiyonlar ligi kar\u015f\u0131s\u0131nda g\u00f6zleri \u0131\u015f\u0131ldayan fotoroman var. Hor g\u00f6rd\u00fckleri, \u00fcstten bakt\u0131klar\u0131, vergileri ile en temel haklar\u0131n\u0131 gasbettikleri o ikinci T\u00fcrkiye bu saray T\u00fcrkiye&#8217;sini yenecek. Hak gelecek, bat\u0131l zail olacak. Bir eli ya\u011fda bir eli balda bir saray ve \u015f\u00fcrekas\u0131 var o birinci T\u00fcrkiye, altta geni\u015f bir kadro var o da ikinci T\u00fcrkiye. \u0130kinci T\u00fcrkiye bu tabloyu de\u011fi\u015ftirecek. Cumhuriyet tarihinde bir ilk ya\u015f\u0131yoruz. Alt gelir gruplar\u0131ndan bir avu\u00e7 \u00fcst gelir grubuna ola\u011fan\u00fcst\u00fc kaynak transferi var. Allah nasip ederse o paralar\u0131n tamam\u0131n\u0131 getirece\u011fim. Sevgili halk\u0131m sana sesleniyorum. Millet \u0130ttifak\u0131 olarak g\u00f6receksiniz; temiz bir T\u00fcrkiye, ayd\u0131nl\u0131k bir T\u00fcrkiye, herkesin mutlu oldu\u011fu bir T\u00fcrkiye&#8217;yi yeniden in\u015fa edece\u011fiz. Beraber, birlikte in\u015fa edece\u011fiz&#8221; a\u00e7\u0131klamas\u0131nda bulundu.<\/p>\n<p><strong>&#8216;SLOGANLARI KR\u0130ZLERDEN YORULMU\u015e HALKIN EN DER\u0130N \u00d6ZLEMLER\u0130N\u0130 YANSITIYORDU&#8217;<\/strong><\/p>\n<p>K\u0131l\u0131\u00e7daro\u011flu, konu\u015fmas\u0131n\u0131n sonunsa AK Parti&#8217;nin 20 y\u0131l \u00f6nce iktidara gelmek i\u00e7in kulland\u0131klar\u0131 slogan\u0131 an\u0131msatarak, &#8220;Sloganlarla geldi. Sloganlar\u0131 krizlerden yorulmu\u015f halk\u0131n en derin \u00f6zlemlerini yans\u0131t\u0131yordu. Bireysel \u00f6zg\u00fcrl\u00fck ve zenginlik vadediyordu. &#8216;Yolsuzlukla m\u00fccadele edece\u011fim&#8217; diye vaatleri vard\u0131. &#8216;Yasaklarla m\u00fccadele edece\u011fim&#8217; diye vadediyordu. Peki sonu\u00e7 ne oldu? En \u00f6nce t\u00fcm yol arkada\u015flar\u0131n\u0131 eledi. Meclis&#8217;te kurdu\u011fu Yolsuzluklar\u0131 Ara\u015ft\u0131rma Komisyonu Ba\u015fkan\u0131n\u0131 bir daha milletvekili yapmad\u0131. T\u00fcm liyakatli b\u00fcrokratlar\u0131 temizledi ve devlet vasat bir b\u00fcrokrasiye teslim edildi. Liyakati t\u00fcm\u00fc ile \u00f6ld\u00fcrd\u00fc. Devleti devlet yapan t\u00fcm sistemleri yok etti. En iyi \u00fcniversiteleri yok etti. Neredeyse saat ba\u015f\u0131 de\u011fi\u015fen ki\u015fiye \u00f6zel kararnameler ile \u00fcniversitelere rekt\u00f6r atand\u0131. Elinizde kala kala yaln\u0131zca ki\u015fisel g\u00fcce ve kazanca odaklanm\u0131\u015f k\u00fc\u00e7\u00fck bir tiran ve onun yak\u0131n \u00e7evresi kald\u0131. Atad\u0131\u011f\u0131 bakanlar\u0131n \u00e7o\u011fu trolden \u00f6teye gidemiyor. Onun halk\u0131 kand\u0131ran t\u00fcm vaatleri \u00e7\u00f6p oldu. Vaat kalmay\u0131nca hem ekonomik hem de siyasi zorbal\u0131kla halk\u0131 eziyor \u015fimdi. Tiranlar her zaman b\u00f6yle davran\u0131rlar, ger\u00e7e\u011fi reddederler. Krizleri reddederler. O da t\u00fcm\u00fc ile T\u00fcrkiye&#8217;den korktu her \u015feyi reddediyor. Ekonomiyi, a\u00e7\u0131l\u0131\u011f\u0131, yolsuzlu\u011fu, i\u015fsizli\u011fi reddediyor. Onun reddetmeyece\u011fi bir ger\u00e7e\u011fi s\u00f6yleyeyim; tiranlar, zorbalar hep giderler o da 6 ay i\u00e7inde gidecek&#8221; dedi. (DHA)<\/p>\n<p>\u00a0<\/p>\n","protected":false},"excerpt":{"rendered":"<p>\u00a0 \u00a0K\u0131l\u0131\u00e7daro\u011flu, 2023 Y\u0131l\u0131 Merkezi Y\u00f6netim B\u00fct\u00e7e Kanunu Teklifi&#8217;ni g\u00f6r\u00fc\u015fmek \u00fczere toplan\u0131lan Genel Kurul&#8217;a Cumhurba\u015fkan\u0131 Recep Tayyip Erdo\u011fan&#8217;\u0131n gelmemesine tepki g\u00f6stererek, &#8220;B\u00fct\u00e7e dedi\u011fimiz belge maliye a\u00e7\u0131s\u0131ndan bir \u00fclkenin ekonomisi a\u00e7\u0131s\u0131ndan en temel yasad\u0131r. B\u00fct\u00e7e tasar\u0131s\u0131n\u0131n yasala\u015fmas\u0131 i\u00e7in de \u00f6zel bir prosed\u00fcr vard\u0131r. Ba\u015fbakan kendi b\u00fct\u00e7esini \u00f6zg\u00fcvenle anlat\u0131rd\u0131. \u015eimdi ba\u015fkan soruyor: Komisyon nerede, komisyon burada. H\u00fck\u00fcmet [&hellip;]<\/p>\n","protected":false},"author":1,"featured_media":1587,"comment_status":"open","ping_status":"closed","sticky":false,"template":"","format":"standard","meta":{"footnotes":""},"categories":[12],"tags":[29],"class_list":["post-1583","post","type-post","status-publish","format-standard","has-post-thumbnail","hentry","category-siyaset","tag-siyaset"],"_links":{"self":[{"href":"https:\/\/avukatimtv.com\/index.php\/wp-json\/wp\/v2\/posts\/1583","targetHints":{"allow":["GET"]}}],"collection":[{"href":"https:\/\/avukatimtv.com\/index.php\/wp-json\/wp\/v2\/posts"}],"about":[{"href":"https:\/\/avukatimtv.com\/index.php\/wp-json\/wp\/v2\/types\/post"}],"author":[{"embeddable":true,"href":"https:\/\/avukatimtv.com\/index.php\/wp-json\/wp\/v2\/users\/1"}],"replies":[{"embeddable":true,"href":"https:\/\/avukatimtv.com\/index.php\/wp-json\/wp\/v2\/comments?post=1583"}],"version-history":[{"count":0,"href":"https:\/\/avukatimtv.com\/index.php\/wp-json\/wp\/v2\/posts\/1583\/revisions"}],"wp:featuredmedia":[{"embeddable":true,"href":"https:\/\/avukatimtv.com\/index.php\/wp-json\/wp\/v2\/media\/1587"}],"wp:attachment":[{"href":"https:\/\/avukatimtv.com\/index.php\/wp-json\/wp\/v2\/media?parent=1583"}],"wp:term":[{"taxonomy":"category","embeddable":true,"href":"https:\/\/avukatimtv.com\/index.php\/wp-json\/wp\/v2\/categories?post=1583"},{"taxonomy":"post_tag","embeddable":true,"href":"https:\/\/avukatimtv.com\/index.php\/wp-json\/wp\/v2\/tags?post=1583"}],"curies":[{"name":"wp","href":"https:\/\/api.w.org\/{rel}","templated":true}]}}