{"id":1588,"date":"2024-04-06T16:58:00","date_gmt":"2024-04-06T13:58:00","guid":{"rendered":"https:\/\/haberv8.thewpdemo.com\/bakan-soyludan-kilicdarogluna-tepki-gundem-degistirme-cabasinda\/-1588.html"},"modified":"2024-04-06T16:58:00","modified_gmt":"2024-04-06T13:58:00","slug":"bakan-soyludan-kilicdarogluna-tepki-gundem-degistirme-cabasinda","status":"publish","type":"post","link":"https:\/\/avukatimtv.com\/index.php\/2024\/04\/06\/bakan-soyludan-kilicdarogluna-tepki-gundem-degistirme-cabasinda\/","title":{"rendered":"Bakan Soylu&#8217;dan K\u0131l\u0131\u00e7daro\u011flu&#8217;na tepki: G\u00fcndem de\u011fi\u015ftirme \u00e7abas\u0131nda"},"content":{"rendered":"<p>\u0130\u00e7i\u015fleri Bakan\u0131 Soylu, sosyal payla\u015f\u0131m sitesi Twitter hesab\u0131ndan yapt\u0131\u011f\u0131 payla\u015f\u0131mda, \u201cK\u0131l\u0131\u00e7daro\u011flu; polise, jandarmaya, Mehmet\u00e7i\u011fe, devlete \u2018Cari a\u00e7\u0131k uyu\u015fturucuyla kapat\u0131l\u0131yor\u2019 iftiras\u0131n\u0131 ispat edemeyip laf\u0131n alt\u0131nda kal\u0131nca, Jeremy Rifkin de tutmay\u0131nca bayatlam\u0131\u015f iftira\/dedikodularla g\u00fcndem de\u011fi\u015ftirme \u00e7abas\u0131nda. \u0130ftiras\u0131n\u0131 ispat etmezse K\u0131l\u0131\u00e7daro\u011flu \u015ferefsizdir\u201d ifadelerine yer verdi.<\/p>\n<p lang=\"tr\" dir=\"ltr\">K\u0131l\u0131\u00e7daro\u011flu;<br \/>Polise, Jandarmaya, Mehmet\u00e7i\u011fe, devlete &#8220;Cari a\u00e7\u0131k uyu\u015fturucuyla kapat\u0131l\u0131yor&#8221; iftiras\u0131n\u0131 ispat edemeyip laf\u0131n alt\u0131nda kal\u0131nca<\/p>\n<p>Jeremy Rifkin de tutmay\u0131nca bayatlam\u0131\u015f iftira\/dedikodularla g\u00fcndem de\u011fi\u015ftirme \u00e7abas\u0131nda.<\/p>\n<p>\u0130ftiras\u0131n\u0131 ispat etmezse K\u0131l\u0131\u00e7daro\u011flu \u015ferefsizdir<\/p>\n<p>\u2014 S\u00fcleyman Soylu (@suleymansoylu) December 5, 2022<\/p>\n","protected":false},"excerpt":{"rendered":"<p>\u0130\u00e7i\u015fleri Bakan\u0131 Soylu, sosyal payla\u015f\u0131m sitesi Twitter hesab\u0131ndan yapt\u0131\u011f\u0131 payla\u015f\u0131mda, \u201cK\u0131l\u0131\u00e7daro\u011flu; polise, jandarmaya, Mehmet\u00e7i\u011fe, devlete \u2018Cari a\u00e7\u0131k uyu\u015fturucuyla kapat\u0131l\u0131yor\u2019 iftiras\u0131n\u0131 ispat edemeyip laf\u0131n alt\u0131nda kal\u0131nca, Jeremy Rifkin de tutmay\u0131nca bayatlam\u0131\u015f iftira\/dedikodularla g\u00fcndem de\u011fi\u015ftirme \u00e7abas\u0131nda. \u0130ftiras\u0131n\u0131 ispat etmezse K\u0131l\u0131\u00e7daro\u011flu \u015ferefsizdir\u201d ifadelerine yer verdi. K\u0131l\u0131\u00e7daro\u011flu;Polise, Jandarmaya, Mehmet\u00e7i\u011fe, devlete &#8220;Cari a\u00e7\u0131k uyu\u015fturucuyla kapat\u0131l\u0131yor&#8221; iftiras\u0131n\u0131 ispat edemeyip laf\u0131n alt\u0131nda [&hellip;]<\/p>\n","protected":false},"author":1,"featured_media":1591,"comment_status":"open","ping_status":"closed","sticky":false,"template":"","format":"standard","meta":{"footnotes":""},"categories":[12],"tags":[29],"class_list":["post-1588","post","type-post","status-publish","format-standard","has-post-thumbnail","hentry","category-siyaset","tag-siyaset"],"_links":{"self":[{"href":"https:\/\/avukatimtv.com\/index.php\/wp-json\/wp\/v2\/posts\/1588","targetHints":{"allow":["GET"]}}],"collection":[{"href":"https:\/\/avukatimtv.com\/index.php\/wp-json\/wp\/v2\/posts"}],"about":[{"href":"https:\/\/avukatimtv.com\/index.php\/wp-json\/wp\/v2\/types\/post"}],"author":[{"embeddable":true,"href":"https:\/\/avukatimtv.com\/index.php\/wp-json\/wp\/v2\/users\/1"}],"replies":[{"embeddable":true,"href":"https:\/\/avukatimtv.com\/index.php\/wp-json\/wp\/v2\/comments?post=1588"}],"version-history":[{"count":0,"href":"https:\/\/avukatimtv.com\/index.php\/wp-json\/wp\/v2\/posts\/1588\/revisions"}],"wp:featuredmedia":[{"embeddable":true,"href":"https:\/\/avukatimtv.com\/index.php\/wp-json\/wp\/v2\/media\/1591"}],"wp:attachment":[{"href":"https:\/\/avukatimtv.com\/index.php\/wp-json\/wp\/v2\/media?parent=1588"}],"wp:term":[{"taxonomy":"category","embeddable":true,"href":"https:\/\/avukatimtv.com\/index.php\/wp-json\/wp\/v2\/categories?post=1588"},{"taxonomy":"post_tag","embeddable":true,"href":"https:\/\/avukatimtv.com\/index.php\/wp-json\/wp\/v2\/tags?post=1588"}],"curies":[{"name":"wp","href":"https:\/\/api.w.org\/{rel}","templated":true}]}}