{"id":1590,"date":"2024-04-06T16:58:00","date_gmt":"2024-04-06T13:58:00","guid":{"rendered":"https:\/\/haberv8.thewpdemo.com\/emine-erdogan-duyurdu-asirlik-tariflerle-turk-mutfagi-kitabi-odule-aday\/-1590.html"},"modified":"2024-04-06T16:58:00","modified_gmt":"2024-04-06T13:58:00","slug":"emine-erdogan-duyurdu-asirlik-tariflerle-turk-mutfagi-kitabi-odule-aday","status":"publish","type":"post","link":"https:\/\/avukatimtv.com\/index.php\/2024\/04\/06\/emine-erdogan-duyurdu-asirlik-tariflerle-turk-mutfagi-kitabi-odule-aday\/","title":{"rendered":"Emine Erdo\u011fan duyurdu! As\u0131rl\u0131k Tariflerle T\u00fcrk Mutfa\u011f\u0131 kitab\u0131 \u00f6d\u00fcle aday"},"content":{"rendered":"<p>Emine Erdo\u011fan&#8217;\u0131n payla\u015f\u0131m\u0131 \u015f\u00f6yle: As\u0131rl\u0131k Tariflerle T\u00fcrk Mutfa\u011f\u0131 kitab\u0131m\u0131zla ilgili g\u00fczel bir haber ald\u0131m. Gourmand D\u00fcnya Yemek Kitab\u0131 \u00d6d\u00fclleri 2023 se\u00e7kisinde 2 dalda aday g\u00f6sterildi.<\/p>\n<p>Bu ba\u015far\u0131, as\u0131rl\u0131k re\u00e7etelerimizi literat\u00fcre kazand\u0131rmak u\u011fruna verilen eme\u011fin, bilgi birikimi ve tecr\u00fcbenin bir tezah\u00fcr\u00fc.<\/p>\n<p>\u00d6z\u00fcnde binlerce y\u0131ll\u0131k ya\u015fanm\u0131\u015fl\u0131\u011f\u0131 bar\u0131nd\u0131ran T\u00fcrk Mutfa\u011f\u0131&#8217;n\u0131 ad\u0131m ad\u0131m gelece\u011fe ta\u015f\u0131yor olmak, b\u00fcy\u00fck bir mutluluk ve gurur kayna\u011f\u0131.<\/p>\n<p>Lakin d\u00fcnya mutfaklar\u0131na \u00f6rnek te\u015fkil edecek daha nice ke\u015ffedilmeyen at\u0131ks\u0131z, ekolojik ve geleneksel tariflerimiz var.<\/p>\n<p>\u0130ngilizce ve S\u0131rp\u00e7a \u00e7evirisinin ard\u0131ndan \u0130talyanca olarak raflardaki yerini alan kitab\u0131m\u0131z, zamanla t\u00fcm d\u00fcnya dillerinde okurlar\u0131na ula\u015facak.<\/p>\n<p>Kitab\u0131m\u0131z\u0131n t\u00fcm emektarlar\u0131na ve T\u00fcrk mutfa\u011f\u0131na g\u00f6n\u00fcl veren herkese te\u015fekk\u00fcr ediyorum.<\/p>\n<p lang=\"tr\" dir=\"ltr\">As\u0131rl\u0131k Tariflerle #T\u00fcrkMutfa\u011f\u0131 kitab\u0131m\u0131zla ilgili g\u00fczel bir haber ald\u0131m. Gourmand D\u00fcnya Yemek Kitab\u0131 \u00d6d\u00fclleri 2023 se\u00e7kisinde 2 dalda aday g\u00f6sterildi.<\/p>\n<p>Bu ba\u015far\u0131, as\u0131rl\u0131k re\u00e7etelerimizi literat\u00fcre kazand\u0131rmak u\u011fruna verilen eme\u011fin, bilgi birikimi ve tecr\u00fcbenin bir tezah\u00fcr\u00fc. pic.twitter.com\/CMyIqv2Zgs<\/p>\n<p>\u2014 Emine Erdo\u011fan (@EmineErdogan) December 5, 2022 <\/p>\n","protected":false},"excerpt":{"rendered":"<p>Emine Erdo\u011fan&#8217;\u0131n payla\u015f\u0131m\u0131 \u015f\u00f6yle: As\u0131rl\u0131k Tariflerle T\u00fcrk Mutfa\u011f\u0131 kitab\u0131m\u0131zla ilgili g\u00fczel bir haber ald\u0131m. Gourmand D\u00fcnya Yemek Kitab\u0131 \u00d6d\u00fclleri 2023 se\u00e7kisinde 2 dalda aday g\u00f6sterildi. Bu ba\u015far\u0131, as\u0131rl\u0131k re\u00e7etelerimizi literat\u00fcre kazand\u0131rmak u\u011fruna verilen eme\u011fin, bilgi birikimi ve tecr\u00fcbenin bir tezah\u00fcr\u00fc. \u00d6z\u00fcnde binlerce y\u0131ll\u0131k ya\u015fanm\u0131\u015fl\u0131\u011f\u0131 bar\u0131nd\u0131ran T\u00fcrk Mutfa\u011f\u0131&#8217;n\u0131 ad\u0131m ad\u0131m gelece\u011fe ta\u015f\u0131yor olmak, b\u00fcy\u00fck bir mutluluk [&hellip;]<\/p>\n","protected":false},"author":1,"featured_media":1593,"comment_status":"open","ping_status":"closed","sticky":false,"template":"","format":"standard","meta":{"footnotes":""},"categories":[12],"tags":[29],"class_list":["post-1590","post","type-post","status-publish","format-standard","has-post-thumbnail","hentry","category-siyaset","tag-siyaset"],"_links":{"self":[{"href":"https:\/\/avukatimtv.com\/index.php\/wp-json\/wp\/v2\/posts\/1590","targetHints":{"allow":["GET"]}}],"collection":[{"href":"https:\/\/avukatimtv.com\/index.php\/wp-json\/wp\/v2\/posts"}],"about":[{"href":"https:\/\/avukatimtv.com\/index.php\/wp-json\/wp\/v2\/types\/post"}],"author":[{"embeddable":true,"href":"https:\/\/avukatimtv.com\/index.php\/wp-json\/wp\/v2\/users\/1"}],"replies":[{"embeddable":true,"href":"https:\/\/avukatimtv.com\/index.php\/wp-json\/wp\/v2\/comments?post=1590"}],"version-history":[{"count":0,"href":"https:\/\/avukatimtv.com\/index.php\/wp-json\/wp\/v2\/posts\/1590\/revisions"}],"wp:featuredmedia":[{"embeddable":true,"href":"https:\/\/avukatimtv.com\/index.php\/wp-json\/wp\/v2\/media\/1593"}],"wp:attachment":[{"href":"https:\/\/avukatimtv.com\/index.php\/wp-json\/wp\/v2\/media?parent=1590"}],"wp:term":[{"taxonomy":"category","embeddable":true,"href":"https:\/\/avukatimtv.com\/index.php\/wp-json\/wp\/v2\/categories?post=1590"},{"taxonomy":"post_tag","embeddable":true,"href":"https:\/\/avukatimtv.com\/index.php\/wp-json\/wp\/v2\/tags?post=1590"}],"curies":[{"name":"wp","href":"https:\/\/api.w.org\/{rel}","templated":true}]}}