{"id":1594,"date":"2024-04-06T16:58:02","date_gmt":"2024-04-06T13:58:02","guid":{"rendered":"https:\/\/haberv8.thewpdemo.com\/bakan-akar-azerbaycanda-kardeslerimizle-tek-yumruk-olmaya-devam-ediyoruz\/-1594.html"},"modified":"2024-04-06T16:58:02","modified_gmt":"2024-04-06T13:58:02","slug":"bakan-akar-azerbaycanda-kardeslerimizle-tek-yumruk-olmaya-devam-ediyoruz","status":"publish","type":"post","link":"https:\/\/avukatimtv.com\/index.php\/2024\/04\/06\/bakan-akar-azerbaycanda-kardeslerimizle-tek-yumruk-olmaya-devam-ediyoruz\/","title":{"rendered":"Bakan Akar Azerbaycan&#8217;da! &#8216;Karde\u015flerimizle tek yumruk olmaya devam ediyoruz&#8217;"},"content":{"rendered":"<p>Milli Savunma Bakan\u0131 Hulusi Akar, Genelkurmay Ba\u015fkan\u0131 Orgeneral Ya\u015far G\u00fcler, Kara Kuvvetleri Komutan\u0131 Orgeneral Musa Avsever, Deniz Kuvvetleri Komutan\u0131 Oramiral Erc\u00fcment Tatl\u0131o\u011flu ve Hava Kuvvetleri Komutan\u0131 Orgeneral Atilla G\u00fclan ile birlikte resmi temaslarda bulunmak \u00fczere Azerbaycan\u2019\u0131n ba\u015fkenti Bak\u00fc\u2019ye geldi. Haydar Aliyev Uluslararas\u0131 Havaliman\u0131\u2019nda Azerbaycan Savunma Bakan\u0131 Orgeneral Zakir Hasanov, T\u00fcrkiye\u2019nin Bak\u00fc B\u00fcy\u00fckel\u00e7isi Cahit Ba\u011fc\u0131 ve di\u011fer yetkililer taraf\u0131ndan kar\u015f\u0131lanan Akar, beraberindeki komutanlarla Cumhurba\u015fkanl\u0131\u011f\u0131 Saray\u0131\u2019na ge\u00e7ti. Bakan Akar ve beraberindeki TSK komuta kademesi, Cumhurba\u015fkan\u0131 \u0130lham Aliyev taraf\u0131ndan kabul edildi.<\/p>\n<p><strong>\u201cAzerbaycanl\u0131 karde\u015flerimizle tek yumruk, tek y\u00fcrek olmaya devam ediyoruz\u201d<\/strong><\/p>\n<p>Cumhurba\u015fkan\u0131 Recep Tayyip Erdo\u011fan\u2019\u0131n ve t\u00fcm T\u00fcrkiye\u2019nin selamlar\u0131n\u0131 ileterek s\u00f6zlerine ba\u015flayan Akar, T\u00fcrk d\u00fcnyas\u0131n\u0131n b\u00fcy\u00fck ve bilge lideri Haydar Aliyev\u2019in ortaya koydu\u011fu \u201ctek millet iki devlet\u201d anlay\u0131\u015f\u0131yla iki \u00fclke aras\u0131ndaki karde\u015fli\u011fin s\u00fcrd\u00fc\u011f\u00fcn\u00fc vurgulad\u0131. Ebediyete intikalinin 19\u2019uncu y\u0131l\u0131nda Haydar Aliyev\u2019i rahmetle yad eden Akar, 30 y\u0131ll\u0131k i\u015fgali 44 g\u00fcn s\u00fcren Vatan Muharebesi ile sona erdiren Azerbaycan\u2019\u0131n Zafer G\u00fcn\u00fc\u2019n\u00fc de tebrik etti. Akar, \u201cAzerbaycan ordusu 44 g\u00fcn s\u00fcren Vatan Muharebesi ile i\u015fgal alt\u0131ndaki \u00f6z topraklar\u0131n\u0131 i\u015fgalden kurtard\u0131. Zafer elde edebilecek g\u00fc\u00e7, imkan ve kabiliyete sahip oldu\u011funu, T\u00fcrk&#8217;\u00fcn g\u00fcc\u00fcn\u00fc t\u00fcm d\u00fcnyaya g\u00f6sterdiler\u201d ifadelerini kullanarak, harekatta \u015fehit olanlara rahmet, yaral\u0131lara \u015fifa dileklerini iletti.<\/p>\n<p>            <img decoding=\"async\" src=\"https:\/\/haberv8.thewpdemo.com\/wp-content\/uploads\/2024\/04\/bakan-akar-azerbaycanda-kardeslerimizle-tek-yumruk-olmaya-devam-ediyoruz-0.jpg\" \/><\/p>\n<p>Akar, \u201cAzerbaycanl\u0131 karde\u015flerimizle tek yumruk, tek y\u00fcrek olmaya devam ediyoruz. Say\u0131n Cumhurba\u015fkan\u0131m\u0131z ile zat\u0131aliniz \u00e7izdi\u011fi \u00e7er\u00e7eve do\u011frultusunda \u00e7al\u0131\u015fmalar\u0131m\u0131z\u0131 kararl\u0131l\u0131kla s\u00fcrd\u00fcr\u00fcyoruz\u201d dedi.<\/p>\n<p><strong>\u201cAzerbaycan T\u00fcrk\u00fc\u2019n\u00fcn hakl\u0131 davalar\u0131nda hep yanlar\u0131nda olduk\u201d<\/strong><\/p>\n<p>\u0130mzalanan ate\u015fkesin ard\u0131ndan olu\u015fturulan ortak merkezde T\u00fcrk Silahl\u0131 Kuvvetleri ve Rusya Silahl\u0131 Kuvvetleri unsurlar\u0131n\u0131n \u00e7al\u0131\u015fmalar\u0131n\u0131 s\u00fcrd\u00fcrd\u00fc\u011f\u00fcn\u00fc aktaran Akar, &#8220;B\u00fct\u00fcn geli\u015fmeleri yak\u0131ndan takip ediyoruz. Azerbaycanl\u0131 karde\u015flerimizle i\u015f birli\u011fimizi s\u00fcrd\u00fcr\u00fcyoruz. Askeri e\u011fitim i\u015f birli\u011fi ve dan\u0131\u015fmanl\u0131k ile savunma sanayii konular\u0131nda neler yapabilece\u011fimizi birlikte \u00e7al\u0131\u015f\u0131yor ve karar veriyoruz. Birlikte uygulamalar\u0131 yap\u0131yoruz&#8221; ifadelerini kulland\u0131.<\/p>\n<p>\u0130ki \u00fclke aras\u0131ndaki \u00fcst d\u00fczey ili\u015fkilerin ve kar\u015f\u0131l\u0131kl\u0131 ziyaretlerin \u00f6nemine vurgu yapan Akar, \u201cAzerbaycanl\u0131 can karde\u015flerimizin, Azerbaycan T\u00fcrk\u00fc\u2019n\u00fcn hakl\u0131 davalar\u0131nda hep yanlar\u0131nda olduk, bundan sonra da ayn\u0131 \u015fekilde yan\u0131n\u0131zda olmaya devam edece\u011fiz\u201d dedi.<\/p>\n<p>            <img decoding=\"async\" src=\"https:\/\/haberv8.thewpdemo.com\/wp-content\/uploads\/2024\/04\/bakan-akar-azerbaycanda-kardeslerimizle-tek-yumruk-olmaya-devam-ediyoruz-1.jpg\" \/><\/p>\n<p>Azerbaycan ve T\u00fcrkiye&#8217;nin birlikte uzatt\u0131\u011f\u0131 bar\u0131\u015f elinin Ermenistan taraf\u0131ndan anla\u015f\u0131lmas\u0131 ve gere\u011finin yap\u0131lmas\u0131 gerekti\u011fine vurgu yapan Akar, \u201cBunun b\u00f6lge i\u00e7in de \u00f6nemli oldu\u011funu, bu \u015fekilde Kafkasya\u2019n\u0131n bar\u0131\u015f ve istikrar b\u00f6lgesine d\u00f6n\u00fc\u015febilece\u011fini ba\u015fta Ermenistan olmak \u00fczere herkesin g\u00f6rmesi laz\u0131m\u201d dedi.<\/p>\n<p>Azerbaycan Cumhurba\u015fkanl\u0131\u011f\u0131 taraf\u0131ndan yap\u0131lan a\u00e7\u0131klamada ise, 2022 y\u0131l\u0131n\u0131n Azerbaycan ile T\u00fcrkiye aras\u0131ndaki dost ve karde\u015flik ili\u015fkilerinin geli\u015fmesi a\u00e7\u0131s\u0131ndan \u00e7ok ba\u015far\u0131l\u0131 bir y\u0131l oldu\u011fu belirtilerek, askeri alan da dahil olmak \u00fczere her alanda ili\u015fkilerin g\u00fc\u00e7lendi\u011fi vurguland\u0131. \u015eu anda ger\u00e7ekle\u015ftirilen Azerbaycan-T\u00fcrkiye ortak askeri tatbikatlar\u0131n\u0131n b\u00fcy\u00fck \u00f6nem ta\u015f\u0131d\u0131\u011f\u0131 aktar\u0131lan a\u00e7\u0131klamada, iki \u00fclkenin her zaman birbirinin yan\u0131nda olaca\u011f\u0131 kaydedilerek, Azerbaycan ve T\u00fcrkiye&#8217;nin bundan sonra da her zaman birbirinin yan\u0131nda olaca\u011f\u0131 bildirildi.<\/p>\n<p>            <img decoding=\"async\" src=\"https:\/\/haberv8.thewpdemo.com\/wp-content\/uploads\/2024\/04\/bakan-akar-azerbaycanda-kardeslerimizle-tek-yumruk-olmaya-devam-ediyoruz-2.jpg\" \/><\/p>\n<p>G\u00f6r\u00fc\u015fmeye Azerbaycan Savunma Bakan\u0131 Hasanov ile T\u00fcrkiye\u2019nin Bak\u00fc B\u00fcy\u00fckel\u00e7isi Ba\u011fc\u0131 da kat\u0131ld\u0131.<\/p>\n<p><span style=\"color: #ff0000;\"><strong>ASKER\u0130 T\u00d6REN D\u00dcZENLEND\u0130 <\/strong><\/span><\/p>\n<p>Milli Savunma Bakan\u0131 Hulusi Akar, Azerbaycan Savunma Bakan\u0131 Orgeneral Zakir Hasanov ile g\u00f6r\u00fc\u015ft\u00fc. Akar, Azerbaycan Savunma Bakanl\u0131\u011f\u0131nda d\u00fczenlenen askeri t\u00f6rende ordu bandosu taraf\u0131ndan mehter mar\u015f\u0131 ile kar\u015f\u0131land\u0131.<\/p>\n<p>Milli Savunma Bakan\u0131 Hulusi Akar, Azerbaycan\u2019daki temaslar\u0131na devam ediyor. Akar, beraberinde Genelkurmay Ba\u015fkan\u0131 Orgeneral Ya\u015far G\u00fcler, Kara Kuvvetleri Komutan\u0131 Orgeneral Musa Avsever, Deniz Kuvvetleri Komutan\u0131 Oramiral Erc\u00fcment Tatl\u0131o\u011flu ve Hava Kuvvetleri Komutan\u0131 Orgeneral Atilla G\u00fclan ile Cumhurba\u015fkanl\u0131\u011f\u0131 Saray\u0131\u2019ndan Savunma Bakanl\u0131\u011f\u0131na ge\u00e7ti. Burada askeri t\u00f6renle kar\u015f\u0131lanan Bakan Akar\u2019\u0131n t\u00f6ren alan\u0131na geli\u015finde ordu bandosu taraf\u0131ndan mehter mar\u015f\u0131 \u00e7al\u0131nd\u0131. Ulusal mar\u015flar\u0131n \u00e7al\u0131nmas\u0131n\u0131n ard\u0131ndan t\u00f6ren birli\u011fini selamlayan Bakan Akar, daha sonra \u015feref defterini imzalad\u0131. T\u00f6renin ard\u0131ndan Milli Savunma Bakan\u0131 Akar ve Azerbaycan Savunma Bakan\u0131 Orgeneral Hasanov, \u00f6nce ba\u015f ba\u015fa g\u00f6r\u00fc\u015ft\u00fc, ard\u0131ndan iki bakan heyetler aras\u0131 g\u00f6r\u00fc\u015fmeye ba\u015fkanl\u0131k yapt\u0131.<\/p>\n<p>&#8220;\u0130kinci vatan\u0131m\u0131z&#8221; diye nitelendirdi\u011fi Azerbaycan&#8217;da bulunmaktan duydu\u011fu memnuniyeti ifade eden Akar, g\u00f6sterilen misafirperverlik i\u00e7in te\u015fekk\u00fcr etti. \u0130ki \u00fclke aras\u0131ndaki dostluk ve karde\u015fli\u011fin &#8220;tek millet iki devlet&#8221; anlay\u0131\u015f\u0131yla en \u00fcst d\u00fczeyde devam etti\u011fini belirten Akar, &#8220;T\u00fcrkiye olarak bug\u00fcne kadar oldu\u011fu gibi bundan sonra da Azerbaycanl\u0131 karde\u015flerimizle tek yumruk, tek y\u00fcrek olmaya devam edece\u011fiz. Her zaman can Azerbaycan&#8217;\u0131n yan\u0131nday\u0131z. Azerbaycan hi\u00e7bir zaman yaln\u0131z de\u011fildir&#8221; dedi.<\/p>\n<p>Azerbaycan Savunma Bakan\u0131 Hasanov da Akar ba\u015fkanl\u0131\u011f\u0131ndaki heyetle Bak\u00fc&#8217;de bir araya gelmekten duydu\u011fu memnuniyeti dile getirdi. T\u00fcrkiye ve Azerbaycan savunma bakanl\u0131klar\u0131 aras\u0131ndaki i\u015f birli\u011finin artarak devam etti\u011fini vurgulayan Hasanov, Milli Savunma Bakan\u0131 Akar&#8217;a desteklerinden dolay\u0131 te\u015fekk\u00fcr etti.<\/p>\n<p>Heyetler aras\u0131 toplant\u0131da T\u00fcrk Silahl\u0131 Kuvvetleri komuta kademesi ile Azerbaycan ordusu komuta kademesi yer ald\u0131.<\/p>\n","protected":false},"excerpt":{"rendered":"<p>Milli Savunma Bakan\u0131 Hulusi Akar, Genelkurmay Ba\u015fkan\u0131 Orgeneral Ya\u015far G\u00fcler, Kara Kuvvetleri Komutan\u0131 Orgeneral Musa Avsever, Deniz Kuvvetleri Komutan\u0131 Oramiral Erc\u00fcment Tatl\u0131o\u011flu ve Hava Kuvvetleri Komutan\u0131 Orgeneral Atilla G\u00fclan ile birlikte resmi temaslarda bulunmak \u00fczere Azerbaycan\u2019\u0131n ba\u015fkenti Bak\u00fc\u2019ye geldi. Haydar Aliyev Uluslararas\u0131 Havaliman\u0131\u2019nda Azerbaycan Savunma Bakan\u0131 Orgeneral Zakir Hasanov, T\u00fcrkiye\u2019nin Bak\u00fc B\u00fcy\u00fckel\u00e7isi Cahit Ba\u011fc\u0131 ve [&hellip;]<\/p>\n","protected":false},"author":1,"featured_media":1599,"comment_status":"open","ping_status":"closed","sticky":false,"template":"","format":"standard","meta":{"footnotes":""},"categories":[12],"tags":[29],"class_list":["post-1594","post","type-post","status-publish","format-standard","has-post-thumbnail","hentry","category-siyaset","tag-siyaset"],"_links":{"self":[{"href":"https:\/\/avukatimtv.com\/index.php\/wp-json\/wp\/v2\/posts\/1594","targetHints":{"allow":["GET"]}}],"collection":[{"href":"https:\/\/avukatimtv.com\/index.php\/wp-json\/wp\/v2\/posts"}],"about":[{"href":"https:\/\/avukatimtv.com\/index.php\/wp-json\/wp\/v2\/types\/post"}],"author":[{"embeddable":true,"href":"https:\/\/avukatimtv.com\/index.php\/wp-json\/wp\/v2\/users\/1"}],"replies":[{"embeddable":true,"href":"https:\/\/avukatimtv.com\/index.php\/wp-json\/wp\/v2\/comments?post=1594"}],"version-history":[{"count":0,"href":"https:\/\/avukatimtv.com\/index.php\/wp-json\/wp\/v2\/posts\/1594\/revisions"}],"wp:featuredmedia":[{"embeddable":true,"href":"https:\/\/avukatimtv.com\/index.php\/wp-json\/wp\/v2\/media\/1599"}],"wp:attachment":[{"href":"https:\/\/avukatimtv.com\/index.php\/wp-json\/wp\/v2\/media?parent=1594"}],"wp:term":[{"taxonomy":"category","embeddable":true,"href":"https:\/\/avukatimtv.com\/index.php\/wp-json\/wp\/v2\/categories?post=1594"},{"taxonomy":"post_tag","embeddable":true,"href":"https:\/\/avukatimtv.com\/index.php\/wp-json\/wp\/v2\/tags?post=1594"}],"curies":[{"name":"wp","href":"https:\/\/api.w.org\/{rel}","templated":true}]}}