{"id":1600,"date":"2024-04-06T16:58:10","date_gmt":"2024-04-06T13:58:10","guid":{"rendered":"https:\/\/haberv8.thewpdemo.com\/iyi-partili-ors-yogun-bakimdan-cikti\/-1600.html"},"modified":"2024-04-06T16:58:10","modified_gmt":"2024-04-06T13:58:10","slug":"iyi-partili-ors-yogun-bakimdan-cikti","status":"publish","type":"post","link":"https:\/\/avukatimtv.com\/index.php\/2024\/04\/06\/iyi-partili-ors-yogun-bakimdan-cikti\/","title":{"rendered":"\u0130Y\u0130 Parti\u2019li \u00d6rs yo\u011fun bak\u0131mdan \u00e7\u0131kt\u0131"},"content":{"rendered":"<p>\u00d6rs d\u00fcn kalp ritmindeki d\u00fczensizlik nedeniyle tedbir amac\u0131yla g\u00f6zlem alt\u0131nda tutuldu\u011fu yo\u011fun bak\u0131mdan \u00e7\u0131kar\u0131ld\u0131. \u0130Y\u0130 Parti S\u00f6zc\u00fcs\u00fc K\u00fcr\u015fat Zorlu, serviste tedavisi devam eden \u00d6rs\u2019\u00fc ziyaret etti. Ziyaret s\u0131ras\u0131nda \u00e7ekilen foto\u011fraf\u0131 Twitter\u2019daki hesab\u0131ndan payla\u015fan Zorlu, \u201cMilletvekilimiz H\u00fcseyin \u00d6rs az \u00f6nce yo\u011fun bak\u0131mdan \u00e7\u0131kt\u0131. Tedavisi burada devam edecek. Bilinmelidir ki b\u00f6ylesi sald\u0131r\u0131lar asl\u0131nda T\u00fcrk milletinin iradesine ve demokrasimize yap\u0131lmaktad\u0131r. \u0130Y\u0130 Parti olarak \u00fclkemizi bu anlay\u0131\u015ftan \u00e7\u0131karmaya ve kurtarmaya kararl\u0131y\u0131z\u201d dedi.\u00a0<\/p>\n","protected":false},"excerpt":{"rendered":"<p>\u00d6rs d\u00fcn kalp ritmindeki d\u00fczensizlik nedeniyle tedbir amac\u0131yla g\u00f6zlem alt\u0131nda tutuldu\u011fu yo\u011fun bak\u0131mdan \u00e7\u0131kar\u0131ld\u0131. \u0130Y\u0130 Parti S\u00f6zc\u00fcs\u00fc K\u00fcr\u015fat Zorlu, serviste tedavisi devam eden \u00d6rs\u2019\u00fc ziyaret etti. Ziyaret s\u0131ras\u0131nda \u00e7ekilen foto\u011fraf\u0131 Twitter\u2019daki hesab\u0131ndan payla\u015fan Zorlu, \u201cMilletvekilimiz H\u00fcseyin \u00d6rs az \u00f6nce yo\u011fun bak\u0131mdan \u00e7\u0131kt\u0131. Tedavisi burada devam edecek. Bilinmelidir ki b\u00f6ylesi sald\u0131r\u0131lar asl\u0131nda T\u00fcrk milletinin iradesine ve [&hellip;]<\/p>\n","protected":false},"author":1,"featured_media":1602,"comment_status":"open","ping_status":"closed","sticky":false,"template":"","format":"standard","meta":{"footnotes":""},"categories":[12],"tags":[29],"class_list":["post-1600","post","type-post","status-publish","format-standard","has-post-thumbnail","hentry","category-siyaset","tag-siyaset"],"_links":{"self":[{"href":"https:\/\/avukatimtv.com\/index.php\/wp-json\/wp\/v2\/posts\/1600","targetHints":{"allow":["GET"]}}],"collection":[{"href":"https:\/\/avukatimtv.com\/index.php\/wp-json\/wp\/v2\/posts"}],"about":[{"href":"https:\/\/avukatimtv.com\/index.php\/wp-json\/wp\/v2\/types\/post"}],"author":[{"embeddable":true,"href":"https:\/\/avukatimtv.com\/index.php\/wp-json\/wp\/v2\/users\/1"}],"replies":[{"embeddable":true,"href":"https:\/\/avukatimtv.com\/index.php\/wp-json\/wp\/v2\/comments?post=1600"}],"version-history":[{"count":0,"href":"https:\/\/avukatimtv.com\/index.php\/wp-json\/wp\/v2\/posts\/1600\/revisions"}],"wp:featuredmedia":[{"embeddable":true,"href":"https:\/\/avukatimtv.com\/index.php\/wp-json\/wp\/v2\/media\/1602"}],"wp:attachment":[{"href":"https:\/\/avukatimtv.com\/index.php\/wp-json\/wp\/v2\/media?parent=1600"}],"wp:term":[{"taxonomy":"category","embeddable":true,"href":"https:\/\/avukatimtv.com\/index.php\/wp-json\/wp\/v2\/categories?post=1600"},{"taxonomy":"post_tag","embeddable":true,"href":"https:\/\/avukatimtv.com\/index.php\/wp-json\/wp\/v2\/tags?post=1600"}],"curies":[{"name":"wp","href":"https:\/\/api.w.org\/{rel}","templated":true}]}}