{"id":1603,"date":"2024-04-06T16:58:11","date_gmt":"2024-04-06T13:58:11","guid":{"rendered":"https:\/\/haberv8.thewpdemo.com\/ucuz-dogal-gazda-3uncu-siradayiz\/-1603.html"},"modified":"2024-04-06T16:58:11","modified_gmt":"2024-04-06T13:58:11","slug":"ucuz-dogal-gazda-3uncu-siradayiz","status":"publish","type":"post","link":"https:\/\/avukatimtv.com\/index.php\/2024\/04\/06\/ucuz-dogal-gazda-3uncu-siradayiz\/","title":{"rendered":"\u2018Ucuz do\u011fal gazda 3\u2019\u00fcnc\u00fc s\u0131raday\u0131z\u2019"},"content":{"rendered":"<p><strong>MEHTAP G\u00d6KDEM\u0130R-<\/strong> TBMM Genel Kurulu\u2019nda d\u00fcn Enerji ve Tabii Kaynaklar ile Ticaret, \u00c7evre \u015eehircilik ve \u0130klim De\u011fi\u015fikli\u011fi bakanl\u0131klar\u0131n\u0131n 2023 y\u0131l\u0131 b\u00fct\u00e7eleri ele al\u0131nd\u0131. Enerji ve Tabii Kaynaklar Bakan\u0131 Fatih D\u00f6nmez, bakanl\u0131\u011f\u0131n\u0131n b\u00fct\u00e7esi \u00fczerinde yapt\u0131\u011f\u0131 konu\u015fmada \u00f6zetle \u015funlar\u0131 s\u00f6yledi:<\/p>\n<p><strong>ULUSAL ENERJ\u0130 PLANI:<\/strong> Enerji sekt\u00f6r\u00fcne yat\u0131r\u0131m yapmak isteyen giri\u015fimcilerimiz i\u00e7in bir rehber niteli\u011fi ta\u015f\u0131yacak T\u00fcrkiye Ulusal Enerji Plan\u0131n\u0131 k\u0131sa s\u00fcre i\u00e7inde yay\u0131mlayaca\u011f\u0131z.<\/p>\n<p><strong>DO\u011eAL GAZ HEDEF\u0130:<\/strong> 2022-2026 d\u00f6neminde 275 yerle\u015fim yerine daha do\u011fal gaz ula\u015ft\u0131r\u0131lmas\u0131 hedeflenmektedir. 20 y\u0131lda do\u011fal gaz imk\u00e2n\u0131 sundu\u011fumuz vatanda\u015flar\u0131m\u0131z\u0131n say\u0131s\u0131 4,2 kat\u0131na \u00e7\u0131karak 69 milyona ula\u015fm\u0131\u015ft\u0131r. 2021 y\u0131l\u0131nda 2022 y\u0131l\u0131 Kas\u0131m T\u00dcFE\u2019sine g\u00f6re yakla\u015f\u0131k 13,3 milyar TL do\u011fal gaz \u015febeke yat\u0131r\u0131m\u0131 yap\u0131lm\u0131\u015fken bu tutar\u0131n 2022 y\u0131l\u0131nda 18,9 milyar TL olmas\u0131 planlanmaktad\u0131r.<\/p>\n<p><strong>ELEKTR\u0130KTE D\u00d6RD\u00dcNC\u00dc \u00dcLKEY\u0130Z:<\/strong> Ge\u00e7en y\u0131l elektrik ve do\u011fal gazda 100 milyar TL s\u00fcbvansiyon yapt\u0131k. Halihaz\u0131rda elektrikte d\u00fc\u015f\u00fck kademede yakla\u015f\u0131k y\u00fczde 50, do\u011fal gazda ise y\u00fczde 75 ile s\u00f6z konusu deste\u011fi art\u0131rarak s\u00fcrd\u00fcr\u00fcyoruz. Ekim ay\u0131 itibar\u0131yla Avrupa \u00fclkeleri aras\u0131nda meskenlerde vatanda\u015flar\u0131na birim enerji ba\u015f\u0131na en ucuz do\u011fal gaz sa\u011flayan \u00fc\u00e7\u00fcnc\u00fc, elektrikte ise d\u00f6rd\u00fcnc\u00fc \u00fclke konumunday\u0131z.<\/p>\n<p><strong>YERL\u0130 GAZ:<\/strong> Son 5 y\u0131lda TPAO taraf\u0131ndan yap\u0131lan hidrokarbon \u00fcretimi yakla\u015f\u0131k y\u00fczde 70 artm\u0131\u015ft\u0131r. Toplam 540 milyar m3\u2019l\u00fck do\u011fal gaz ke\u015ffi sonras\u0131nda, ke\u015fiften ilk \u00fcretime kadar d\u00fcnyan\u0131n en h\u0131zl\u0131 saha geli\u015ftirme projesini yakla\u015f\u0131k 2,5 y\u0131l gibi rekor bir s\u00fcrede tamamlayarak Cumhuriyetin 100. y\u0131l\u0131nda yerli gaz\u0131m\u0131z\u0131 milletimizle bulu\u015fturmay\u0131 hedefliyoruz. Bu kapsamda derin deniz taban\u0131ndaki 170 kilometrelik boru hatt\u0131n\u0131n serim i\u015flemini tamamlad\u0131k. Test ve devreye alma i\u015flemleri ise devam etmekte olup Filyos Do\u011fal Gaz \u0130\u015fleme Tesisi\u2019ndeki \u00e7al\u0131\u015fmalar\u0131m\u0131z\u0131 da \u00f6nemli \u00f6l\u00e7\u00fcde tamamlad\u0131k.<\/p>\n<p><strong>OLUMSUZLUK YA\u015eAMAYACA\u011eIZ:<\/strong> Avrupa \u00fclkeleri \u00f6n\u00fcm\u00fczdeki k\u0131\u015f aylar\u0131n\u0131 endi\u015fe ile beklerken toplam yakla\u015f\u0131k 6 milyar m3 kapasiteye sahip ve y\u00fczde 100 dolu olan Silivri yer alt\u0131 do\u011fal gaz depolama tesisi ile Tuz G\u00f6l\u00fc yer alt\u0131 depolama tesisinin mevcut kapasitesini iki y\u0131l i\u00e7erisinde 10 milyar m3\u2019e \u00e7\u0131karaca\u011f\u0131z. Toplam geri \u00fcretim kapasitesi ise g\u00fcnl\u00fck 155 milyon m3\u2019e ula\u015facakt\u0131r. Altyap\u0131 tesislerimiz ve kaynak esnekli\u011fimiz sayesinde k\u0131\u015f aylar\u0131nda, bir olumsuzluk ya\u015famamay\u0131 hedefliyoruz. Ayr\u0131ca TANAP do\u011fal gaz boru hatt\u0131n\u0131n kapasitesinin iki kat\u0131na \u00e7\u0131kar\u0131lmas\u0131 suretiyle Hazar B\u00f6lgesinden hem T\u00fcrkiye\u2019ye hem de Avrupa\u2019ya daha fazla gaz arz\u0131 sa\u011flanmas\u0131 i\u00e7in \u00e7al\u0131\u015fmalar\u0131m\u0131za ba\u015flad\u0131k.<\/p>\n<p><strong>DO\u011eAL GAZ T\u0130CARET MERKEZ\u0130:<\/strong> 196 bin km\u2019lik do\u011fal gaz iletim ve da\u011f\u0131t\u0131m boru hatt\u0131, yak\u0131nda servise al\u0131nacak olan \u00fc\u00e7\u00fcnc\u00fc y\u00fczer depolama ve gazla\u015ft\u0131rma \u00fcnitemiz Saros FSRU ile birlikte toplam 5 LNG terminali, 2 yer alt\u0131 depolama tesisi ile fiziki altyap\u0131s\u0131n\u0131 g\u00fc\u00e7lendiren, yak\u0131n zamanda tesis etti\u011fi vadeli i\u015flemler piyasas\u0131 ile ticari altyap\u0131s\u0131n\u0131 haz\u0131rlayan \u00fclkemiz i\u00e7in bir sonraki ad\u0131m d\u00fcnyadaki \u00f6rneklerine benzer ve referans al\u0131nan bir do\u011fal gaz ticaret merkezi kurmakt\u0131r. Trakya\u2019da kurmay\u0131 planlad\u0131\u011f\u0131m\u0131z do\u011fal gaz ticaret merkezi i\u00e7in izlenecek yol haritas\u0131n\u0131 k\u0131sa s\u00fcrede netle\u015ftirece\u011fiz. Yapt\u0131\u011f\u0131m\u0131z ve yapaca\u011f\u0131m\u0131z yat\u0131r\u0131mlara ba\u011fl\u0131 olarak bir\u00e7ok \u00fclkeden gerek boru hatt\u0131 gerekse LNG \u015feklinde temin edece\u011fimiz do\u011fal gaz ve Karadeniz\u2019den elde edece\u011fimiz kendi do\u011fal gaz\u0131m\u0131z sayesinde, piyasa kat\u0131l\u0131mc\u0131lar\u0131 hem fiziki olarak hem de finansal enstr\u00fcmanlar ile do\u011fal gaz ticareti yapabilecektir.<\/p>\n<p><strong>ENERJ\u0130 \u0130THALAT FATURASI AZALTILACAK:<\/strong> 2053 y\u0131l\u0131 net s\u0131f\u0131r emisyon hedefi kapsam\u0131nda elektroliz\u00f6r kapasitemizi 70 GW seviyesine ula\u015ft\u0131raca\u011f\u0131z. Bu sayede, ye\u015fil d\u00f6n\u00fc\u015f\u00fcme katk\u0131 sunarken, enerji ithalat faturam\u0131z\u0131 azaltaca\u011f\u0131z ve ekonomimizin rekabet g\u00fcc\u00fcn\u00fc art\u0131raca\u011f\u0131z.<\/p>\n<p><strong>M\u0130LL\u0130 MADEN POL\u0130T\u0130KASI:<\/strong> T\u00fcrkiye Y\u00fczy\u0131l\u0131, milli maden politikam\u0131zda u\u00e7 \u00fcr\u00fcn \u00fcretimi ve ticaretine \u00f6ncelik verdi\u011fimiz bir d\u00f6nem olacakt\u0131r. Savunma sanayiinde ve a\u015f\u0131nmaya dayan\u0131kl\u0131 makine par\u00e7alar\u0131n\u0131n \u00fcretiminde kullan\u0131lacak y\u0131ll\u0131k 1.000 ton kapasiteli Bor Karb\u00fcr \u00dcretim Tesisi ile \u00fclkemiz ferrobor ihtiyac\u0131n\u0131 kar\u015f\u0131layacak y\u0131ll\u0131k 800 ton kapasiteli tesisi Bal\u0131kesir\/Band\u0131rma\u2019da 2023 y\u0131l\u0131 i\u00e7inde tamamlamay\u0131 \u00f6ng\u00f6r\u00fcyoruz.<\/p>\n<p><strong>\u00a0Salonu terk ettiler<\/strong><\/p>\n<p>B\u00fct\u00e7e g\u00f6r\u00fc\u015fmelerinde \u0130Y\u0130 Partili milletvekilleri, grup arkada\u015flar\u0131 Trabzon Milletvekili H\u00fcseyin \u00d6rs\u2019e, AK Parti\u2019li Zafer I\u015f\u0131k taraf\u0131ndan ger\u00e7ekle\u015ftirilen yumruklu sald\u0131r\u0131y\u0131 k\u0131nad\u0131. \u0130Y\u0130 Parti Grup Ba\u015fkanvekili Erhan Usta, \u201cAdalet ve Kalk\u0131nma Partisi y\u00f6netimi, bu \u015fiddet meyilli milletvekiline kar\u015f\u0131 bir tutum al\u0131ncaya kadar Adalet ve Kalk\u0131nma Partisi\u2019ni dinlemeyece\u011fiz\u201d dedi. AK Parti konu\u015fmac\u0131lar\u0131 anons edilince \u0130Y\u0130 Parti s\u0131ralar\u0131 bo\u015fald\u0131. CHP\u2019li vekillerin b\u00fcy\u00fck b\u00f6l\u00fcm\u00fc de salon \u00e7\u0131kt\u0131.<\/p>\n<p><strong>\u2018Po\u015fet fiyatlar\u0131 artmayacak\u2019<\/strong><\/p>\n<p>\u00c7evre, \u015eehircilik ve \u0130klim De\u011fi\u015fikli\u011fi Bakan\u0131 Murat Kurum, \u201cEkim ay\u0131nda temellerini att\u0131\u011f\u0131m\u0131z 5.615 konutumuzla beraber; ihalesi yap\u0131lan ve ihale a\u015famas\u0131nda olan konut say\u0131m\u0131z da \u015fu an itibariyle 22 bin 500 say\u0131s\u0131na ula\u015ft\u0131. Kura \u00e7ekimlerimiz; 2023 Mart ay\u0131na kadar\u00a0tamamlanm\u0131\u015f olacak\u201d dedi. Kurum, \u201cPo\u015fet fiyatlar\u0131n\u0131 25 kuru\u015f olarak belirliyor ve bir art\u0131\u015fa gitmiyoruz\u201d a\u00e7\u0131klamas\u0131 yapt\u0131.<\/p>\n","protected":false},"excerpt":{"rendered":"<p>MEHTAP G\u00d6KDEM\u0130R- TBMM Genel Kurulu\u2019nda d\u00fcn Enerji ve Tabii Kaynaklar ile Ticaret, \u00c7evre \u015eehircilik ve \u0130klim De\u011fi\u015fikli\u011fi bakanl\u0131klar\u0131n\u0131n 2023 y\u0131l\u0131 b\u00fct\u00e7eleri ele al\u0131nd\u0131. Enerji ve Tabii Kaynaklar Bakan\u0131 Fatih D\u00f6nmez, bakanl\u0131\u011f\u0131n\u0131n b\u00fct\u00e7esi \u00fczerinde yapt\u0131\u011f\u0131 konu\u015fmada \u00f6zetle \u015funlar\u0131 s\u00f6yledi: ULUSAL ENERJ\u0130 PLANI: Enerji sekt\u00f6r\u00fcne yat\u0131r\u0131m yapmak isteyen giri\u015fimcilerimiz i\u00e7in bir rehber niteli\u011fi ta\u015f\u0131yacak T\u00fcrkiye Ulusal Enerji [&hellip;]<\/p>\n","protected":false},"author":1,"featured_media":1605,"comment_status":"open","ping_status":"closed","sticky":false,"template":"","format":"standard","meta":{"footnotes":""},"categories":[12],"tags":[29],"class_list":["post-1603","post","type-post","status-publish","format-standard","has-post-thumbnail","hentry","category-siyaset","tag-siyaset"],"_links":{"self":[{"href":"https:\/\/avukatimtv.com\/index.php\/wp-json\/wp\/v2\/posts\/1603","targetHints":{"allow":["GET"]}}],"collection":[{"href":"https:\/\/avukatimtv.com\/index.php\/wp-json\/wp\/v2\/posts"}],"about":[{"href":"https:\/\/avukatimtv.com\/index.php\/wp-json\/wp\/v2\/types\/post"}],"author":[{"embeddable":true,"href":"https:\/\/avukatimtv.com\/index.php\/wp-json\/wp\/v2\/users\/1"}],"replies":[{"embeddable":true,"href":"https:\/\/avukatimtv.com\/index.php\/wp-json\/wp\/v2\/comments?post=1603"}],"version-history":[{"count":0,"href":"https:\/\/avukatimtv.com\/index.php\/wp-json\/wp\/v2\/posts\/1603\/revisions"}],"wp:featuredmedia":[{"embeddable":true,"href":"https:\/\/avukatimtv.com\/index.php\/wp-json\/wp\/v2\/media\/1605"}],"wp:attachment":[{"href":"https:\/\/avukatimtv.com\/index.php\/wp-json\/wp\/v2\/media?parent=1603"}],"wp:term":[{"taxonomy":"category","embeddable":true,"href":"https:\/\/avukatimtv.com\/index.php\/wp-json\/wp\/v2\/categories?post=1603"},{"taxonomy":"post_tag","embeddable":true,"href":"https:\/\/avukatimtv.com\/index.php\/wp-json\/wp\/v2\/tags?post=1603"}],"curies":[{"name":"wp","href":"https:\/\/api.w.org\/{rel}","templated":true}]}}