{"id":1606,"date":"2024-04-06T16:58:12","date_gmt":"2024-04-06T13:58:12","guid":{"rendered":"https:\/\/haberv8.thewpdemo.com\/butce-maratonu-gergin-basladi-vekiller-birbirine-girdi\/-1606.html"},"modified":"2024-04-06T16:58:12","modified_gmt":"2024-04-06T13:58:12","slug":"butce-maratonu-gergin-basladi-vekiller-birbirine-girdi","status":"publish","type":"post","link":"https:\/\/avukatimtv.com\/index.php\/2024\/04\/06\/butce-maratonu-gergin-basladi-vekiller-birbirine-girdi\/","title":{"rendered":"B\u00fct\u00e7e maratonu gergin ba\u015flad\u0131! Vekiller birbirine girdi"},"content":{"rendered":"<p>TBMM Genel Kurulu\u2019nda, 2023 Y\u0131l\u0131 Merkezi Y\u00f6netim B\u00fct\u00e7e Kanunu Teklifi\u2019nin haftasonlar\u0131 da dahil olmak \u00fczere aral\u0131ks\u0131z 12 g\u00fcn s\u00fcrecek g\u00f6r\u00fc\u015fme maratonu d\u00fcn ba\u015flad\u0131. CHP grubu ad\u0131na Genel Ba\u015fkan Kemal K\u0131l\u0131\u00e7daro\u011flu\u2019nun k\u00fcrs\u00fcye \u00e7\u0131kt\u0131\u011f\u0131 g\u00f6r\u00fc\u015fmeleri, MHP Genel Ba\u015fkan\u0131 Devlet Bah\u00e7eli yerinden takip etti. B\u00fct\u00e7enin t\u00fcm\u00fc \u00fczerine yap\u0131lan ilk g\u00fcn g\u00f6r\u00fc\u015fmelerini TBMM Ba\u015fkan\u0131 Mustafa \u015eentop bizzat y\u00f6netti. \u015eentop, Cumhuriyet\u2019in 100. y\u0131l\u0131n\u0131n b\u00fct\u00e7e g\u00f6r\u00fc\u015fmelerinin hay\u0131rl\u0131 sonu\u00e7lara vesile olmas\u0131n\u0131 diledi.<\/p>\n<p>Kad\u0131nlar\u0131n se\u00e7me ve se\u00e7ilme hakk\u0131n\u0131n verilmesinin 88. y\u0131ld\u00f6n\u00fcm\u00fcne de i\u015faret eden \u015eentop, \u201cBu ileri g\u00f6r\u00fc\u015fl\u00fc ve \u00f6nc\u00fc kararda eme\u011fi olan ba\u015fta ilk TBMM Ba\u015fkan\u0131 ve ilk Cumhurba\u015fkan\u0131\u2019m\u0131z Gazi Mustafa Kemal Atat\u00fcrk ve b\u00fct\u00fcn d\u00f6nem milletvekillerini sayg\u0131yla ve \u015f\u00fckranla an\u0131yorum. Kad\u0131nlar\u0131n daha fazla siyasi kat\u0131l\u0131m\u0131n\u0131n sa\u011flanaca\u011f\u0131 g\u00fcnlere do\u011fru umutla ve kararl\u0131l\u0131kla\u201d ifadelerini kulland\u0131.<\/p>\n<p>G\u00f6r\u00fc\u015fmelerde partisi ad\u0131na konu\u015fan AK Parti Genel Ba\u015fkanvekili Numan Kurtulmu\u015f, CHP Lideri Kemal K\u0131l\u0131\u00e7daro\u011flu\u2019nun ele\u015ftirilerine yan\u0131t verdi. Kurtulmu\u015f, \u201c\u2019Milletvekillerini kim belirliyor\u2019 diyorsunuz; sizin milletvekillerinizi de kimin nas\u0131l belirledi\u011fini herkes biliyor. Sosyal medyaya kadar d\u00fc\u015fm\u00fc\u015f olan \u015fu anda partinizle alakas\u0131 bulunmayan iki de\u011ferli y\u00f6neticinizin nas\u0131l, ne \u015fekilde milletvekili se\u00e7ildi\u011fini biliyoruz\u201d dedi. K\u0131l\u0131\u00e7daro\u011flu\u2019nun Cumhurba\u015fkan\u0131 Erdo\u011fan\u2019\u0131n, \u2018halkta kar\u015f\u0131l\u0131\u011f\u0131n\u0131n kalmad\u0131\u011f\u0131n\u0131\u2019 s\u00f6yledi\u011fini hat\u0131rlatan Kurtulmu\u015f, \u201cBiz de K\u0131l\u0131\u00e7daro\u011flu\u2019na diyoruz ki, madem Recep Tayyip Erdo\u011fan\u2019\u0131n halkta kar\u015f\u0131l\u0131\u011f\u0131 yoktur; buyrun er meydan\u0131na adayl\u0131\u011f\u0131n\u0131z\u0131 ilan edin. Zaten say\u0131n K\u0131l\u0131\u00e7daro\u011flu\u2019nun buradaki konu\u015fmas\u0131 bir Genel Kurul b\u00fct\u00e7e konu\u015fmas\u0131 de\u011fil; bir cumhurba\u015fkanl\u0131\u011f\u0131 adayl\u0131\u011f\u0131 konu\u015fmas\u0131yd\u0131\u201d ifadelerini kulland\u0131.<\/p>\n<p>Kurtulmu\u015f, muhalefetin \u201chileli zarlarla se\u00e7im kazanma taktikleri\u201d ele\u015ftirisine de yan\u0131t verirken, \u201cHileli zarlarla se\u00e7im kazanmak laf\u0131n\u0131 bizim lugat\u0131m\u0131zda bulamazs\u0131n\u0131z. Biz milletin g\u00f6nl\u00fcne girerek, milletin \u00e7ar\u015f\u0131s\u0131nda pazar\u0131nda, cenazesinde olarak se\u00e7imleri kazan\u0131r ve Meclis\u2019e geliriz\u201d diye konu\u015ftu.<\/p>\n<p><strong>KAVGA \u00c7IKTI<\/strong><\/p>\n<p>Kurtulmu\u015f\u2019un konu\u015fmas\u0131 s\u0131ras\u0131nda muhalefet vekilleri s\u0131ralara vurarak Kurtulmu\u015f\u2019un konu\u015fmas\u0131na izin vermedi, baz\u0131 vekiller \u00f6n s\u0131ralara do\u011fru y\u00fcr\u00fcd\u00fc. Bu s\u0131rada oturumu y\u00f6neten Mustafa \u015eentop muhalefete uyar\u0131da bulunarak, \u201c\u00c7al\u0131\u015fma d\u00fczenini bozmaktan \u0130\u00e7t\u00fcz\u00fc\u011fe g\u00f6re i\u015flem yapaca\u011f\u0131m\u201d dedi. Muhalefetin sloganl\u0131 tepkisi Kurtulmu\u015f\u2019un konu\u015fmas\u0131 s\u00fcresince devam edince \u015eentop birle\u015fime ara vermek durumunda kald\u0131. Bu s\u0131rada AK Parti ve CHP gruplar\u0131 aras\u0131nda ya\u015fanan at\u0131\u015fma arbedeye d\u00f6n\u00fc\u015ft\u00fc. Vekiller aras\u0131nda fiziki kavga ancak idare amirlerinin araya girmesi ile \u00f6nlendi.<\/p>\n<p>            <img decoding=\"async\" src=\"https:\/\/haberv8.thewpdemo.com\/wp-content\/uploads\/2024\/04\/butce-maratonu-gergin-basladi-vekiller-birbirine-girdi-0.jpg\" \/><\/p>\n<p><strong>\u2018FAK\u0130RLE\u015eME YOK\u2019<\/strong><\/p>\n<p>AK Parti Genel Ba\u015fkan Yard\u0131mc\u0131s\u0131 ve \u0130stanbul Milletvekili Nurettin Canikli ise konu\u015fmas\u0131nda h\u00fck\u00fcmetin yeni ekonomi modeli ile ilgili \u00f6zetle \u015funlar\u0131 s\u00f6yledi:<\/p>\n<p>\u201cMerkez Bankas\u0131\u2019n\u0131n karar\u0131yla ama Say\u0131n Cumhurba\u015fkan\u0131m\u0131z\u0131n \u0131srarl\u0131 taleplerinin pay\u0131yla eyl\u00fcl ay\u0131 sonuna kadar y\u00fczde 30 olmas\u0131 gereken faiz oran\u0131, y\u00fczde 19\u2019dan h\u0131zla d\u00fc\u015f\u00fcr\u00fclmeye ba\u015fland\u0131; \u015fu anda y\u00fczde 9,5 olarak uygulan\u0131yor. E\u011fer d\u00fc\u015f\u00fck faiz politikas\u0131na ge\u00e7ilmeseydi Hazine y\u00fczde 10-11 yerine y\u00fczde 86\u2019dan bor\u00e7lanacakt\u0131 ve 2022 b\u00fct\u00e7esinden en az 1,2 trilyon lira faiz \u00f6demesi yap\u0131lacakt\u0131. \u015eimdi yap\u0131lan \u00f6deme 300 milyar. T\u00fcrkiye, 2021 y\u0131l\u0131n\u0131n 4. \u00e7eyre\u011finde y\u00fczde 9,6 b\u00fcy\u00fcrken \u00c7in y\u00fczde 4 b\u00fcy\u00fcd\u00fc; 2022 y\u0131l\u0131n\u0131n 3. \u00e7eyre\u011finde T\u00fcrkiye y\u00fczde 3,9; \u00c7in y\u00fczde 3,9 b\u00fcy\u00fcd\u00fc. Demek ki faizlerin d\u00fc\u015f\u00fcr\u00fclmesinin hedefi olan b\u00fcy\u00fcme sa\u011flanm\u0131\u015f. 1 y\u0131l \u00f6nce asgari \u00fccret 205,9 dolard\u0131; bug\u00fcn 295 dolar. 1 y\u0131l \u00f6nce asgari \u00fccretle 41 kilo dana ku\u015fba\u015f\u0131 et al\u0131nabiliyorken, bug\u00fcn 42 kilo al\u0131nabiliyor. \u00c7ok art\u0131\u015f yok ama d\u00fc\u015fmemi\u015f.\u00a0Fakirle\u015fme yok zenginle\u015fme var, rakamlar bunu g\u00f6steriyor.\u201d<\/p>\n<p>            <img decoding=\"async\" src=\"https:\/\/haberv8.thewpdemo.com\/wp-content\/uploads\/2024\/04\/butce-maratonu-gergin-basladi-vekiller-birbirine-girdi-1.jpg\" \/><\/p>\n<p><span style=\"color: #000000;\"><strong>\u2018TERC\u0130H\u0130M SINIF ARKADA\u015eIM\u2019<\/strong><\/span><\/p>\n<p>MHP lideri Bah\u00e7eli, kuliste milletvekilleriyle sohbet etti. Alt\u0131l\u0131 Masa\u2019n\u0131n cumhurba\u015fkan\u0131 aday\u0131n\u0131n anketle belirlenece\u011fi iddias\u0131n\u0131 de\u011ferlendiren Bah\u00e7eli, \u201cBenim tercihim s\u0131n\u0131f arkada\u015f\u0131md\u0131r\u2019\u2019 diyerek CHP Genel Ba\u015fkan\u0131 K\u0131l\u0131\u00e7daro\u011flu\u2019nu i\u015faret etti. \u201cAlt\u0131l\u0131 masan\u0131n cumhurba\u015fkanl\u0131\u011f\u0131 adayl\u0131\u011f\u0131 anketine siz de kat\u0131lacak m\u0131s\u0131n\u0131z? Kat\u0131l\u0131r m\u0131s\u0131n\u0131z\u201d sorusuna Bah\u00e7eli, \u015fu yan\u0131t\u0131 verdi: \u201cTelevizyonda bahsettiler, en sonunda 15 Ocak\u2019a kadar zannediyorum aday belirlemede bir kamuoyu ara\u015ft\u0131rmas\u0131 yaparcas\u0131na bir anket yapal\u0131m, ankette kim \u00e7\u0131karsa ona karar verelim, siz de bu ankete m\u00fcracaat edilirse kat\u0131l\u0131r m\u0131s\u0131n\u0131z, dediler. Ben hen\u00fcz daha cevap vermedim. Var tabi d\u00fc\u015f\u00fcncem var. S\u00f6yleyeyim \u015fimdi size&#8230; E\u011fer birisi ankette bana gelirse derse ki \u2018B\u00f6yle bir alt\u0131 ki\u015fi anket yap\u0131yoruz, siz bu ankette kime \u2018evet\u2019 dersiniz veyahutta \u2018benimsersiniz\u2019\u00a0dedi\u011fi zaman \u2018Tercihim s\u0131n\u0131f arkada\u015f\u0131md\u0131r\u2019 derim.\u201d Bah\u00e7eli ve K\u0131l\u0131\u00e7daro\u011flu, 1967-1971 y\u0131llar\u0131 aras\u0131nda Ankara \u0130ktisadi ve Ticari \u0130limler Akademisi\u2019nde ayn\u0131 d\u00f6nem \u00f6\u011frenim g\u00f6rm\u00fc\u015ft\u00fc. Bah\u00e7eli, Akademi\u2019nin \u201cmaliye\u201d, K\u0131l\u0131\u00e7daro\u011flu ise \u201cd\u0131\u015f ticaret\u201d b\u00f6l\u00fcm\u00fcn\u00fc bitirerek mezun olmu\u015flard\u0131.<\/p>\n<p>            <img decoding=\"async\" src=\"https:\/\/haberv8.thewpdemo.com\/wp-content\/uploads\/2024\/04\/butce-maratonu-gergin-basladi-vekiller-birbirine-girdi-2.jpg\" \/><\/p>\n<p><strong>GELENEK BOZULDU<\/strong><\/p>\n<p>B\u00fct\u00e7e g\u00f6r\u00fc\u015fmeleri i\u00e7in Genel Kurul\u2019a her zaman ilk gelen lider Bah\u00e7eli olurdu. Bu kez HDP E\u015f Genel Ba\u015fkanlar\u0131 Pervin Buldan ve Mithat Sancar salona \u00f6nce geldi. K\u0131l\u0131\u00e7daro\u011flu ve Bah\u00e7eli de saniye fark\u0131yla muhalefet kulisine art arda girdiler.<\/p>\n<p>HDP\u2019li Sancar, \u0130Y\u0130 Parti grubu ad\u0131na yap\u0131lan konu\u015fmalar s\u0131ras\u0131nda bir grup milletvekiliyle birlikte salondan ayr\u0131ld\u0131. G\u00f6r\u00fc\u015fmelere verilen arada kuliste kar\u015f\u0131la\u015fan K\u0131l\u0131\u00e7daro\u011flu ve Buldan tokala\u015ft\u0131. CHP lideri ard\u0131ndan da milletvekilleriyle kuliste\u00a0\u00e7ay i\u00e7ti.<\/p>\n<p><span style=\"color: #000000;\"><strong>OKTAY: HODR\u0130 MEYDAN!<\/strong><\/span><\/p>\n<p>Cumhurba\u015fkan\u0131 Yard\u0131mc\u0131s\u0131 Fuat Oktay, CHP Genel Ba\u015fkan\u0131 Kemal K\u0131l\u0131\u00e7daro\u011flu\u2019nun ifadelerine yan\u0131t verdi. Oktay, \u201cEl insaf, Allah\u2019tan kork! Kendi \u00fclkesini uyu\u015fturucu ve kara para aklamayla itham eden bir siyasi parti genel ba\u015fkan\u0131na cevap vermek bile zul. Ortal\u0131\u011f\u0131 buland\u0131rmak, yasad\u0131\u015f\u0131 i\u015flemleri te\u015fvik eden bir h\u00fck\u00fcmet olarak bize iftira atmak en basit tabirle insafs\u0131zl\u0131kt\u0131r, bu millete ihanettir, bu \u00fclkeye ihanettir. T\u00fcrkiye Cumhuriyeti devletinin ve bakanlar\u0131n\u0131n uyu\u015fturucuyla ili\u015fkili oldu\u011funa dair elinde bilgi veya bulgu olup da a\u00e7\u0131klamayan namerttir\u201d tepkisini g\u00f6sterdi. Oktay, \u201cBizim kadrolar\u0131m\u0131z\u0131 3. s\u0131n\u0131f diye itham edenlere \u015fahs\u0131m ve t\u00fcm kabine arkada\u015flar\u0131m ad\u0131na sesleniyorum: Senin t\u00fcm kadrolar\u0131na da, atad\u0131\u011f\u0131n 70 ki\u015filik toplama dan\u0131\u015fmanlar\u0131n\u0131n tamam\u0131na da a\u00e7\u0131k\u00e7a meydan okuyoruz! Hodri meydan! 100. y\u0131l\u0131n b\u00fct\u00e7esiyle, Cumhuriyetimizin yeni y\u00fczy\u0131l\u0131na, T\u00fcrkiye Y\u00fczy\u0131l\u0131na g\u00fc\u00e7l\u00fc bir ba\u015flang\u0131\u00e7 yap\u0131yoruz. 2053, 2071 hedeflerimizi de d\u00e2hil etti\u011fimiz T\u00fcrkiye Y\u00fczy\u0131l\u0131 program\u0131m\u0131zda bu millete s\u00f6z\u00fcm\u00fcz, sevdam\u0131z, ahdimiz var\u201d ifadelerini kulland\u0131.<\/p>\n<p><span style=\"color: #000000;\"><strong>CHP\u2019L\u0130 SERTEL\u2019E CEZA<\/strong><\/span><\/p>\n<p>G\u00f6r\u00fc\u015fmeler\u00a0s\u0131ras\u0131nda AK Parti Genel Ba\u015fkanvekili Kurtulmu\u015f, \u201cBu memlekette vesayet odaklar\u0131 sadece \u015furay\u0131 bombalayan FET\u00d6\u2019n\u00fcn eli kanl\u0131 katilleri de\u011fildir, bu memleketteki vesayet odaklar\u0131 ekonomide, siyasette, ticarette, \u00fclkenin kan\u0131n\u0131 emen bir avu\u00e7 az\u0131nl\u0131kt\u0131r, ona kar\u015f\u0131 m\u00fccadele etti\u011fimiz i\u00e7in bunlar yap\u0131labilmi\u015ftir\u201d dedi.<\/p>\n<p>Bu s\u0131rada CHP \u0130zmir Milletvekili Atila Sertel, yerinden Kurtulmu\u015f\u2019a \u201cSiz atad\u0131n\u0131z onlar\u0131! Siz getirdiniz onlar\u0131!\u201d diye seslendi. CHP Malatya Milletvekili Veli A\u011fbaba da Sertel\u2019in s\u00f6zlerine \u201cDevleti FET\u00d6\u2019ye teslim eden kim?\u201d diye destek verdi. Sertel\u2019in bu s\u0131rada sarf etti\u011fi \u201cDo\u011fruyu s\u00f6ylemeyen o&#8230; \u00e7ocu\u011fu\u201d s\u00f6zleri bir anda salonu kar\u0131\u015ft\u0131rd\u0131.<\/p>\n<p>Meclis Ba\u015fkan\u0131 Mustafa \u015eentop, g\u00f6r\u00fc\u015fmelerin sonunda tutanaklar\u0131 inceleyerek Sertel\u2019e Meclis \u0130\u00e7t\u00fcz\u00fc\u011f\u00fc\u2019n\u00fcn 163. maddesi uyar\u0131nca k\u0131nama cezas\u0131 verilmesini oylamaya sundu. Oylama sonras\u0131 Sertel\u2019e k\u0131nama cezas\u0131 verildi.\u00a0<\/p>\n<p><span style=\"color: #000000;\"><strong>\u00d6NDER YILMAZ, MEHTAP G\u00d6KDEM\u0130R, AY\u015eEG\u00dcL KAHVEC\u0130O\u011eLU, NAMIK DURUKAN, ASLIHAN ALTAY KARATA\u015e &#8211; ANKARA<\/strong><\/span>\u00a0<\/p>\n<\/p>\n<p>\u00a0<\/p>\n<p>\u00a0<\/p>\n<p>\u00a0<\/p>\n<p>\u00a0<\/p>\n","protected":false},"excerpt":{"rendered":"<p>TBMM Genel Kurulu\u2019nda, 2023 Y\u0131l\u0131 Merkezi Y\u00f6netim B\u00fct\u00e7e Kanunu Teklifi\u2019nin haftasonlar\u0131 da dahil olmak \u00fczere aral\u0131ks\u0131z 12 g\u00fcn s\u00fcrecek g\u00f6r\u00fc\u015fme maratonu d\u00fcn ba\u015flad\u0131. CHP grubu ad\u0131na Genel Ba\u015fkan Kemal K\u0131l\u0131\u00e7daro\u011flu\u2019nun k\u00fcrs\u00fcye \u00e7\u0131kt\u0131\u011f\u0131 g\u00f6r\u00fc\u015fmeleri, MHP Genel Ba\u015fkan\u0131 Devlet Bah\u00e7eli yerinden takip etti. B\u00fct\u00e7enin t\u00fcm\u00fc \u00fczerine yap\u0131lan ilk g\u00fcn g\u00f6r\u00fc\u015fmelerini TBMM Ba\u015fkan\u0131 Mustafa \u015eentop bizzat y\u00f6netti. \u015eentop, [&hellip;]<\/p>\n","protected":false},"author":1,"featured_media":1614,"comment_status":"open","ping_status":"closed","sticky":false,"template":"","format":"standard","meta":{"footnotes":""},"categories":[12],"tags":[29],"class_list":["post-1606","post","type-post","status-publish","format-standard","has-post-thumbnail","hentry","category-siyaset","tag-siyaset"],"_links":{"self":[{"href":"https:\/\/avukatimtv.com\/index.php\/wp-json\/wp\/v2\/posts\/1606","targetHints":{"allow":["GET"]}}],"collection":[{"href":"https:\/\/avukatimtv.com\/index.php\/wp-json\/wp\/v2\/posts"}],"about":[{"href":"https:\/\/avukatimtv.com\/index.php\/wp-json\/wp\/v2\/types\/post"}],"author":[{"embeddable":true,"href":"https:\/\/avukatimtv.com\/index.php\/wp-json\/wp\/v2\/users\/1"}],"replies":[{"embeddable":true,"href":"https:\/\/avukatimtv.com\/index.php\/wp-json\/wp\/v2\/comments?post=1606"}],"version-history":[{"count":0,"href":"https:\/\/avukatimtv.com\/index.php\/wp-json\/wp\/v2\/posts\/1606\/revisions"}],"wp:featuredmedia":[{"embeddable":true,"href":"https:\/\/avukatimtv.com\/index.php\/wp-json\/wp\/v2\/media\/1614"}],"wp:attachment":[{"href":"https:\/\/avukatimtv.com\/index.php\/wp-json\/wp\/v2\/media?parent=1606"}],"wp:term":[{"taxonomy":"category","embeddable":true,"href":"https:\/\/avukatimtv.com\/index.php\/wp-json\/wp\/v2\/categories?post=1606"},{"taxonomy":"post_tag","embeddable":true,"href":"https:\/\/avukatimtv.com\/index.php\/wp-json\/wp\/v2\/tags?post=1606"}],"curies":[{"name":"wp","href":"https:\/\/api.w.org\/{rel}","templated":true}]}}