{"id":1607,"date":"2024-04-06T16:58:12","date_gmt":"2024-04-06T13:58:12","guid":{"rendered":"https:\/\/haberv8.thewpdemo.com\/kardeslerden-ortak-tatbikat-iranin-gozdagina-yanit\/-1607.html"},"modified":"2024-04-06T16:58:12","modified_gmt":"2024-04-06T13:58:12","slug":"kardeslerden-ortak-tatbikat-iranin-gozdagina-yanit","status":"publish","type":"post","link":"https:\/\/avukatimtv.com\/index.php\/2024\/04\/06\/kardeslerden-ortak-tatbikat-iranin-gozdagina-yanit\/","title":{"rendered":"Karde\u015flerden ortak tatbikat! \u0130ran&#8217;\u0131n g\u00f6zda\u011f\u0131na yan\u0131t"},"content":{"rendered":"<p><span style=\"color: #ff0000;\"><strong>Ayd\u0131n Hasan &#8211;<\/strong> <\/span>T\u00fcrk Silahl\u0131 Kuvvetleri ile Azerbaycan Silahl\u0131 Kuvvetleri\u2019nin Bak\u00fc, Astara, Cebray\u0131l ve \u0130mi\u015fli illerini kapsayan ortak tatbikat\u0131 ba\u015flad\u0131. Tatbikatta; nehir kurulan k\u00f6pr\u00fcler ve komando botlar\u0131n\u0131n manevras\u0131 ile \u0130ran\u2019\u0131n 20 Ekim\u2019de s\u0131n\u0131r boyunda d\u00fczenledi\u011fi G\u00fc\u00e7l\u00fc \u0130ran tatbikat\u0131ndaki k\u00f6pr\u00fc mesaj\u0131na da yan\u0131t verildi. \u0130ran; Azerbaycan\u2019\u0131n T\u00fcrkiye\u2019nin deste\u011fi ile kazand\u0131\u011f\u0131 Karaba\u011f Sava\u015f\u0131\u2019n\u0131n ard\u0131ndan ortaya \u00e7\u0131kan geli\u015fmelerden duydu\u011fu rahats\u0131zl\u0131\u011f\u0131 askeri tatbikatlar ile s\u00fcrekli hissetirdi. \u0130ran, sava\u015f\u0131n ard\u0131ndan Azerbaycan s\u0131n\u0131r\u0131nda \u00fc\u00e7 tatbikat d\u00fczenledi. 17 -20 Ekim tarihlerinde yap\u0131lan G\u00fc\u00e7l\u00fc \u0130ran tatbikat\u0131nda, s\u0131n\u0131rdaki Aras nehri hatt\u0131 \u00fczerinden Azerbaycan\u2019a \u00f6rt\u00fcl\u00fc g\u00f6zda\u011f\u0131 verilmek istendi. \u0130ran merkezli Tesnim Haber Ajans\u0131\u2019nda Aras nehri \u00fczerine kurulan k\u00f6pr\u00fc ile ilgili \u015fu ifadeler yer alm\u0131\u015ft\u0131: Azerbaycan ile Ermenistan s\u0131n\u0131r\u0131nda yer alan Aras Nehri b\u00f6lgesinde 17-20 Ekim 2022 tarihleri aras\u0131nda G\u00fc\u00e7l\u00fc \u0130ran ad\u0131 verilen askeri tatbikat d\u00fczenlendi. Bu tatbikatta, Devrim Muhaf\u0131zlar\u0131 Kara Kuvvetleri, teknik a\u00e7\u0131dan b\u00fcy\u00fck \u00f6nem ta\u015f\u0131yan ve daha \u00f6nce denenmemi\u015f yeni bir e\u011fitimi ger\u00e7ekle\u015ftirdi. 45. Hz. Cevad-ul Aimme (a.s) m\u00fchendislik birimi, Aras Nehri \u00fczerinde k\u00f6pr\u00fc kurma tatbikat\u0131 yapt\u0131. Bu tatbikatla ilgili dikkat \u00e7eken ilgin\u00e7 konu, bu k\u00f6pr\u00fcn\u00fcn Aras b\u00f6lgesinde ve tam da Azerbaycan s\u0131n\u0131r muhaf\u0131zlar\u0131n\u0131n Devrim Muhaf\u0131zlar\u0131 Ordusu\u2019nun z\u0131rhl\u0131 ara\u00e7lar\u0131n\u0131n ge\u00e7i\u015fini izleyebildi\u011fi bir yerde kurulmu\u015f olmas\u0131d\u0131r.\u201d<\/p>\n<p><strong>G\u00f6zda\u011f\u0131na yan\u0131t<\/strong><\/p>\n<p>Azerbaycan Savunma Bakanl\u0131\u011f\u0131, T\u00fcrkiye ile Azerbaycan silahl\u0131 kuvvetleri aras\u0131ndaki ortak tatbikat\u0131n ba\u015flad\u0131\u011f\u0131n\u0131 d\u00fcn duyurdu. Bak\u00fc, Astara, Cebray\u0131l ve \u0130mi\u015fli illerinde yap\u0131lan tatbikatta, nehirlerden ge\u00e7mek i\u00e7in duba k\u00f6pr\u00fclerin kurulumu, nehir \u00fczerinde komandolar\u0131n bot manevralar\u0131 ve temsili d\u00fc\u015fman b\u00f6lgesine indirme yap\u0131lmas\u0131 gibi g\u00f6revler icra edildi. Tatbikat g\u00f6r\u00fcnt\u00fclerinde, k\u00f6pr\u00fc kurulumu ve bot manevralar\u0131 \u0130ran\u2019\u0131n Aras Nehri \u00fczerinden g\u00f6z da\u011f\u0131 vermesine yan\u0131t olarak yorumland\u0131.<\/p>\n<p><strong>S\u0131n\u0131rda yap\u0131l\u0131yor<\/strong><\/p>\n<p>G\u00fcney Kafkasya\u2019daki geli\u015fmeleri yak\u0131ndan izleyen Bayburt \u00dcniversitesi \u00d6\u011fretim \u00dcyesi Do\u00e7. Dr. Ramin Sad\u0131k, Milliyet\u2019e \u015fu de\u011ferlendirmede bulundu: \u201cBu tatbikat\u0131n \u00f6zellikle \u0130ran s\u0131n\u0131r\u0131nda icra edilmesi ve g\u00f6r\u00fcnt\u00fclerden de anlad\u0131\u011f\u0131m kadar\u0131yla bir nehir \u00fczerine k\u00f6pr\u00fc kurularak tanklar\u0131n ve askeri birliklerin k\u00f6pr\u00fcn\u00fcn kar\u015f\u0131s\u0131na ge\u00e7me g\u00f6r\u00fcnt\u00fcleri, bize ge\u00e7enlerde \u0130ran\u2019\u0131n Aras k\u0131y\u0131s\u0131nda d\u00fczenledi\u011fi tatbikat ve Aras Nehri\u2019ni g\u00fcya ge\u00e7mek i\u00e7in k\u00f6pr\u00fcler kurma meselelerini hat\u0131rlatt\u0131. Hem g\u00f6r\u00fcnt\u00fcler hem de \u0130ran s\u0131n\u0131r\u0131na yak\u0131n b\u00f6lgelerde tatbikat\u0131n ger\u00e7ekle\u015ftirilmesi birinci noktada \u0130ran\u2019a kar\u015f\u0131 oldu\u011funu anlat\u0131yor gibi.<\/p>\n<p>Yine ge\u00e7enlerde Azerbaycan Cumhurba\u015fkan\u0131 Aliyev, Azerbaycan\u2019\u0131n her zaman ordu olarak T\u00fcrkiye\u2019nin yan\u0131nda oldu\u011funu, T\u00fcrkiye\u2019nin de Azerbaycan\u2019\u0131n ihtiyac\u0131 oldu\u011funda Azerbaycan\u2019\u0131n ordu olarak yan\u0131nda olaca\u011f\u0131n\u0131 belirtti. Yani iki ordu birlikte hareket edeceklerdir. Dolay\u0131s\u0131yla kim bize tehdit olu\u015ftursa biz birlikte hareket edece\u011fiz gibisinden a\u00e7\u0131klama yapmas\u0131, akabinde de 3 Aral\u0131k\u2019ta \u0130ran\u2019a nota ve askeri tatbikat ile \u0130ran\u2019a kar\u015f\u0131 duyulan rahats\u0131zl\u0131ktan dolay\u0131 Azerbaycan ve T\u00fcrkiye\u2019nin ortak harekat\u0131 olarak g\u00f6r\u00fclebilir.\u201d<\/p>\n<p><strong>Bakan Akar Bak\u00fc\u2019ye gitti<\/strong><\/p>\n<p>Milli Savunma Bakan\u0131 Hulusi Akar, Genelkurmay Ba\u015fkan\u0131 Orgeneral Ya\u015far G\u00fcler ve kuvvet komutanlar\u0131yla Azerbaycan\u2019\u0131n ba\u015fkenti Bak\u00fc\u2019ye gitti. Akar ve TSK komuta kademesi Cumhurba\u015fkan\u0131 \u0130lham Aliyev taraf\u0131ndan kabul edildi. Akar, \u201cAzerbaycanl\u0131 can karde\u015flerimizin, hakl\u0131 davalar\u0131nda hep yanlar\u0131nda olduk, bundan sonra da olmaya devam edece\u011fiz\u201d dedi.<\/p>\n","protected":false},"excerpt":{"rendered":"<p>Ayd\u0131n Hasan &#8211; T\u00fcrk Silahl\u0131 Kuvvetleri ile Azerbaycan Silahl\u0131 Kuvvetleri\u2019nin Bak\u00fc, Astara, Cebray\u0131l ve \u0130mi\u015fli illerini kapsayan ortak tatbikat\u0131 ba\u015flad\u0131. Tatbikatta; nehir kurulan k\u00f6pr\u00fcler ve komando botlar\u0131n\u0131n manevras\u0131 ile \u0130ran\u2019\u0131n 20 Ekim\u2019de s\u0131n\u0131r boyunda d\u00fczenledi\u011fi G\u00fc\u00e7l\u00fc \u0130ran tatbikat\u0131ndaki k\u00f6pr\u00fc mesaj\u0131na da yan\u0131t verildi. \u0130ran; Azerbaycan\u2019\u0131n T\u00fcrkiye\u2019nin deste\u011fi ile kazand\u0131\u011f\u0131 Karaba\u011f Sava\u015f\u0131\u2019n\u0131n ard\u0131ndan ortaya \u00e7\u0131kan geli\u015fmelerden [&hellip;]<\/p>\n","protected":false},"author":1,"featured_media":1609,"comment_status":"open","ping_status":"closed","sticky":false,"template":"","format":"standard","meta":{"footnotes":""},"categories":[12],"tags":[29],"class_list":["post-1607","post","type-post","status-publish","format-standard","has-post-thumbnail","hentry","category-siyaset","tag-siyaset"],"_links":{"self":[{"href":"https:\/\/avukatimtv.com\/index.php\/wp-json\/wp\/v2\/posts\/1607","targetHints":{"allow":["GET"]}}],"collection":[{"href":"https:\/\/avukatimtv.com\/index.php\/wp-json\/wp\/v2\/posts"}],"about":[{"href":"https:\/\/avukatimtv.com\/index.php\/wp-json\/wp\/v2\/types\/post"}],"author":[{"embeddable":true,"href":"https:\/\/avukatimtv.com\/index.php\/wp-json\/wp\/v2\/users\/1"}],"replies":[{"embeddable":true,"href":"https:\/\/avukatimtv.com\/index.php\/wp-json\/wp\/v2\/comments?post=1607"}],"version-history":[{"count":0,"href":"https:\/\/avukatimtv.com\/index.php\/wp-json\/wp\/v2\/posts\/1607\/revisions"}],"wp:featuredmedia":[{"embeddable":true,"href":"https:\/\/avukatimtv.com\/index.php\/wp-json\/wp\/v2\/media\/1609"}],"wp:attachment":[{"href":"https:\/\/avukatimtv.com\/index.php\/wp-json\/wp\/v2\/media?parent=1607"}],"wp:term":[{"taxonomy":"category","embeddable":true,"href":"https:\/\/avukatimtv.com\/index.php\/wp-json\/wp\/v2\/categories?post=1607"},{"taxonomy":"post_tag","embeddable":true,"href":"https:\/\/avukatimtv.com\/index.php\/wp-json\/wp\/v2\/tags?post=1607"}],"curies":[{"name":"wp","href":"https:\/\/api.w.org\/{rel}","templated":true}]}}