{"id":1615,"date":"2024-04-06T16:58:15","date_gmt":"2024-04-06T13:58:15","guid":{"rendered":"https:\/\/haberv8.thewpdemo.com\/firsat-esitligini-hakim-kildik-son-dakika-haberler\/-1615.html"},"modified":"2024-04-06T16:58:15","modified_gmt":"2024-04-06T13:58:15","slug":"firsat-esitligini-hakim-kildik-son-dakika-haberler","status":"publish","type":"post","link":"https:\/\/avukatimtv.com\/index.php\/2024\/04\/06\/firsat-esitligini-hakim-kildik-son-dakika-haberler\/","title":{"rendered":"\u2018F\u0131rsat e\u015fitli\u011fini h\u00e2kim k\u0131ld\u0131k\u2019 &#8211; Son Dakika Haberler"},"content":{"rendered":"<p><span style=\"color: #ff0000;\"><strong>G\u00dcLDEN \u00c7OKTAN \u0130stanbul &#8211;\u00a0<\/strong><\/span>\u00a0\u0130stanbul Kongre Merkezi\u2019nde yap\u0131lan foruma mesaj g\u00f6nderen Cumhurba\u015fkan\u0131 Recep Tayyip Erdo\u011fan, \u015fu ifadeleri kulland\u0131:<\/p>\n<p>\u201cT\u00fcrkiye olarak\u00a0f\u0131rsat e\u015fitli\u011fi, \u015feffafl\u0131k, hesap verebilirlik, yenilik\u00e7ilik ve liyakat gibi de\u011ferleri esas alan bir insan kayna\u011f\u0131 k\u00fclt\u00fcr\u00fcn\u00fc, kamu ve \u00f6zel sekt\u00f6r\u00fcm\u00fczde yerle\u015ftirmenin gayretindeyiz. Son 20 y\u0131lda demokrasi, temel hak ve \u00f6zg\u00fcrl\u00fckler, altyap\u0131 yat\u0131r\u0131mlar\u0131 ile dijitalle\u015fme alanlar\u0131nda att\u0131\u011f\u0131m\u0131z ad\u0131mlarla, bu y\u00f6nde \u00e7ok ciddi mesafe kat ettik. Hangi inanca, g\u00f6r\u00fc\u015fe, k\u00f6kene sahip olursa olsun, hi\u00e7bir vatanda\u015f\u0131m\u0131z\u0131n \u00f6tekile\u015ftirilmedi\u011fi, ayr\u0131mc\u0131l\u0131\u011fa u\u011framad\u0131\u011f\u0131, hayallerine giden yolda suni engellerle kar\u015f\u0131lamad\u0131\u011f\u0131 bir iklimi \u00fclkemiz genelinde h\u00e2kim k\u0131ld\u0131k. Cumhurba\u015fkanl\u0131\u011f\u0131 H\u00fck\u00fcmet Sistemi ile birlikte \u00fclkemiz insan kayna\u011f\u0131n\u0131n daha iyi y\u00f6netimi noktas\u0131nda, kurumsal kapasitemizi daha da g\u00fc\u00e7lendirdik. Vatanda\u015flar\u0131m\u0131z\u0131n becerilerini ve yetkinliklerini \u00e7ok daha ileriye ta\u015f\u0131yacak, ku\u015fat\u0131c\u0131 ve eri\u015filebilir insan kayna\u011f\u0131 modelini \u00fclkemize kazand\u0131rd\u0131k.\u201d<\/p>\n<p><strong>\u2018\u0130ki \u00f6nemli proje var\u2019<\/strong><\/p>\n<p>Cumhurba\u015fkanl\u0131\u011f\u0131 \u0130nsan Kaynaklar\u0131 Ofisi Do\u00e7. Dr. Salim Atay da forumda yapt\u0131\u011f\u0131 konu\u015fmada \u201c2023 y\u0131l\u0131nda tamamlamay\u0131 planlad\u0131\u011f\u0131m\u0131z iki \u00f6nemli projemiz var. Bu projelerden birisi \u0130\u015f Analizi, di\u011feri ise 5 y\u0131ll\u0131k Stratejik \u0130nsan Kayna\u011f\u0131 Planlamas\u0131\u2019d\u0131r\u201d dedi.<\/p>\n<p>\u00a0<\/p>\n","protected":false},"excerpt":{"rendered":"<p>G\u00dcLDEN \u00c7OKTAN \u0130stanbul &#8211;\u00a0\u00a0\u0130stanbul Kongre Merkezi\u2019nde yap\u0131lan foruma mesaj g\u00f6nderen Cumhurba\u015fkan\u0131 Recep Tayyip Erdo\u011fan, \u015fu ifadeleri kulland\u0131: \u201cT\u00fcrkiye olarak\u00a0f\u0131rsat e\u015fitli\u011fi, \u015feffafl\u0131k, hesap verebilirlik, yenilik\u00e7ilik ve liyakat gibi de\u011ferleri esas alan bir insan kayna\u011f\u0131 k\u00fclt\u00fcr\u00fcn\u00fc, kamu ve \u00f6zel sekt\u00f6r\u00fcm\u00fczde yerle\u015ftirmenin gayretindeyiz. Son 20 y\u0131lda demokrasi, temel hak ve \u00f6zg\u00fcrl\u00fckler, altyap\u0131 yat\u0131r\u0131mlar\u0131 ile dijitalle\u015fme alanlar\u0131nda att\u0131\u011f\u0131m\u0131z ad\u0131mlarla, [&hellip;]<\/p>\n","protected":false},"author":1,"featured_media":1617,"comment_status":"open","ping_status":"closed","sticky":false,"template":"","format":"standard","meta":{"footnotes":""},"categories":[12],"tags":[29],"class_list":["post-1615","post","type-post","status-publish","format-standard","has-post-thumbnail","hentry","category-siyaset","tag-siyaset"],"_links":{"self":[{"href":"https:\/\/avukatimtv.com\/index.php\/wp-json\/wp\/v2\/posts\/1615","targetHints":{"allow":["GET"]}}],"collection":[{"href":"https:\/\/avukatimtv.com\/index.php\/wp-json\/wp\/v2\/posts"}],"about":[{"href":"https:\/\/avukatimtv.com\/index.php\/wp-json\/wp\/v2\/types\/post"}],"author":[{"embeddable":true,"href":"https:\/\/avukatimtv.com\/index.php\/wp-json\/wp\/v2\/users\/1"}],"replies":[{"embeddable":true,"href":"https:\/\/avukatimtv.com\/index.php\/wp-json\/wp\/v2\/comments?post=1615"}],"version-history":[{"count":0,"href":"https:\/\/avukatimtv.com\/index.php\/wp-json\/wp\/v2\/posts\/1615\/revisions"}],"wp:featuredmedia":[{"embeddable":true,"href":"https:\/\/avukatimtv.com\/index.php\/wp-json\/wp\/v2\/media\/1617"}],"wp:attachment":[{"href":"https:\/\/avukatimtv.com\/index.php\/wp-json\/wp\/v2\/media?parent=1615"}],"wp:term":[{"taxonomy":"category","embeddable":true,"href":"https:\/\/avukatimtv.com\/index.php\/wp-json\/wp\/v2\/categories?post=1615"},{"taxonomy":"post_tag","embeddable":true,"href":"https:\/\/avukatimtv.com\/index.php\/wp-json\/wp\/v2\/tags?post=1615"}],"curies":[{"name":"wp","href":"https:\/\/api.w.org\/{rel}","templated":true}]}}