{"id":1618,"date":"2024-04-06T16:58:15","date_gmt":"2024-04-06T13:58:15","guid":{"rendered":"https:\/\/haberv8.thewpdemo.com\/ronaldo-ve-messi-turkiye-icin-oynayacak\/-1618.html"},"modified":"2024-04-06T16:58:15","modified_gmt":"2024-04-06T13:58:15","slug":"ronaldo-ve-messi-turkiye-icin-oynayacak","status":"publish","type":"post","link":"https:\/\/avukatimtv.com\/index.php\/2024\/04\/06\/ronaldo-ve-messi-turkiye-icin-oynayacak\/","title":{"rendered":"\u2018Ronaldo ve Messi T\u00fcrkiye i\u00e7in oynayacak\u2019"},"content":{"rendered":"<p>CHP Genel Ba\u015fkan\u0131 Kemal K\u0131l\u0131\u00e7daro\u011flu, Genel Kurul\u2019da b\u00fct\u00e7enin t\u00fcm\u00fc \u00fczerindeki g\u00f6r\u00fc\u015fmelerde yapt\u0131\u011f\u0131 konu\u015fmada \u00f6zetle \u015funlar\u0131 s\u00f6yledi:<\/p>\n<p><strong>CUMHURBA\u015eKANI GELECEK:<\/strong> Say\u0131n Cumhurba\u015fkan\u0131 gelecek \u201cEvet, beni halk se\u00e7ti, benim b\u00fct\u00e7em budur\u201d diyecek. Atanm\u0131\u015flar, gelmi\u015fler buraya.\u00a0Bize b\u00fct\u00e7eyi sunuyorlar; talimat almadan hi\u00e7birisi parma\u011f\u0131n\u0131 bile kald\u0131ramaz \u00e7\u00fcnk\u00fc hi\u00e7birisinin yetkisi yok.<\/p>\n<p><strong>GEL K\u00dcRS\u00dcYE GEL:<\/strong> Ben nas\u0131l se\u00e7ti\u011finizi de \u00e7ok iyi biliyorum. Sizin de nas\u0131l milletvekili se\u00e7ildi\u011finizi de \u00e7ok iyi biliyorum.(Kaset kumpas\u0131yla geldiniz s\u00f6zleri \u00fczerine) Hi\u00e7 a\u011flamay\u0131n arkada\u015flar.\u00a0Bana itiraz ediyorsan gel k\u00fcrs\u00fcye, gel!<\/p>\n<p><strong>\u015eAMP\u0130YONLAR L\u0130G\u0130:<\/strong> Biz bu saray T\u00fcrkiye\u2019sine kar\u015f\u0131 ba\u015fka bir T\u00fcrkiye vizyonu a\u00e7\u0131klad\u0131k. Bu T\u00fcrkiye i\u00e7in 70 ki\u015filik ekip yedi g\u00fcn yirmi d\u00f6rt saat \u00e7al\u0131\u015facak ve d\u00fcnyan\u0131n en iyileriyle \u00e7al\u0131\u015facak.\u00a0Bir futbol ligindeki gibi anlatay\u0131m size. Madem D\u00fcnya Kupas\u0131 var. Ronaldo ve Messi T\u00fcrkiye i\u00e7in oynayacaklar. O T\u00fcrkiye\u2019de dijital teknoloji, yapay zeka, ye\u015fil enerji var. Herkes daha iyi bir ya\u015fam i\u00e7in \u00e7al\u0131\u015facak. Yeni bir siyaset \u00fcst\u00fc anlay\u0131\u015fla ve liyakatle\u00a0T\u00fcrkiye\u2019yi b\u00fcy\u00fctece\u011fiz. O T\u00fcrkiye\u2019nin tak\u0131m\u0131nda siyasiler de var, siyaset \u00fcst\u00fc insanlar da var. Orada Daron Acemo\u011flu da var, Hakan Kara da var, Jeremy Rifkin de var, Refet G\u00fcrkaynak da var, Hacer Foggo da var, bizim bu i\u015fin uzmanlar\u0131 ve bilim insanlar\u0131 var.<\/p>\n<p><strong>\u0130\u00c7\u0130\u015eLER\u0130 BAKANI\u2019NA 4 SORU:<\/strong> 4 soru soruyorum, i\u00e7inizde y\u00fcrekli 1 ki\u015fi varsa \u015fu k\u00fcrs\u00fcye gelir, \u0130\u00e7i\u015fleri Bakanl\u0131\u011f\u0131 b\u00fct\u00e7esi g\u00f6r\u00fc\u015f\u00fcl\u00fcrken \u201cBu sorular\u0131 K\u0131l\u0131\u00e7daro\u011flu sordu, cevab\u0131n\u0131 ver.\u201d diye sorar. S\u00fcleyman Soylu\u2019nun \u201cCumhuriyet tarihinin en b\u00fcy\u00fck uyu\u015fturucu operasyonu\u201d dedi\u011fi -ben demedim, o diyor- operasyonda nas\u0131l oldu da herkes serbest kald\u0131? Soylu\u2019nun \u201cT\u00fcrkiye\u2019den g\u00f6nderdik\u201d dedi\u011fi S\u0131rbistan\u2019daki uyu\u015fturucu \u00e7etesi lideri nas\u0131l oldu da \u0130stanbul\u2019un g\u00f6be\u011finde kendine \u00f6zel bir hayat kurdu? Kolombiya\u2019da yakalanan 5 ton kokainin ger\u00e7ek sahibi kim? Mustafa \u00c7al\u0131\u015fkan, y\u00fcrekli bir Emniyet M\u00fcd\u00fcr\u00fc. Mustafa \u00c7al\u0131\u015fkan\u2019la ne derdiniz var?<\/p>\n<p><strong>Aday ol at\u0131\u015fmas\u0131<\/strong><\/p>\n<p>AK Partili Ramazan Can, \u201cAday\u0131n\u0131z bile yok ya! Aday\u0131n\u0131z bile yok! Aday kim?\u201d diye sordu. K\u0131l\u0131\u00e7daro\u011flu da, \u201cLaf aram\u0131zda, sen \u00f6nce nerenin milletvekilisin, onu \u00f6\u011fren\u201d derken Can, \u201cHaydi aday ol! Haydi aday ol! Sen nerenin aday\u0131s\u0131n?\u201d diye seslendi.\u00a0AK Parti s\u0131ralar\u0131ndan, \u201cAday\u0131n\u0131z bile yok! Ba\u015fkan, aday ol, aday m\u0131s\u0131n? Aday kim aday?\u201d sesleri y\u00fckseldi.<\/p>\n<p><span style=\"color: #ff0000;\"><strong>\u2018D\u00fcnyaya \u00f6rnek oldu\u2019<\/strong><\/span><\/p>\n<p>MHP grubu ad\u0131na konu\u015fan Grup Ba\u015fkanvekili Erkan Ak\u00e7ay, \u201cT\u00fcrkiye, Cumhurba\u015fkanl\u0131\u011f\u0131 H\u00fck\u00fcmet Sistemi\u2019nin y\u00f6netimde sa\u011flad\u0131\u011f\u0131 istikrar ile adeta bir \u00e7\u0131nar gibi k\u00f6k salmakta, \u00f6zg\u00fcn bir model olarak t\u00fcm d\u00fcnyaya \u00f6rnek olmaktad\u0131r. Sistemden kaynaklanan sorunlar nedeniyle \u00e7ok say\u0131da h\u00fck\u00fcmet krizleri \u00e7\u0131km\u0131\u015f, istikrars\u0131z h\u00fck\u00fcmetlerin deneme-yan\u0131lma y\u00f6ntemiyle \u00fclke meseleleri adeta yap-boz tahtas\u0131na \u00e7evrilmi\u015fti. T\u00fcrkiye, Cumhurba\u015fkanl\u0131\u011f\u0131 H\u00fck\u00fcmet Sistemi\u2019yle istikrar\u0131n\u0131 sa\u011flam\u0131\u015ft\u0131r\u201d diye konu\u015ftu.<\/p>\n<p>MHP Grup Ba\u015fkanvekili Muhammed Levent B\u00fclb\u00fcl ise, haks\u0131z fiyat art\u0131\u015flar\u0131 ve stok\u00e7ulu\u011fa dikkat \u00e7ekerek, \u201cEkonomik refah ve gelir da\u011f\u0131l\u0131mdaki adaletsizli\u011fin sebebi olan enflasyonun etkisinin azalt\u0131lmas\u0131 hususunda at\u0131lacak her t\u00fcrl\u00fc ad\u0131m\u0131 destekleyece\u011fiz\u201d dedi.<\/p>\n<p><span style=\"color: #ff0000;\"><strong>\u2018\u0130ktidar\u0131n veda b\u00fct\u00e7esi<\/strong><\/span><\/p>\n<p>\u0130Y\u0130 Parti ad\u0131na konu\u015fan Grup Ba\u015fkanvekili M\u00fcsavat Dervi\u015fo\u011flu, 2023 y\u0131l\u0131 b\u00fct\u00e7esinin AK Parti iktidar\u0131n\u0131n veda b\u00fct\u00e7esi oldu\u011funu s\u00f6yledi. Cumhurba\u015fkanl\u0131\u011f\u0131 H\u00fck\u00fcmet Sistemi\u2019nde b\u00fct\u00e7e teklifinin s\u0131radan bir rit\u00fcele d\u00f6n\u00fc\u015ft\u00fc\u011f\u00fcn\u00fc ve kimse taraf\u0131ndan merak edilmedi\u011fini s\u00f6yleyen Dervi\u015fo\u011flu, \u201cMeclis\u2019ten b\u00fct\u00e7e yetkisi al\u0131nm\u0131\u015ft\u0131r. Meclis siyasi iktidar\u0131n noteri de\u011fildir\u201d dedi.\u00a0\u0130Y\u0130 Parti Grup Ba\u015fkanvekili Erhan Usta da 2023 y\u0131l\u0131 b\u00fct\u00e7esinin bir \u00f6nceki b\u00fct\u00e7eye g\u00f6re y\u00fczde 155 artt\u0131\u011f\u0131na dikkat \u00e7ekerek, \u201cB\u00fct\u00e7enin bu kadar b\u00fcy\u00fcmesi, hizmetin b\u00fcy\u00fcmesinden de\u011fil; ekonomik g\u00f6stergelerin son derece bozuk olmas\u0131ndan. Bu b\u00fct\u00e7ede israf, \u015fatafat, saltanat, yanda\u015f kay\u0131rma var, KKM var, faiz lobisi var, kamu-\u00f6zel i\u015f birli\u011fi \u00f6demeleri var. Esnaf, \u00e7ift\u00e7i, emekli, \u00e7al\u0131\u015fan yok\u201d\u00a0dedi.<\/p>\n<p><span style=\"color: #ff0000;\"><strong>\u2018Kad\u0131nlar, emek\u00e7iler yok\u2019<\/strong><\/span><\/p>\n<p>HDP E\u015f Genel Ba\u015fkan\u0131 Mithat Sancar, \u201c\u0130\u015fsizler, emek\u00e7iler, emekliler, engelliler, gen\u00e7ler, kad\u0131nlar, \u00e7ocuklar, \u00e7ift\u00e7iler ve k\u00fc\u00e7\u00fck esnaf b\u00fcy\u00fck bir ekonomik, sosyal ve siyasal krizle bo\u011fu\u015fuyor ve yarat\u0131lan enkaz\u0131n alt\u0131nda ezilmeye terk edilmi\u015f durumda. \u0130ktidar blo\u011fu adaletsizli\u011fi, e\u015fitsizli\u011fi ve s\u00f6m\u00fcr\u00fcy\u00fc her alanda derinle\u015ftiriyor\u201d dedi.<\/p>\n<p>HDP E\u015f Genel Ba\u015fkan\u0131 Pervin Buldan da, \u201cYoksullar, kad\u0131nlar, emek\u00e7iler, \u00fcreticiler, \u00e7ift\u00e7iler, esnaflar, \u00e7ocuklar ve engelliler b\u00fct\u00e7ede yok\u201d diye konu\u015ftu.<\/p>\n<p>\u00a0<\/p>\n<p>\u00a0<\/p>\n<p>\u00a0<\/p>\n","protected":false},"excerpt":{"rendered":"<p>CHP Genel Ba\u015fkan\u0131 Kemal K\u0131l\u0131\u00e7daro\u011flu, Genel Kurul\u2019da b\u00fct\u00e7enin t\u00fcm\u00fc \u00fczerindeki g\u00f6r\u00fc\u015fmelerde yapt\u0131\u011f\u0131 konu\u015fmada \u00f6zetle \u015funlar\u0131 s\u00f6yledi: CUMHURBA\u015eKANI GELECEK: Say\u0131n Cumhurba\u015fkan\u0131 gelecek \u201cEvet, beni halk se\u00e7ti, benim b\u00fct\u00e7em budur\u201d diyecek. Atanm\u0131\u015flar, gelmi\u015fler buraya.\u00a0Bize b\u00fct\u00e7eyi sunuyorlar; talimat almadan hi\u00e7birisi parma\u011f\u0131n\u0131 bile kald\u0131ramaz \u00e7\u00fcnk\u00fc hi\u00e7birisinin yetkisi yok. GEL K\u00dcRS\u00dcYE GEL: Ben nas\u0131l se\u00e7ti\u011finizi de \u00e7ok iyi biliyorum. Sizin [&hellip;]<\/p>\n","protected":false},"author":1,"featured_media":1620,"comment_status":"open","ping_status":"closed","sticky":false,"template":"","format":"standard","meta":{"footnotes":""},"categories":[12],"tags":[29],"class_list":["post-1618","post","type-post","status-publish","format-standard","has-post-thumbnail","hentry","category-siyaset","tag-siyaset"],"_links":{"self":[{"href":"https:\/\/avukatimtv.com\/index.php\/wp-json\/wp\/v2\/posts\/1618","targetHints":{"allow":["GET"]}}],"collection":[{"href":"https:\/\/avukatimtv.com\/index.php\/wp-json\/wp\/v2\/posts"}],"about":[{"href":"https:\/\/avukatimtv.com\/index.php\/wp-json\/wp\/v2\/types\/post"}],"author":[{"embeddable":true,"href":"https:\/\/avukatimtv.com\/index.php\/wp-json\/wp\/v2\/users\/1"}],"replies":[{"embeddable":true,"href":"https:\/\/avukatimtv.com\/index.php\/wp-json\/wp\/v2\/comments?post=1618"}],"version-history":[{"count":0,"href":"https:\/\/avukatimtv.com\/index.php\/wp-json\/wp\/v2\/posts\/1618\/revisions"}],"wp:featuredmedia":[{"embeddable":true,"href":"https:\/\/avukatimtv.com\/index.php\/wp-json\/wp\/v2\/media\/1620"}],"wp:attachment":[{"href":"https:\/\/avukatimtv.com\/index.php\/wp-json\/wp\/v2\/media?parent=1618"}],"wp:term":[{"taxonomy":"category","embeddable":true,"href":"https:\/\/avukatimtv.com\/index.php\/wp-json\/wp\/v2\/categories?post=1618"},{"taxonomy":"post_tag","embeddable":true,"href":"https:\/\/avukatimtv.com\/index.php\/wp-json\/wp\/v2\/tags?post=1618"}],"curies":[{"name":"wp","href":"https:\/\/api.w.org\/{rel}","templated":true}]}}