{"id":1624,"date":"2024-04-06T17:00:06","date_gmt":"2024-04-06T14:00:06","guid":{"rendered":"https:\/\/haberv8.thewpdemo.com\/galatasaray-erden-timur-hakkinda-suc-teskil-eden-paylasimlar-icin-suc-duyurusu\/-1624.html"},"modified":"2024-04-06T17:00:06","modified_gmt":"2024-04-06T14:00:06","slug":"galatasaray-erden-timur-hakkinda-suc-teskil-eden-paylasimlar-icin-suc-duyurusu","status":"publish","type":"post","link":"https:\/\/avukatimtv.com\/index.php\/2024\/04\/06\/galatasaray-erden-timur-hakkinda-suc-teskil-eden-paylasimlar-icin-suc-duyurusu\/","title":{"rendered":"Galatasaray, Erden Timur hakk\u0131nda su\u00e7 te\u015fkil eden payla\u015f\u0131mlar i\u00e7in su\u00e7 duyurusu"},"content":{"rendered":"<p><\/p>\n<p>Sar\u0131-k\u0131rm\u0131z\u0131l\u0131 kul\u00fcpten konuyla ilgili yap\u0131lan a\u00e7\u0131klamada, &#8220;Birtak\u0131m ter\u00f6r \u00f6rg\u00fctlerinin ge\u00e7mi\u015fte yapt\u0131\u011f\u0131 uygulamalar\u0131 an\u0131msat\u0131r \u015fekilde, alt liglerde ge\u00e7en ilgisiz bir youtube g\u00f6r\u00fcnt\u00fcs\u00fcn\u00fc ses kayd\u0131na \u00e7evirip, sosyal medya hesab\u0131ndan payla\u015farak Galatasaray Sportif A.\u015e Ba\u015fkanvekilimiz Erden Timur hakk\u0131nda su\u00e7 te\u015fkil eden payla\u015f\u0131mlarda bulunan ba\u015fta Ahmet Ercanlar olmak \u00fczere, yay\u0131lmas\u0131na katk\u0131 sa\u011flayan t\u00fcm \u015fah\u0131slar hakk\u0131nda gerekli su\u00e7 duyurusunda bulunarak, tazminat davalar\u0131 a\u00e7acakt\u0131r. Bu tarz payla\u015f\u0131mlarda bulunan ki\u015filere ve bunlar\u0131 azmettirenlere hi\u00e7bir tolerans g\u00f6sterilmeyecek ve hukuki s\u00fcre\u00e7ler sonuna kadar takip edilecektir&#8221; denildi.<\/p>\n","protected":false},"excerpt":{"rendered":"<p>Sar\u0131-k\u0131rm\u0131z\u0131l\u0131 kul\u00fcpten konuyla ilgili yap\u0131lan a\u00e7\u0131klamada, &#8220;Birtak\u0131m ter\u00f6r \u00f6rg\u00fctlerinin ge\u00e7mi\u015fte yapt\u0131\u011f\u0131 uygulamalar\u0131 an\u0131msat\u0131r \u015fekilde, alt liglerde ge\u00e7en ilgisiz bir youtube g\u00f6r\u00fcnt\u00fcs\u00fcn\u00fc ses kayd\u0131na \u00e7evirip, sosyal medya hesab\u0131ndan payla\u015farak Galatasaray Sportif A.\u015e Ba\u015fkanvekilimiz Erden Timur hakk\u0131nda su\u00e7 te\u015fkil eden payla\u015f\u0131mlarda bulunan ba\u015fta Ahmet Ercanlar olmak \u00fczere, yay\u0131lmas\u0131na katk\u0131 sa\u011flayan t\u00fcm \u015fah\u0131slar hakk\u0131nda gerekli su\u00e7 duyurusunda bulunarak, [&hellip;]<\/p>\n","protected":false},"author":1,"featured_media":1626,"comment_status":"open","ping_status":"closed","sticky":false,"template":"","format":"standard","meta":{"footnotes":""},"categories":[13],"tags":[30,31],"class_list":["post-1624","post","type-post","status-publish","format-standard","has-post-thumbnail","hentry","category-spor","tag-spor","tag-spor-haberleri"],"_links":{"self":[{"href":"https:\/\/avukatimtv.com\/index.php\/wp-json\/wp\/v2\/posts\/1624","targetHints":{"allow":["GET"]}}],"collection":[{"href":"https:\/\/avukatimtv.com\/index.php\/wp-json\/wp\/v2\/posts"}],"about":[{"href":"https:\/\/avukatimtv.com\/index.php\/wp-json\/wp\/v2\/types\/post"}],"author":[{"embeddable":true,"href":"https:\/\/avukatimtv.com\/index.php\/wp-json\/wp\/v2\/users\/1"}],"replies":[{"embeddable":true,"href":"https:\/\/avukatimtv.com\/index.php\/wp-json\/wp\/v2\/comments?post=1624"}],"version-history":[{"count":0,"href":"https:\/\/avukatimtv.com\/index.php\/wp-json\/wp\/v2\/posts\/1624\/revisions"}],"wp:featuredmedia":[{"embeddable":true,"href":"https:\/\/avukatimtv.com\/index.php\/wp-json\/wp\/v2\/media\/1626"}],"wp:attachment":[{"href":"https:\/\/avukatimtv.com\/index.php\/wp-json\/wp\/v2\/media?parent=1624"}],"wp:term":[{"taxonomy":"category","embeddable":true,"href":"https:\/\/avukatimtv.com\/index.php\/wp-json\/wp\/v2\/categories?post=1624"},{"taxonomy":"post_tag","embeddable":true,"href":"https:\/\/avukatimtv.com\/index.php\/wp-json\/wp\/v2\/tags?post=1624"}],"curies":[{"name":"wp","href":"https:\/\/api.w.org\/{rel}","templated":true}]}}