{"id":1627,"date":"2024-04-06T17:00:07","date_gmt":"2024-04-06T14:00:07","guid":{"rendered":"https:\/\/haberv8.thewpdemo.com\/real-madridin-yildizi-rudy-fernandez-emekli-olacagini-acikladi\/-1627.html"},"modified":"2024-04-06T17:00:07","modified_gmt":"2024-04-06T14:00:07","slug":"real-madridin-yildizi-rudy-fernandez-emekli-olacagini-acikladi","status":"publish","type":"post","link":"https:\/\/avukatimtv.com\/index.php\/2024\/04\/06\/real-madridin-yildizi-rudy-fernandez-emekli-olacagini-acikladi\/","title":{"rendered":"Real Madrid&#8217;in y\u0131ld\u0131z\u0131 Rudy Fernandez emekli olaca\u011f\u0131n\u0131 a\u00e7\u0131klad\u0131!"},"content":{"rendered":"<p><\/p>\n<p>Avrupa basketbolunun efsanesi ve Real Madrid&#8217;in \u0130spanyol y\u0131ld\u0131z\u0131 Rudy Fernandez, sezon sonunda emekli olaca\u011f\u0131n\u0131 a\u00e7\u0131klad\u0131. Rudy Fernandez, Real Madrid ve \u0130spanya ile toplamda 9 kupa kazand\u0131. <\/p>\n<p><strong>3x EuroLeague <\/strong><\/p>\n<p><strong>2x D\u00fcnya Kupas\u0131<\/strong><\/p>\n<p><strong>4x EuroBasket<\/strong><\/p>\n","protected":false},"excerpt":{"rendered":"<p>Avrupa basketbolunun efsanesi ve Real Madrid&#8217;in \u0130spanyol y\u0131ld\u0131z\u0131 Rudy Fernandez, sezon sonunda emekli olaca\u011f\u0131n\u0131 a\u00e7\u0131klad\u0131. Rudy Fernandez, Real Madrid ve \u0130spanya ile toplamda 9 kupa kazand\u0131. 3x EuroLeague 2x D\u00fcnya Kupas\u0131 4x EuroBasket<\/p>\n","protected":false},"author":1,"featured_media":1629,"comment_status":"open","ping_status":"closed","sticky":false,"template":"","format":"standard","meta":{"footnotes":""},"categories":[13],"tags":[30,31],"class_list":["post-1627","post","type-post","status-publish","format-standard","has-post-thumbnail","hentry","category-spor","tag-spor","tag-spor-haberleri"],"_links":{"self":[{"href":"https:\/\/avukatimtv.com\/index.php\/wp-json\/wp\/v2\/posts\/1627","targetHints":{"allow":["GET"]}}],"collection":[{"href":"https:\/\/avukatimtv.com\/index.php\/wp-json\/wp\/v2\/posts"}],"about":[{"href":"https:\/\/avukatimtv.com\/index.php\/wp-json\/wp\/v2\/types\/post"}],"author":[{"embeddable":true,"href":"https:\/\/avukatimtv.com\/index.php\/wp-json\/wp\/v2\/users\/1"}],"replies":[{"embeddable":true,"href":"https:\/\/avukatimtv.com\/index.php\/wp-json\/wp\/v2\/comments?post=1627"}],"version-history":[{"count":0,"href":"https:\/\/avukatimtv.com\/index.php\/wp-json\/wp\/v2\/posts\/1627\/revisions"}],"wp:featuredmedia":[{"embeddable":true,"href":"https:\/\/avukatimtv.com\/index.php\/wp-json\/wp\/v2\/media\/1629"}],"wp:attachment":[{"href":"https:\/\/avukatimtv.com\/index.php\/wp-json\/wp\/v2\/media?parent=1627"}],"wp:term":[{"taxonomy":"category","embeddable":true,"href":"https:\/\/avukatimtv.com\/index.php\/wp-json\/wp\/v2\/categories?post=1627"},{"taxonomy":"post_tag","embeddable":true,"href":"https:\/\/avukatimtv.com\/index.php\/wp-json\/wp\/v2\/tags?post=1627"}],"curies":[{"name":"wp","href":"https:\/\/api.w.org\/{rel}","templated":true}]}}