{"id":1630,"date":"2024-04-06T17:00:08","date_gmt":"2024-04-06T14:00:08","guid":{"rendered":"https:\/\/haberv8.thewpdemo.com\/uefadan-hakem-melis-ozcigdeme-gorev\/-1630.html"},"modified":"2024-04-06T17:00:08","modified_gmt":"2024-04-06T14:00:08","slug":"uefadan-hakem-melis-ozcigdeme-gorev","status":"publish","type":"post","link":"https:\/\/avukatimtv.com\/index.php\/2024\/04\/06\/uefadan-hakem-melis-ozcigdeme-gorev\/","title":{"rendered":"UEFA&#8217;dan hakem Melis \u00d6z\u00e7i\u011fdem&#8217;e g\u00f6rev"},"content":{"rendered":"<p><\/p>\n<p>FIFA kokartl\u0131 hakem Melis \u00d6z\u00e7i\u011fdem, yar\u0131n Kazakistan ile Bulgaristan aras\u0131nda oynanacak UEFA Kad\u0131nlar Avrupa Ligi Elemeleri C Grubu m\u00fcsabakas\u0131nda d\u00fcd\u00fck \u00e7alacak.<\/p>\n<p>T\u00fcrkiye Futbol Federasyonundan (TFF) yap\u0131lan a\u00e7\u0131klamaya g\u00f6re kar\u015f\u0131la\u015fmada \u00d6z\u00e7i\u011fdem&#8217;in yard\u0131mc\u0131l\u0131\u011f\u0131n\u0131 Sedef Aktan ve Arzu G\u00f6rg\u00fcn yapacak. M\u00fcsabakan\u0131n 4. hakemi ise Cansu Tiryaki olacak.<\/p>\n","protected":false},"excerpt":{"rendered":"<p>FIFA kokartl\u0131 hakem Melis \u00d6z\u00e7i\u011fdem, yar\u0131n Kazakistan ile Bulgaristan aras\u0131nda oynanacak UEFA Kad\u0131nlar Avrupa Ligi Elemeleri C Grubu m\u00fcsabakas\u0131nda d\u00fcd\u00fck \u00e7alacak. T\u00fcrkiye Futbol Federasyonundan (TFF) yap\u0131lan a\u00e7\u0131klamaya g\u00f6re kar\u015f\u0131la\u015fmada \u00d6z\u00e7i\u011fdem&#8217;in yard\u0131mc\u0131l\u0131\u011f\u0131n\u0131 Sedef Aktan ve Arzu G\u00f6rg\u00fcn yapacak. M\u00fcsabakan\u0131n 4. hakemi ise Cansu Tiryaki olacak.<\/p>\n","protected":false},"author":1,"featured_media":1632,"comment_status":"open","ping_status":"closed","sticky":false,"template":"","format":"standard","meta":{"footnotes":""},"categories":[13],"tags":[30,31],"class_list":["post-1630","post","type-post","status-publish","format-standard","has-post-thumbnail","hentry","category-spor","tag-spor","tag-spor-haberleri"],"_links":{"self":[{"href":"https:\/\/avukatimtv.com\/index.php\/wp-json\/wp\/v2\/posts\/1630","targetHints":{"allow":["GET"]}}],"collection":[{"href":"https:\/\/avukatimtv.com\/index.php\/wp-json\/wp\/v2\/posts"}],"about":[{"href":"https:\/\/avukatimtv.com\/index.php\/wp-json\/wp\/v2\/types\/post"}],"author":[{"embeddable":true,"href":"https:\/\/avukatimtv.com\/index.php\/wp-json\/wp\/v2\/users\/1"}],"replies":[{"embeddable":true,"href":"https:\/\/avukatimtv.com\/index.php\/wp-json\/wp\/v2\/comments?post=1630"}],"version-history":[{"count":0,"href":"https:\/\/avukatimtv.com\/index.php\/wp-json\/wp\/v2\/posts\/1630\/revisions"}],"wp:featuredmedia":[{"embeddable":true,"href":"https:\/\/avukatimtv.com\/index.php\/wp-json\/wp\/v2\/media\/1632"}],"wp:attachment":[{"href":"https:\/\/avukatimtv.com\/index.php\/wp-json\/wp\/v2\/media?parent=1630"}],"wp:term":[{"taxonomy":"category","embeddable":true,"href":"https:\/\/avukatimtv.com\/index.php\/wp-json\/wp\/v2\/categories?post=1630"},{"taxonomy":"post_tag","embeddable":true,"href":"https:\/\/avukatimtv.com\/index.php\/wp-json\/wp\/v2\/tags?post=1630"}],"curies":[{"name":"wp","href":"https:\/\/api.w.org\/{rel}","templated":true}]}}