{"id":1639,"date":"2024-04-06T17:00:11","date_gmt":"2024-04-06T14:00:11","guid":{"rendered":"https:\/\/haberv8.thewpdemo.com\/bahcesehir-koleji-fiba-avrupa-kupasinda-finale-yukseldi\/-1639.html"},"modified":"2024-04-06T17:00:11","modified_gmt":"2024-04-06T14:00:11","slug":"bahcesehir-koleji-fiba-avrupa-kupasinda-finale-yukseldi","status":"publish","type":"post","link":"https:\/\/avukatimtv.com\/index.php\/2024\/04\/06\/bahcesehir-koleji-fiba-avrupa-kupasinda-finale-yukseldi\/","title":{"rendered":"Bah\u00e7e\u015fehir Koleji, FIBA Avrupa Kupas\u0131&#8217;nda finale y\u00fckseldi"},"content":{"rendered":"<\/p>\n<p>\u00dc\u00e7\u00fcnc\u00fc periyotta fark\u0131 13 say\u0131ya kadar \u00e7\u0131karan temsilcimiz, son \u00e7eyre\u011fe 59-51 \u00fcst\u00fcnl\u00fckle girdi. \u00c7eki\u015fmeli ge\u00e7en son periyotta savunmada ve h\u00fccumda etkili olan Varese, fark\u0131 kapatarak son 5 dakikaya 66-64 \u00f6nde girdi. Bouteille ve Kell&#8217;in \u00fc\u00e7l\u00fckleriyle toparlanan Mavi-beyazl\u0131lar, yeniden \u00f6ne ge\u00e7ti. S\u0131k\u0131 savunma ile rakibini geride b\u0131rakan Bah\u00e7e\u015fehir Koleji, Itelyum Varese&#8217;yi 81-37 yenerek, ad\u0131n\u0131 finale yazd\u0131rd\u0131.<\/p>\n","protected":false},"excerpt":{"rendered":"<p>\u00dc\u00e7\u00fcnc\u00fc periyotta fark\u0131 13 say\u0131ya kadar \u00e7\u0131karan temsilcimiz, son \u00e7eyre\u011fe 59-51 \u00fcst\u00fcnl\u00fckle girdi. \u00c7eki\u015fmeli ge\u00e7en son periyotta savunmada ve h\u00fccumda etkili olan Varese, fark\u0131 kapatarak son 5 dakikaya 66-64 \u00f6nde girdi. Bouteille ve Kell&#8217;in \u00fc\u00e7l\u00fckleriyle toparlanan Mavi-beyazl\u0131lar, yeniden \u00f6ne ge\u00e7ti. S\u0131k\u0131 savunma ile rakibini geride b\u0131rakan Bah\u00e7e\u015fehir Koleji, Itelyum Varese&#8217;yi 81-37 yenerek, ad\u0131n\u0131 finale yazd\u0131rd\u0131.<\/p>\n","protected":false},"author":1,"featured_media":1641,"comment_status":"open","ping_status":"closed","sticky":false,"template":"","format":"standard","meta":{"footnotes":""},"categories":[13],"tags":[30,31],"class_list":["post-1639","post","type-post","status-publish","format-standard","has-post-thumbnail","hentry","category-spor","tag-spor","tag-spor-haberleri"],"_links":{"self":[{"href":"https:\/\/avukatimtv.com\/index.php\/wp-json\/wp\/v2\/posts\/1639","targetHints":{"allow":["GET"]}}],"collection":[{"href":"https:\/\/avukatimtv.com\/index.php\/wp-json\/wp\/v2\/posts"}],"about":[{"href":"https:\/\/avukatimtv.com\/index.php\/wp-json\/wp\/v2\/types\/post"}],"author":[{"embeddable":true,"href":"https:\/\/avukatimtv.com\/index.php\/wp-json\/wp\/v2\/users\/1"}],"replies":[{"embeddable":true,"href":"https:\/\/avukatimtv.com\/index.php\/wp-json\/wp\/v2\/comments?post=1639"}],"version-history":[{"count":0,"href":"https:\/\/avukatimtv.com\/index.php\/wp-json\/wp\/v2\/posts\/1639\/revisions"}],"wp:featuredmedia":[{"embeddable":true,"href":"https:\/\/avukatimtv.com\/index.php\/wp-json\/wp\/v2\/media\/1641"}],"wp:attachment":[{"href":"https:\/\/avukatimtv.com\/index.php\/wp-json\/wp\/v2\/media?parent=1639"}],"wp:term":[{"taxonomy":"category","embeddable":true,"href":"https:\/\/avukatimtv.com\/index.php\/wp-json\/wp\/v2\/categories?post=1639"},{"taxonomy":"post_tag","embeddable":true,"href":"https:\/\/avukatimtv.com\/index.php\/wp-json\/wp\/v2\/tags?post=1639"}],"curies":[{"name":"wp","href":"https:\/\/api.w.org\/{rel}","templated":true}]}}