{"id":1642,"date":"2024-04-06T17:00:12","date_gmt":"2024-04-06T14:00:12","guid":{"rendered":"https:\/\/haberv8.thewpdemo.com\/gozaltina-alinan-eski-ispanya-futbol-federasyonu-baskani-rubiales-serbest-birakildi\/-1642.html"},"modified":"2024-04-06T17:00:12","modified_gmt":"2024-04-06T14:00:12","slug":"gozaltina-alinan-eski-ispanya-futbol-federasyonu-baskani-rubiales-serbest-birakildi","status":"publish","type":"post","link":"https:\/\/avukatimtv.com\/index.php\/2024\/04\/06\/gozaltina-alinan-eski-ispanya-futbol-federasyonu-baskani-rubiales-serbest-birakildi\/","title":{"rendered":"G\u00f6zalt\u0131na al\u0131nan eski \u0130spanya Futbol Federasyonu Ba\u015fkan\u0131 Rubiales, serbest b\u0131rak\u0131ld\u0131"},"content":{"rendered":"<p><\/p>\n<p>\u0130spanya haber ajans\u0131 EFE&#8217;nin g\u00fcvenlik kaynaklar\u0131na dayanarak verdi\u011fi haberde, Dominik Cumhuriyeti&#8217;nden d\u00f6n\u00fc\u015f\u00fcnde Madrid Adolfo Suarez-Barajas Havaliman\u0131&#8217;nda u\u00e7aktan indirilerek g\u00f6zalt\u0131na al\u0131nan Rubiales&#8217;in, hakk\u0131ndaki yolsuzluk su\u00e7lamalar\u0131yla ilgili olarak Jandarma Merkez Operasyon Birimi&#8217;nin (UCO) havaliman\u0131ndaki ofisine g\u00f6t\u00fcr\u00fcld\u00fc\u011f\u00fc ifade edildi.<\/p>\n<p>UCO taraf\u0131ndan kimlik tespitinin ard\u0131ndan ifadesi al\u0131nan Rubiales&#8217;in cep telefonlar\u0131na el konuldu\u011fu ve daha sonra serbest b\u0131rak\u0131ld\u0131\u011f\u0131 a\u00e7\u0131kland\u0131. Rubiales&#8217;in \u00f6n\u00fcm\u00fczdeki g\u00fcnlerde, hakk\u0131ndaki soru\u015fturmay\u0131 y\u00fcr\u00fcten mahkeme taraf\u0131ndan ifade vermeye \u00e7a\u011f\u0131r\u0131lmas\u0131 bekleniyor. RFEF&#8217;de 2018-2023 y\u0131llar\u0131 aras\u0131nda ba\u015fkan olarak g\u00f6rev yapan Rubiales, hakk\u0131ndaki yolsuzluk soru\u015fturmalar\u0131n\u0131n ba\u015flad\u0131\u011f\u0131 20 Mart tarihinde \u00f6zel i\u015fleri i\u00e7in Dominik Cumhuriyeti&#8217;ne gitmi\u015fti.<\/p>\n<p>Hakk\u0131ndaki iddialardan sonra 6 Nisan&#8217;da \u0130spanya&#8217;ya d\u00f6nece\u011fini a\u00e7\u0131klayan ve su\u00e7suz oldu\u011funu savunarak \u0130spanyol yarg\u0131s\u0131ndan ka\u00e7mayaca\u011f\u0131n\u0131 s\u00f6yleyen Rubiales, d\u00f6n\u00fc\u015f tarihi erkene \u00e7ekerek bug\u00fcn Madrid&#8217;e gelmi\u015fti. Madrid&#8217;in Mahadahonda il\u00e7esindeki 4 Nolu Asliye Hukuk Mahkemesi&#8217;nin ba\u015flatt\u0131\u011f\u0131 soru\u015fturma kapsam\u0131nda Rubiales, 2020-2022 y\u0131llar\u0131 aras\u0131 ba\u015fta olmak \u00fczere ba\u015fkan oldu\u011fu d\u00f6nemde RFEF ile ba\u011flant\u0131l\u0131 baz\u0131 s\u00f6zle\u015fmelerde bir in\u015faat firmas\u0131ndan 3,8 milyon avro temin etmek ve di\u011fer i\u015flerden de toplamda 530 bin avro oldu\u011fu tahmin edilen komisyon almakla su\u00e7lan\u0131yor.<\/p>\n","protected":false},"excerpt":{"rendered":"<p>\u0130spanya haber ajans\u0131 EFE&#8217;nin g\u00fcvenlik kaynaklar\u0131na dayanarak verdi\u011fi haberde, Dominik Cumhuriyeti&#8217;nden d\u00f6n\u00fc\u015f\u00fcnde Madrid Adolfo Suarez-Barajas Havaliman\u0131&#8217;nda u\u00e7aktan indirilerek g\u00f6zalt\u0131na al\u0131nan Rubiales&#8217;in, hakk\u0131ndaki yolsuzluk su\u00e7lamalar\u0131yla ilgili olarak Jandarma Merkez Operasyon Birimi&#8217;nin (UCO) havaliman\u0131ndaki ofisine g\u00f6t\u00fcr\u00fcld\u00fc\u011f\u00fc ifade edildi. UCO taraf\u0131ndan kimlik tespitinin ard\u0131ndan ifadesi al\u0131nan Rubiales&#8217;in cep telefonlar\u0131na el konuldu\u011fu ve daha sonra serbest b\u0131rak\u0131ld\u0131\u011f\u0131 a\u00e7\u0131kland\u0131. Rubiales&#8217;in [&hellip;]<\/p>\n","protected":false},"author":1,"featured_media":1644,"comment_status":"open","ping_status":"closed","sticky":false,"template":"","format":"standard","meta":{"footnotes":""},"categories":[13],"tags":[30,31],"class_list":["post-1642","post","type-post","status-publish","format-standard","has-post-thumbnail","hentry","category-spor","tag-spor","tag-spor-haberleri"],"_links":{"self":[{"href":"https:\/\/avukatimtv.com\/index.php\/wp-json\/wp\/v2\/posts\/1642","targetHints":{"allow":["GET"]}}],"collection":[{"href":"https:\/\/avukatimtv.com\/index.php\/wp-json\/wp\/v2\/posts"}],"about":[{"href":"https:\/\/avukatimtv.com\/index.php\/wp-json\/wp\/v2\/types\/post"}],"author":[{"embeddable":true,"href":"https:\/\/avukatimtv.com\/index.php\/wp-json\/wp\/v2\/users\/1"}],"replies":[{"embeddable":true,"href":"https:\/\/avukatimtv.com\/index.php\/wp-json\/wp\/v2\/comments?post=1642"}],"version-history":[{"count":0,"href":"https:\/\/avukatimtv.com\/index.php\/wp-json\/wp\/v2\/posts\/1642\/revisions"}],"wp:featuredmedia":[{"embeddable":true,"href":"https:\/\/avukatimtv.com\/index.php\/wp-json\/wp\/v2\/media\/1644"}],"wp:attachment":[{"href":"https:\/\/avukatimtv.com\/index.php\/wp-json\/wp\/v2\/media?parent=1642"}],"wp:term":[{"taxonomy":"category","embeddable":true,"href":"https:\/\/avukatimtv.com\/index.php\/wp-json\/wp\/v2\/categories?post=1642"},{"taxonomy":"post_tag","embeddable":true,"href":"https:\/\/avukatimtv.com\/index.php\/wp-json\/wp\/v2\/tags?post=1642"}],"curies":[{"name":"wp","href":"https:\/\/api.w.org\/{rel}","templated":true}]}}