{"id":1648,"date":"2024-04-06T17:00:17","date_gmt":"2024-04-06T14:00:17","guid":{"rendered":"https:\/\/haberv8.thewpdemo.com\/milli-yildiz-can-uzunun-performansi-almanyayi-salladi\/-1648.html"},"modified":"2024-04-06T17:00:17","modified_gmt":"2024-04-06T14:00:17","slug":"milli-yildiz-can-uzunun-performansi-almanyayi-salladi","status":"publish","type":"post","link":"https:\/\/avukatimtv.com\/index.php\/2024\/04\/06\/milli-yildiz-can-uzunun-performansi-almanyayi-salladi\/","title":{"rendered":"Milli y\u0131ld\u0131z Can Uzun&#8217;un performans\u0131 Almanya&#8217;y\u0131 sallad\u0131!"},"content":{"rendered":"<p><\/p>\n<p>Bundesliga 2 ekiplerinden N\u00fcrnberg&#8217;in 18 ya\u015f\u0131ndaki gen\u00e7 yetene\u011fi Can Uzun, bu sezon parlamaya devam ediyor.<\/p>\n<p>Son olarak tak\u0131m\u0131n\u0131n Hertha Berlin ile 3-3 berabere kald\u0131\u011f\u0131 kar\u015f\u0131la\u015fmada 2 gol atan Can Uzun, bu sezonki gol say\u0131s\u0131n\u0131 18&#8217;e y\u00fckseltti.<\/p>\n<p>Bu sezon tak\u0131mda toplamda 26 ma\u00e7ta s\u00fcre bulan gen\u00e7 y\u0131ld\u0131z, 18 gol\u00fcn\u00fcn yan\u0131 s\u0131ra tak\u0131m arkada\u015flar\u0131na 3 kez de gol pas\u0131 verdi.<\/p>\n<p>Milli tak\u0131m tercihini T\u00fcrkiye&#8217;den yana kullanan ve A Milli Futbol Tak\u0131m\u0131&#8217;n\u0131n Macaristan ve Avusturya ma\u00e7lar\u0131n\u0131n kadrosunda da yer alan Can Uzun&#8217;un ad\u0131 transferde de \u00f6nemli ekiplerle an\u0131l\u0131yor. Borussia Dortmund ve Eintracht Frankfurt gibi ekipler, Can Uzun ile ilgileniyor.<\/p>\n<p>G\u00fcncel piyasa de\u011feri 12 milyon euro olarak g\u00f6sterilen Can Uzun&#8217;un N\u00fcrnberg ile s\u00f6zle\u015fmesi 2027 y\u0131l\u0131na kadar devam ediyor.\n <\/p>\n","protected":false},"excerpt":{"rendered":"<p>Bundesliga 2 ekiplerinden N\u00fcrnberg&#8217;in 18 ya\u015f\u0131ndaki gen\u00e7 yetene\u011fi Can Uzun, bu sezon parlamaya devam ediyor. Son olarak tak\u0131m\u0131n\u0131n Hertha Berlin ile 3-3 berabere kald\u0131\u011f\u0131 kar\u015f\u0131la\u015fmada 2 gol atan Can Uzun, bu sezonki gol say\u0131s\u0131n\u0131 18&#8217;e y\u00fckseltti. Bu sezon tak\u0131mda toplamda 26 ma\u00e7ta s\u00fcre bulan gen\u00e7 y\u0131ld\u0131z, 18 gol\u00fcn\u00fcn yan\u0131 s\u0131ra tak\u0131m arkada\u015flar\u0131na 3 kez de [&hellip;]<\/p>\n","protected":false},"author":1,"featured_media":1650,"comment_status":"open","ping_status":"closed","sticky":false,"template":"","format":"standard","meta":{"footnotes":""},"categories":[13],"tags":[30,31],"class_list":["post-1648","post","type-post","status-publish","format-standard","has-post-thumbnail","hentry","category-spor","tag-spor","tag-spor-haberleri"],"_links":{"self":[{"href":"https:\/\/avukatimtv.com\/index.php\/wp-json\/wp\/v2\/posts\/1648","targetHints":{"allow":["GET"]}}],"collection":[{"href":"https:\/\/avukatimtv.com\/index.php\/wp-json\/wp\/v2\/posts"}],"about":[{"href":"https:\/\/avukatimtv.com\/index.php\/wp-json\/wp\/v2\/types\/post"}],"author":[{"embeddable":true,"href":"https:\/\/avukatimtv.com\/index.php\/wp-json\/wp\/v2\/users\/1"}],"replies":[{"embeddable":true,"href":"https:\/\/avukatimtv.com\/index.php\/wp-json\/wp\/v2\/comments?post=1648"}],"version-history":[{"count":0,"href":"https:\/\/avukatimtv.com\/index.php\/wp-json\/wp\/v2\/posts\/1648\/revisions"}],"wp:featuredmedia":[{"embeddable":true,"href":"https:\/\/avukatimtv.com\/index.php\/wp-json\/wp\/v2\/media\/1650"}],"wp:attachment":[{"href":"https:\/\/avukatimtv.com\/index.php\/wp-json\/wp\/v2\/media?parent=1648"}],"wp:term":[{"taxonomy":"category","embeddable":true,"href":"https:\/\/avukatimtv.com\/index.php\/wp-json\/wp\/v2\/categories?post=1648"},{"taxonomy":"post_tag","embeddable":true,"href":"https:\/\/avukatimtv.com\/index.php\/wp-json\/wp\/v2\/tags?post=1648"}],"curies":[{"name":"wp","href":"https:\/\/api.w.org\/{rel}","templated":true}]}}