{"id":1660,"date":"2024-04-06T17:00:21","date_gmt":"2024-04-06T14:00:21","guid":{"rendered":"https:\/\/haberv8.thewpdemo.com\/formula-1in-sahibi-liberty-media-motogpyi-satin-aldi\/-1660.html"},"modified":"2024-04-06T17:00:21","modified_gmt":"2024-04-06T14:00:21","slug":"formula-1in-sahibi-liberty-media-motogpyi-satin-aldi","status":"publish","type":"post","link":"https:\/\/avukatimtv.com\/index.php\/2024\/04\/06\/formula-1in-sahibi-liberty-media-motogpyi-satin-aldi\/","title":{"rendered":"Formula 1&#8217;in sahibi Liberty Media, MotoGP&#8217;yi sat\u0131n ald\u0131"},"content":{"rendered":"<p><\/p>\n<p>F1&#8217;i 2017 y\u0131l\u0131nda b\u00fcnyesine katan ABD&#8217;li medya grubu, 1992&#8217;den bu yana MotoGP&#8217;nin sahibi olan \u0130spanyol Dorna Sports&#8217;tan hisselerin yakla\u015f\u0131k y\u00fczde 86&#8217;s\u0131n\u0131 alarak spor organizasyonlar\u0131ndaki yat\u0131r\u0131mlar\u0131n\u0131 geni\u015fletti.<\/p>\n<p>Anla\u015fman\u0131n resmi olarak y\u0131l sonuna kadar tamamlanmas\u0131 bekleniyor.<\/p>\n<p>Toplam 6 yar\u0131\u015fl\u0131k bir sezonla ilk kez 1949 y\u0131l\u0131nda d\u00fczenlenen MotoGP, be\u015f k\u0131tada 20 yar\u0131\u015fl\u0131k takvimiyle d\u00fcnyan\u0131n en \u00f6nemli motosiklet organizasyonu olma \u00f6zelli\u011fini ta\u015f\u0131yor.<\/p>\n","protected":false},"excerpt":{"rendered":"<p>F1&#8217;i 2017 y\u0131l\u0131nda b\u00fcnyesine katan ABD&#8217;li medya grubu, 1992&#8217;den bu yana MotoGP&#8217;nin sahibi olan \u0130spanyol Dorna Sports&#8217;tan hisselerin yakla\u015f\u0131k y\u00fczde 86&#8217;s\u0131n\u0131 alarak spor organizasyonlar\u0131ndaki yat\u0131r\u0131mlar\u0131n\u0131 geni\u015fletti. Anla\u015fman\u0131n resmi olarak y\u0131l sonuna kadar tamamlanmas\u0131 bekleniyor. Toplam 6 yar\u0131\u015fl\u0131k bir sezonla ilk kez 1949 y\u0131l\u0131nda d\u00fczenlenen MotoGP, be\u015f k\u0131tada 20 yar\u0131\u015fl\u0131k takvimiyle d\u00fcnyan\u0131n en \u00f6nemli motosiklet organizasyonu [&hellip;]<\/p>\n","protected":false},"author":1,"featured_media":1662,"comment_status":"open","ping_status":"closed","sticky":false,"template":"","format":"standard","meta":{"footnotes":""},"categories":[13],"tags":[30,31],"class_list":["post-1660","post","type-post","status-publish","format-standard","has-post-thumbnail","hentry","category-spor","tag-spor","tag-spor-haberleri"],"_links":{"self":[{"href":"https:\/\/avukatimtv.com\/index.php\/wp-json\/wp\/v2\/posts\/1660","targetHints":{"allow":["GET"]}}],"collection":[{"href":"https:\/\/avukatimtv.com\/index.php\/wp-json\/wp\/v2\/posts"}],"about":[{"href":"https:\/\/avukatimtv.com\/index.php\/wp-json\/wp\/v2\/types\/post"}],"author":[{"embeddable":true,"href":"https:\/\/avukatimtv.com\/index.php\/wp-json\/wp\/v2\/users\/1"}],"replies":[{"embeddable":true,"href":"https:\/\/avukatimtv.com\/index.php\/wp-json\/wp\/v2\/comments?post=1660"}],"version-history":[{"count":0,"href":"https:\/\/avukatimtv.com\/index.php\/wp-json\/wp\/v2\/posts\/1660\/revisions"}],"wp:featuredmedia":[{"embeddable":true,"href":"https:\/\/avukatimtv.com\/index.php\/wp-json\/wp\/v2\/media\/1662"}],"wp:attachment":[{"href":"https:\/\/avukatimtv.com\/index.php\/wp-json\/wp\/v2\/media?parent=1660"}],"wp:term":[{"taxonomy":"category","embeddable":true,"href":"https:\/\/avukatimtv.com\/index.php\/wp-json\/wp\/v2\/categories?post=1660"},{"taxonomy":"post_tag","embeddable":true,"href":"https:\/\/avukatimtv.com\/index.php\/wp-json\/wp\/v2\/tags?post=1660"}],"curies":[{"name":"wp","href":"https:\/\/api.w.org\/{rel}","templated":true}]}}