{"id":1666,"date":"2024-04-06T17:00:23","date_gmt":"2024-04-06T14:00:23","guid":{"rendered":"https:\/\/haberv8.thewpdemo.com\/tmok-ve-tsydnin-eski-baskanlarindan-togay-bayatli-vefat-etti\/-1666.html"},"modified":"2024-04-06T17:00:23","modified_gmt":"2024-04-06T14:00:23","slug":"tmok-ve-tsydnin-eski-baskanlarindan-togay-bayatli-vefat-etti","status":"publish","type":"post","link":"https:\/\/avukatimtv.com\/index.php\/2024\/04\/06\/tmok-ve-tsydnin-eski-baskanlarindan-togay-bayatli-vefat-etti\/","title":{"rendered":"TMOK ve TSYD&#8217;nin eski ba\u015fkanlar\u0131ndan Togay Bayatl\u0131 vefat etti"},"content":{"rendered":"<p><\/p>\n<p>TSYD&#8217;den yap\u0131lan a\u00e7\u0131klamada, Bayatl\u0131&#8217;n\u0131n vefat etti\u011fi belirtilerek, &#8220;TSYD&#8217;nin 7. Genel Ba\u015fkan\u0131 Togay Bayatl\u0131&#8217;y\u0131 kaybettik. Ac\u0131m\u0131z b\u00fcy\u00fck, Allah rahmet eylesin&#8221; ifadesi kullan\u0131ld\u0131. Bayatl\u0131&#8217;n\u0131n \u00fcyesi oldu\u011fu T\u00fcrkiye Gazeteciler Cemiyetinden (TGC) yap\u0131lan a\u00e7\u0131klamada da, &#8220;Uzun y\u0131llar mesle\u011fimize spor alan\u0131nda ba\u015far\u0131yla hizmet veren \u00fcyemiz Togay Bayatl\u0131&#8217;y\u0131 kaybetmenin \u00fcz\u00fcnt\u00fcs\u00fc i\u00e7indeyiz. Meslekta\u015f\u0131m\u0131z\u0131n ailesine ve bas\u0131n toplulu\u011fumuza ba\u015fsa\u011fl\u0131\u011f\u0131 diliyoruz.&#8221; denildi.<\/p>\n<p><strong>\u00d6ZGE\u00c7M\u0130\u015e\u0130<\/strong><br \/>\nTogay Bayatl\u0131, 20 Eyl\u00fcl 1938 y\u0131l\u0131nda Ni\u011fde&#8217;nin Bor il\u00e7esinde d\u00fcnyaya geldi. \u0130stanbul \u00dcniversitesi \u0130ktisat Fak\u00fcltesi&#8217;ni bitiren Bayatl\u0131, \u00fcniversite y\u0131llar\u0131nda AIESEC (Uluslararas\u0131 Ticari Bilimler Ekonomi \u00d6\u011frenciler Birli\u011fi) ba\u015fkanl\u0131\u011f\u0131 yapt\u0131 ve Uluslararas\u0131 Dan\u0131\u015fma Kurulu \u00dcyesi se\u00e7ildi. Bir s\u00fcre \u0130stanbulspor&#8217;da futbol oynayan Bayatl\u0131, Fenerbah\u00e7e Kul\u00fcb\u00fcnde y\u00f6netim kurulu \u00fcyeli\u011finin yan\u0131 s\u0131ra amat\u00f6r spor faaliyetlerinin ba\u015fkanl\u0131\u011f\u0131n\u0131 yapt\u0131.<\/p>\n<p>Bayatl\u0131, 1958&#8217;de spor yazarl\u0131\u011f\u0131na ba\u015flad\u0131 ve T\u00fcrkiye&#8217;nin \u00f6nemli gazetelerinde \u00e7al\u0131\u015ft\u0131. 1981&#8217;de D\u00fcnya Spor Yazarlar\u0131 Birli\u011fi Y\u00f6netim Kurulu&#8217;na giren Bayatl\u0131, d\u00f6rt y\u0131l sonra asba\u015fkanl\u0131k g\u00f6revine getirildi, 1993&#8217;te de ba\u015fkanl\u0131\u011fa se\u00e7ildi. 1976&#8217;dan itibaren T\u00fcrkiye Spor Yazarlar\u0131 Derne\u011fi Y\u00f6netim Kurulu&#8217;nda \u00e7al\u0131\u015fan Bayatl\u0131, 1986-1992 y\u0131llar\u0131 aras\u0131nda T\u00fcrkiye Spor Yazarlar\u0131 Derne\u011fi Genel Ba\u015fkanl\u0131\u011f\u0131n\u0131 yapt\u0131.<\/p>\n<p>Avrupa Olimpiyat Komiteleri y\u00f6netim kurulu ile Uluslararas\u0131 Olimpiyat Komitesi Bas\u0131n ve Televizyon Komitesi&#8217;nde spor y\u00f6neticili\u011fi g\u00f6revlerini \u00fcstlenen Bayatl\u0131, 1984 ve 1988&#8217;de Olimpiyat Bas\u0131n Ata\u015feli\u011fi yapt\u0131. Bayatl\u0131 ayr\u0131ca, FIFA Bas\u0131n Komisyonu \u00fcyeli\u011fi ve Akdeniz Oyunlar\u0131 Medya Komisyonu ba\u015fkanl\u0131\u011f\u0131 g\u00f6revlerini de \u00fcstlendi.<\/p>\n<p><strong>8 YIL TMOK BA\u015eKANLI\u011eI YAPTI<\/strong><br \/>\nT\u00fcrk sporunun unutulmaz isimlerinden Sinan Erdem&#8217;in vefat\u0131n\u0131n ard\u0131ndan 2003&#8217;te, 1989&#8217;dan beri genel sekreter olarak g\u00f6rev yapt\u0131\u011f\u0131 T\u00fcrkiye Milli Olimpiyat Komitesi&#8217;nin (TMOK) ba\u015fkanl\u0131\u011f\u0131na se\u00e7ilen Bayatl\u0131, sa\u011fl\u0131k sorunlar\u0131 nedeniyle Nisan 2011&#8217;de g\u00f6revinden ayr\u0131ld\u0131. Bayatl\u0131, daha sonra TMOK onursal ba\u015fkanl\u0131\u011f\u0131na getirildi. Uluslararas\u0131 Olimpiyat Komitesi Liyakat \u00d6d\u00fcl\u00fc bulunan; \u0130ngilizce, Almanca, \u0130talyanca, \u0130spanyolca bilen Bayatl\u0131, evli ve iki \u00e7ocuk sahibiydi.<\/p>\n<p><span style=\"color:#FF0000\"><strong>TFF&#8217;DEN BA\u015eSA\u011eLI\u011eI MESAJI<\/strong><\/span><br \/>\nT\u00fcrkiye Futbol Federasyonu, hayat\u0131n\u0131 kaybeden Togay Bayatl\u0131 i\u00e7in ba\u015fsa\u011fl\u0131\u011f\u0131 mesaj\u0131 yay\u0131mlad\u0131. TFF&#8217;den yap\u0131lan a\u00e7\u0131klamada, \u015fu ifadelere yer verildi:<\/p>\n<p>&#8220;T\u00fcrk spor bas\u0131n\u0131n\u0131n duayen isimlerinden, T\u00fcrkiye Milli Olimpiyat Komitesi (TMOK), D\u00fcnya Spor Yazarlar\u0131 Birli\u011fi (AIPS) ve T\u00fcrkiye Spor Yazarlar\u0131 Derne\u011fi (TSYD) eski ba\u015fkan\u0131 Togay Bayatl\u0131&#8217;n\u0131n vefat etti\u011fini derin bir \u00fcz\u00fcnt\u00fc ile \u00f6\u011frenmi\u015f bulunuyoruz. Uzun y\u0131llar Milliyet ile H\u00fcrriyet gazetelerinde k\u00f6\u015fe yaz\u0131lar\u0131 yazan Togay Bayatl\u0131, y\u00f6netici, yazar ve yorumcu olarak T\u00fcrk sporuna ve spor bas\u0131n\u0131na \u00e7ok \u00f6nemli katk\u0131larda bulunmu\u015ftu. Merhum Togay Bayatl\u0131&#8217;ya Allah&#8217;tan rahmet; ailesi, sevenleri, spor ve bas\u0131n camias\u0131na ba\u015fsa\u011fl\u0131\u011f\u0131 dileriz.&#8221;<\/p>\n","protected":false},"excerpt":{"rendered":"<p>TSYD&#8217;den yap\u0131lan a\u00e7\u0131klamada, Bayatl\u0131&#8217;n\u0131n vefat etti\u011fi belirtilerek, &#8220;TSYD&#8217;nin 7. Genel Ba\u015fkan\u0131 Togay Bayatl\u0131&#8217;y\u0131 kaybettik. Ac\u0131m\u0131z b\u00fcy\u00fck, Allah rahmet eylesin&#8221; ifadesi kullan\u0131ld\u0131. Bayatl\u0131&#8217;n\u0131n \u00fcyesi oldu\u011fu T\u00fcrkiye Gazeteciler Cemiyetinden (TGC) yap\u0131lan a\u00e7\u0131klamada da, &#8220;Uzun y\u0131llar mesle\u011fimize spor alan\u0131nda ba\u015far\u0131yla hizmet veren \u00fcyemiz Togay Bayatl\u0131&#8217;y\u0131 kaybetmenin \u00fcz\u00fcnt\u00fcs\u00fc i\u00e7indeyiz. Meslekta\u015f\u0131m\u0131z\u0131n ailesine ve bas\u0131n toplulu\u011fumuza ba\u015fsa\u011fl\u0131\u011f\u0131 diliyoruz.&#8221; denildi. \u00d6ZGE\u00c7M\u0130\u015e\u0130 Togay [&hellip;]<\/p>\n","protected":false},"author":1,"featured_media":1668,"comment_status":"open","ping_status":"closed","sticky":false,"template":"","format":"standard","meta":{"footnotes":""},"categories":[13],"tags":[30,31],"class_list":["post-1666","post","type-post","status-publish","format-standard","has-post-thumbnail","hentry","category-spor","tag-spor","tag-spor-haberleri"],"_links":{"self":[{"href":"https:\/\/avukatimtv.com\/index.php\/wp-json\/wp\/v2\/posts\/1666","targetHints":{"allow":["GET"]}}],"collection":[{"href":"https:\/\/avukatimtv.com\/index.php\/wp-json\/wp\/v2\/posts"}],"about":[{"href":"https:\/\/avukatimtv.com\/index.php\/wp-json\/wp\/v2\/types\/post"}],"author":[{"embeddable":true,"href":"https:\/\/avukatimtv.com\/index.php\/wp-json\/wp\/v2\/users\/1"}],"replies":[{"embeddable":true,"href":"https:\/\/avukatimtv.com\/index.php\/wp-json\/wp\/v2\/comments?post=1666"}],"version-history":[{"count":0,"href":"https:\/\/avukatimtv.com\/index.php\/wp-json\/wp\/v2\/posts\/1666\/revisions"}],"wp:featuredmedia":[{"embeddable":true,"href":"https:\/\/avukatimtv.com\/index.php\/wp-json\/wp\/v2\/media\/1668"}],"wp:attachment":[{"href":"https:\/\/avukatimtv.com\/index.php\/wp-json\/wp\/v2\/media?parent=1666"}],"wp:term":[{"taxonomy":"category","embeddable":true,"href":"https:\/\/avukatimtv.com\/index.php\/wp-json\/wp\/v2\/categories?post=1666"},{"taxonomy":"post_tag","embeddable":true,"href":"https:\/\/avukatimtv.com\/index.php\/wp-json\/wp\/v2\/tags?post=1666"}],"curies":[{"name":"wp","href":"https:\/\/api.w.org\/{rel}","templated":true}]}}