{"id":1735,"date":"2024-04-06T17:02:09","date_gmt":"2024-04-06T14:02:09","guid":{"rendered":"https:\/\/haberv8.thewpdemo.com\/fahrettin-kocadan-diyabet-sensoru-aciklamasi-hepsine-vermek-istiyoruz\/-1735.html"},"modified":"2024-04-06T17:02:09","modified_gmt":"2024-04-06T14:02:09","slug":"fahrettin-kocadan-diyabet-sensoru-aciklamasi-hepsine-vermek-istiyoruz","status":"publish","type":"post","link":"https:\/\/avukatimtv.com\/index.php\/2024\/04\/06\/fahrettin-kocadan-diyabet-sensoru-aciklamasi-hepsine-vermek-istiyoruz\/","title":{"rendered":"Fahrettin Koca&#8217;dan &#8216;diyabet sens\u00f6r\u00fc&#8217; a\u00e7\u0131klamas\u0131: Hepsine vermek istiyoruz"},"content":{"rendered":"<\/p>\n<p>\n                <span>AA <\/span>\n            <\/p>\n<p class=\"text\">Sa\u011fl\u0131k alan\u0131nda \u00f6nemli ad\u0131mlar at\u0131lmaya devam ediliyor.<\/p>\n<p class=\"text\">Sa\u011fl\u0131k Bakan\u0131 Fahrettin Koca, \u00e7e\u015fitli temaslarda bulunmak \u00fczere Mardin&#8217;e geldi.<\/p>\n<p class=\"text\">Bakan Koca; Vali Tuncay Akkoyun, AK Parti Milletvekili Faruk K\u0131l\u0131\u00e7 ve AK Parti \u0130l Ba\u015fkan\u0131 Vahap Alma ile \u015eakir Nuho\u011flu Camisi&#8217;nde \u00f6\u011fle namaz\u0131n\u0131 k\u0131ld\u0131.<\/p>\n<p><strong>Vatanda\u015flarla g\u00f6r\u00fc\u015ft\u00fc<\/strong><\/p>\n<p class=\"text\">Daha sonra merkez Artuklu il\u00e7esindeki Ravza Caddesi&#8217;nde esnaf\u0131 ziyaret eden Koca, vatanda\u015flarla g\u00f6r\u00fc\u015ft\u00fc.<\/p>\n<p><strong>Diyabet sens\u00f6r\u00fc soruldu<\/strong><\/p>\n<p class=\"text\">Bu s\u0131rada Bakan Koca ile g\u00f6r\u00fc\u015fen bir ki\u015fi, o\u011flu i\u00e7in diyabet sens\u00f6r\u00fc talebinde bulundu.<\/p>\n<p><img decoding=\"async\" src=\"https:\/\/haberv8.thewpdemo.com\/wp-content\/uploads\/2024\/04\/fahrettin-kocadan-diyabet-sensoru-aciklamasi-hepsine-vermek-istiyoruz-0.jpg\" \/><\/p>\n<p><strong>&#8220;Tip 1 diyabetlilerin hepsine vermek istiyoruz&#8221;<\/strong><\/p>\n<p class=\"text\">Bunun \u00fczerine Koca, \u015funlar\u0131 s\u00f6yledi:<\/p>\n<p>Bizim yapmak istedi\u011fimiz bu sens\u00f6r\u00fc yerlile\u015ftirmek. Yerlile\u015ftirmeyle ilgili \u00f6nemli bir mesafe al\u0131nd\u0131. A\u00e7\u0131klamad\u0131m, burada ilk kez s\u00f6yl\u00fcyorum, ilk a\u015famas\u0131 da tamamland\u0131. Pilot \u00fcretime ge\u00e7ilmek \u00fczere klinik \u00e7al\u0131\u015fma safhas\u0131na gelindi. \u00c7ok uzamayacak. B\u00fct\u00fcn \u00e7ocuklar\u0131m\u0131za, \u00f6zellikle ins\u00fclin kullanan tip 1 diyabetlilerin hepsine vermek istiyoruz ama yerli olanlar\u0131.<\/p>\n<p class=\"text\">Bakan Koca, daha sonra Mardin Artuklu \u00dcniversitesi yerle\u015fkesinde yap\u0131m\u0131 s\u00fcren \u015fehir hastanesi in\u015faat\u0131nda incelemelerde bulundu, \u0130l Sa\u011fl\u0131k M\u00fcd\u00fcr\u00fc Saffet Yavuz&#8217;dan \u00e7al\u0131\u015fmalarla ilgili bilgi ald\u0131.<\/p>\n<p>        Haber Kayna\u011f\u0131: Anadolu Ajans\u0131 (AA)<\/p>\n","protected":false},"excerpt":{"rendered":"<p>AA Sa\u011fl\u0131k alan\u0131nda \u00f6nemli ad\u0131mlar at\u0131lmaya devam ediliyor. Sa\u011fl\u0131k Bakan\u0131 Fahrettin Koca, \u00e7e\u015fitli temaslarda bulunmak \u00fczere Mardin&#8217;e geldi. Bakan Koca; Vali Tuncay Akkoyun, AK Parti Milletvekili Faruk K\u0131l\u0131\u00e7 ve AK Parti \u0130l Ba\u015fkan\u0131 Vahap Alma ile \u015eakir Nuho\u011flu Camisi&#8217;nde \u00f6\u011fle namaz\u0131n\u0131 k\u0131ld\u0131. Vatanda\u015flarla g\u00f6r\u00fc\u015ft\u00fc Daha sonra merkez Artuklu il\u00e7esindeki Ravza Caddesi&#8217;nde esnaf\u0131 ziyaret eden Koca, [&hellip;]<\/p>\n","protected":false},"author":1,"featured_media":1738,"comment_status":"open","ping_status":"closed","sticky":false,"template":"","format":"standard","meta":{"footnotes":""},"categories":[11],"tags":[28],"class_list":["post-1735","post","type-post","status-publish","format-standard","has-post-thumbnail","hentry","category-saglik","tag-saglik"],"_links":{"self":[{"href":"https:\/\/avukatimtv.com\/index.php\/wp-json\/wp\/v2\/posts\/1735","targetHints":{"allow":["GET"]}}],"collection":[{"href":"https:\/\/avukatimtv.com\/index.php\/wp-json\/wp\/v2\/posts"}],"about":[{"href":"https:\/\/avukatimtv.com\/index.php\/wp-json\/wp\/v2\/types\/post"}],"author":[{"embeddable":true,"href":"https:\/\/avukatimtv.com\/index.php\/wp-json\/wp\/v2\/users\/1"}],"replies":[{"embeddable":true,"href":"https:\/\/avukatimtv.com\/index.php\/wp-json\/wp\/v2\/comments?post=1735"}],"version-history":[{"count":0,"href":"https:\/\/avukatimtv.com\/index.php\/wp-json\/wp\/v2\/posts\/1735\/revisions"}],"wp:featuredmedia":[{"embeddable":true,"href":"https:\/\/avukatimtv.com\/index.php\/wp-json\/wp\/v2\/media\/1738"}],"wp:attachment":[{"href":"https:\/\/avukatimtv.com\/index.php\/wp-json\/wp\/v2\/media?parent=1735"}],"wp:term":[{"taxonomy":"category","embeddable":true,"href":"https:\/\/avukatimtv.com\/index.php\/wp-json\/wp\/v2\/categories?post=1735"},{"taxonomy":"post_tag","embeddable":true,"href":"https:\/\/avukatimtv.com\/index.php\/wp-json\/wp\/v2\/tags?post=1735"}],"curies":[{"name":"wp","href":"https:\/\/api.w.org\/{rel}","templated":true}]}}