{"id":1739,"date":"2024-04-06T17:02:10","date_gmt":"2024-04-06T14:02:10","guid":{"rendered":"https:\/\/haberv8.thewpdemo.com\/ramazanda-su-kaybina-dikkat-sonu-olumcul-olabilir\/-1739.html"},"modified":"2024-04-06T17:02:10","modified_gmt":"2024-04-06T14:02:10","slug":"ramazanda-su-kaybina-dikkat-sonu-olumcul-olabilir","status":"publish","type":"post","link":"https:\/\/avukatimtv.com\/index.php\/2024\/04\/06\/ramazanda-su-kaybina-dikkat-sonu-olumcul-olabilir\/","title":{"rendered":"Ramazan&#8217;da su kayb\u0131na dikkat! Sonu \u00f6l\u00fcmc\u00fcl olabilir"},"content":{"rendered":"<\/p>\n<p class=\"text\">Ramazan ay\u0131nda su kayb\u0131n\u0131n zararlar\u0131 olduk\u00e7a ciddi olabilir.<\/p>\n<p class=\"text\">Bu nedenlerle, Ramazan ay\u0131nda su t\u00fcketimine dikkat etmek \u00f6nemlidir.<\/p>\n<p class=\"text\">\u0130ftar ve sahur aras\u0131nda yeterli miktarda su i\u00e7mek, susuzlu\u011fun ve bu olumsuz etkilerin \u00f6nlenmesine yard\u0131mc\u0131 olabilir.<\/p>\n<p class=\"text\">Ayr\u0131ca, \u00f6zellikle a\u015f\u0131r\u0131 s\u0131cak hava ko\u015fullar\u0131nda ve egzersiz yaparken su t\u00fcketimine daha da dikkat etmek \u00f6nemlidir.<\/p>\n<p><strong>\u0130\u015fte bu durumun baz\u0131 olumsuz etkileri:<\/strong><\/p>\n<p><strong>Dehidrasyon:<\/strong><\/p>\n<p class=\"text\">Su kayb\u0131 dehidrasyona yol a\u00e7abilir. Bu durum, v\u00fccudun su kaybetti\u011fi ve suyun v\u00fccutta yeterli olmad\u0131\u011f\u0131 anlam\u0131na gelir. Dehidrasyon ba\u015f a\u011fr\u0131s\u0131, yorgunluk, dikkat eksikli\u011fi, halsizlik gibi semptomlara neden olabilir.<\/p>\n<p><strong>Konsantrasyon ve Performans Azalmas\u0131:<\/strong><\/p>\n<p class=\"text\">Yetersiz su al\u0131m\u0131, konsantrasyon ve performans\u0131 olumsuz y\u00f6nde etkileyebilir. Bu durum, g\u00fcnl\u00fck aktivitelerde ve i\u015f veya okul performans\u0131nda d\u00fc\u015f\u00fc\u015fe neden olabilir.<\/p>\n<p><strong>Ba\u015f a\u011fr\u0131s\u0131 ve Halsizlik:<\/strong><\/p>\n<p class=\"text\">Su kayb\u0131, ba\u015f a\u011fr\u0131lar\u0131na ve halsizli\u011fe neden olabilir. Bu semptomlar ki\u015finin g\u00fcnl\u00fck ya\u015fam\u0131n\u0131 olumsuz etkileyebilir.<\/p>\n<p class=\"text\">B\u00f6brek Ta\u015flar\u0131 ve \u0130drar Yolu Enfeksiyonlar\u0131: Su t\u00fcketiminin azalmas\u0131, b\u00f6brek ta\u015flar\u0131n\u0131n olu\u015fma riskini art\u0131rabilir. Ayr\u0131ca, idrar yolu enfeksiyonlar\u0131na da zemin haz\u0131rlayabilir.<\/p>\n<p><strong>Cilt Problemleri:<\/strong><\/p>\n<p class=\"text\">Yeterli su t\u00fcketilmemesi cilt sa\u011fl\u0131\u011f\u0131n\u0131 olumsuz etkileyebilir. Cilt kurulu\u011fu, pullanma, ka\u015f\u0131nt\u0131 gibi sorunlar ortaya \u00e7\u0131kabilir.<\/p>\n<p><strong>Metabolizma Problemleri:<\/strong><\/p>\n<p class=\"text\">Su, v\u00fccutta metabolizman\u0131n d\u00fczg\u00fcn \u00e7al\u0131\u015fmas\u0131 i\u00e7in gereklidir. Yetersiz su al\u0131m\u0131 metabolizman\u0131n yava\u015flamas\u0131na ve sindirim sorunlar\u0131na yol a\u00e7abilir.<\/p>\n<p><img decoding=\"async\" src=\"https:\/\/haberv8.thewpdemo.com\/wp-content\/uploads\/2024\/04\/ramazanda-su-kaybina-dikkat-sonu-olumcul-olabilir-0.jpg\" \/><\/p>\n","protected":false},"excerpt":{"rendered":"<p>Ramazan ay\u0131nda su kayb\u0131n\u0131n zararlar\u0131 olduk\u00e7a ciddi olabilir. Bu nedenlerle, Ramazan ay\u0131nda su t\u00fcketimine dikkat etmek \u00f6nemlidir. \u0130ftar ve sahur aras\u0131nda yeterli miktarda su i\u00e7mek, susuzlu\u011fun ve bu olumsuz etkilerin \u00f6nlenmesine yard\u0131mc\u0131 olabilir. Ayr\u0131ca, \u00f6zellikle a\u015f\u0131r\u0131 s\u0131cak hava ko\u015fullar\u0131nda ve egzersiz yaparken su t\u00fcketimine daha da dikkat etmek \u00f6nemlidir. \u0130\u015fte bu durumun baz\u0131 olumsuz etkileri: [&hellip;]<\/p>\n","protected":false},"author":1,"featured_media":1743,"comment_status":"open","ping_status":"closed","sticky":false,"template":"","format":"standard","meta":{"footnotes":""},"categories":[11],"tags":[28],"class_list":["post-1739","post","type-post","status-publish","format-standard","has-post-thumbnail","hentry","category-saglik","tag-saglik"],"_links":{"self":[{"href":"https:\/\/avukatimtv.com\/index.php\/wp-json\/wp\/v2\/posts\/1739","targetHints":{"allow":["GET"]}}],"collection":[{"href":"https:\/\/avukatimtv.com\/index.php\/wp-json\/wp\/v2\/posts"}],"about":[{"href":"https:\/\/avukatimtv.com\/index.php\/wp-json\/wp\/v2\/types\/post"}],"author":[{"embeddable":true,"href":"https:\/\/avukatimtv.com\/index.php\/wp-json\/wp\/v2\/users\/1"}],"replies":[{"embeddable":true,"href":"https:\/\/avukatimtv.com\/index.php\/wp-json\/wp\/v2\/comments?post=1739"}],"version-history":[{"count":0,"href":"https:\/\/avukatimtv.com\/index.php\/wp-json\/wp\/v2\/posts\/1739\/revisions"}],"wp:featuredmedia":[{"embeddable":true,"href":"https:\/\/avukatimtv.com\/index.php\/wp-json\/wp\/v2\/media\/1743"}],"wp:attachment":[{"href":"https:\/\/avukatimtv.com\/index.php\/wp-json\/wp\/v2\/media?parent=1739"}],"wp:term":[{"taxonomy":"category","embeddable":true,"href":"https:\/\/avukatimtv.com\/index.php\/wp-json\/wp\/v2\/categories?post=1739"},{"taxonomy":"post_tag","embeddable":true,"href":"https:\/\/avukatimtv.com\/index.php\/wp-json\/wp\/v2\/tags?post=1739"}],"curies":[{"name":"wp","href":"https:\/\/api.w.org\/{rel}","templated":true}]}}