{"id":1749,"date":"2024-04-06T17:02:12","date_gmt":"2024-04-06T14:02:12","guid":{"rendered":"https:\/\/haberv8.thewpdemo.com\/bilimsel-kesif-ortaya-cikardi-tahil-ve-sekerler-dis-curuklerini-artirdi\/-1749.html"},"modified":"2024-04-06T17:02:12","modified_gmt":"2024-04-06T14:02:12","slug":"bilimsel-kesif-ortaya-cikardi-tahil-ve-sekerler-dis-curuklerini-artirdi","status":"publish","type":"post","link":"https:\/\/avukatimtv.com\/index.php\/2024\/04\/06\/bilimsel-kesif-ortaya-cikardi-tahil-ve-sekerler-dis-curuklerini-artirdi\/","title":{"rendered":"Bilimsel ke\u015fif ortaya \u00e7\u0131kard\u0131! Tah\u0131l ve \u015fekerler di\u015f \u00e7\u00fcr\u00fcklerini art\u0131rd\u0131"},"content":{"rendered":"<\/p>\n<p>\n                <span>AA <\/span>\n            <\/p>\n<p class=\"text\">\u0130rlanda&#8217;n\u0131n Limerick kentindeki kire\u00e7ta\u015f\u0131 ma\u011faras\u0131nda yap\u0131lan arkeolojik kaz\u0131larda bulunan 4 bin y\u0131l \u00f6nce ya\u015fam\u0131\u015f ki\u015fiye ait iki di\u015fte, bug\u00fcn de \u00e7\u00fcr\u00fc\u011fe ve di\u015f eti hastal\u0131\u011f\u0131na neden olan bakteriler saptand\u0131.<\/p>\n<p class=\"text\">Bilim insanlar\u0131, ke\u015fiften elde edilen bilgilerin, insan beslenmesindeki de\u011fi\u015fikliklerin, \u00e7\u00fcr\u00fcklerin ve di\u015f eti hastal\u0131klar\u0131n\u0131n yayg\u0131nla\u015fmas\u0131na etkisini anlamaya yard\u0131mc\u0131 olabilece\u011fini belirtti.<\/p>\n<p><strong>Bulunan di\u015f Bronz \u00c7a\u011f\u0131&#8217;ndaki insana ait<\/strong><\/p>\n<p class=\"text\">Bilim insanlar\u0131, milattan \u00f6nce 2280-2140 y\u0131llar\u0131nda Bronz \u00c7a\u011f\u0131&#8217;ndaki insana ait oldu\u011fu ortaya \u00e7\u0131kan iki di\u015f \u00fczerinde ara\u015ft\u0131rma yapt\u0131.<\/p>\n<p><strong>\u00c7\u00fcr\u00fcklere yol a\u00e7an a\u011f\u0131z bakterisi tespit edildi<\/strong><\/p>\n<p class=\"text\">Ara\u015ft\u0131rman\u0131n ba\u015f yazar\u0131, Dublin Trinity College Genetik B\u00f6l\u00fcm\u00fc \u00d6\u011fretim \u00dcyesi Dr. Lara Cassidy, di\u015flerden birinde bol miktarda, \u00e7\u00fcr\u00fcklere yol a\u00e7an a\u011f\u0131z bakterisi &#8220;Streptococcus Mutans&#8217;\u0131n (S. Mutans)&#8221; bulundu\u011funu a\u00e7\u0131klad\u0131.<\/p>\n<p class=\"text\">Cassidy, ara\u015ft\u0131rmac\u0131lar\u0131n, bakterilerin arkeolojik kaz\u0131larda bulunan antik di\u015flerde bug\u00fcnk\u00fc kadar yayg\u0131n olmad\u0131\u011f\u0131n\u0131 d\u00fc\u015f\u00fcnd\u00fc\u011f\u00fcn\u00fc belirterek, o d\u00f6nemlerde t\u00fcketilen besinlerin daha az rafine \u015feker ve i\u015flenmi\u015f g\u0131da i\u00e7erdi\u011fini s\u00f6yledi.<\/p>\n<p><strong>\u0130nsan hayat\u0131na tar\u0131m\u0131n girmesiyle beslenme de de\u011fi\u015fti<\/strong><\/p>\n<p class=\"text\">Yakla\u015f\u0131k 10 bin y\u0131l \u00f6nce insan hayat\u0131na tar\u0131m\u0131n girmesiyle \u00f6nemli bir beslenme de\u011fi\u015fiminin g\u00f6r\u00fcld\u00fc\u011f\u00fcn\u00fc kaydeden Cassidy, bu\u011fday ve arpa gibi tah\u0131llar\u0131n yeti\u015ftirildi\u011fi antik d\u00f6nemlerde di\u015f \u00e7\u00fcr\u00fcklerinin s\u0131k g\u00f6r\u00fcld\u00fc\u011f\u00fcn\u00fc, son birka\u00e7 y\u00fczy\u0131lda ise \u015fekerin yayg\u0131nla\u015fmas\u0131yla beslenme al\u0131\u015fkanl\u0131klar\u0131n\u0131n da de\u011fi\u015fti\u011fini vurgulad\u0131.<\/p>\n<p><img decoding=\"async\" src=\"https:\/\/haberv8.thewpdemo.com\/wp-content\/uploads\/2024\/04\/bilimsel-kesif-ortaya-cikardi-tahil-ve-sekerler-dis-curuklerini-artirdi-0.jpg\" \/><\/p>\n<p><strong>Tah\u0131l ve \u015fekerin diyetlere girmesi di\u015f \u00e7\u00fcr\u00fcklerini ve bakterilerin zararl\u0131 etkilerini art\u0131rd\u0131<\/strong><\/p>\n<p class=\"text\">Cassidy, Bronz \u00c7a\u011f\u0131&#8217;ndan kalan di\u015fteki &#8220;S. Mutans&#8221;\u0131n bug\u00fcnk\u00fc \u00f6rnekleriyle kar\u015f\u0131la\u015ft\u0131r\u0131lmas\u0131n\u0131n, bakterinin zarara yol a\u00e7ma yetene\u011finin \u015feker ve tah\u0131l\u0131n yayg\u0131nla\u015fmas\u0131yla daha da artt\u0131\u011f\u0131n\u0131 ortaya koydu\u011funu \u015f\u00f6yle aktard\u0131:<\/p>\n<p>Ge\u00e7ti\u011fimiz birka\u00e7 y\u00fczy\u0131l (insan beslenmesinde) \u00e7\u0131lg\u0131nca de\u011fi\u015fime tan\u0131k oldu. Bu nedenle bunun mikrobiyomu (insan derisinde ve v\u00fccudunun \u00fczerinde do\u011fal olarak ya\u015fayan bakteriler gibi mikroorganizmalar), sadece a\u011f\u0131z de\u011fil ayn\u0131 zamanda ba\u011f\u0131rsak mikrobiyomunu nas\u0131l etkiledi\u011fini anlamak, son birka\u00e7 y\u00fczy\u0131lda Bat\u0131 toplumlar\u0131nda veya Bat\u0131l\u0131la\u015fm\u0131\u015f toplumlarda baz\u0131 hastal\u0131klar\u0131n neden bu kadar yayg\u0131n hale geldi\u011fini anlamam\u0131za bir miktar yard\u0131mc\u0131 olabilir.<\/p>\n<p>        Haber Kayna\u011f\u0131: Anadolu Ajans\u0131 (AA)<\/p>\n","protected":false},"excerpt":{"rendered":"<p>AA \u0130rlanda&#8217;n\u0131n Limerick kentindeki kire\u00e7ta\u015f\u0131 ma\u011faras\u0131nda yap\u0131lan arkeolojik kaz\u0131larda bulunan 4 bin y\u0131l \u00f6nce ya\u015fam\u0131\u015f ki\u015fiye ait iki di\u015fte, bug\u00fcn de \u00e7\u00fcr\u00fc\u011fe ve di\u015f eti hastal\u0131\u011f\u0131na neden olan bakteriler saptand\u0131. Bilim insanlar\u0131, ke\u015fiften elde edilen bilgilerin, insan beslenmesindeki de\u011fi\u015fikliklerin, \u00e7\u00fcr\u00fcklerin ve di\u015f eti hastal\u0131klar\u0131n\u0131n yayg\u0131nla\u015fmas\u0131na etkisini anlamaya yard\u0131mc\u0131 olabilece\u011fini belirtti. Bulunan di\u015f Bronz \u00c7a\u011f\u0131&#8217;ndaki insana [&hellip;]<\/p>\n","protected":false},"author":1,"featured_media":1752,"comment_status":"open","ping_status":"closed","sticky":false,"template":"","format":"standard","meta":{"footnotes":""},"categories":[11],"tags":[28],"class_list":["post-1749","post","type-post","status-publish","format-standard","has-post-thumbnail","hentry","category-saglik","tag-saglik"],"_links":{"self":[{"href":"https:\/\/avukatimtv.com\/index.php\/wp-json\/wp\/v2\/posts\/1749","targetHints":{"allow":["GET"]}}],"collection":[{"href":"https:\/\/avukatimtv.com\/index.php\/wp-json\/wp\/v2\/posts"}],"about":[{"href":"https:\/\/avukatimtv.com\/index.php\/wp-json\/wp\/v2\/types\/post"}],"author":[{"embeddable":true,"href":"https:\/\/avukatimtv.com\/index.php\/wp-json\/wp\/v2\/users\/1"}],"replies":[{"embeddable":true,"href":"https:\/\/avukatimtv.com\/index.php\/wp-json\/wp\/v2\/comments?post=1749"}],"version-history":[{"count":0,"href":"https:\/\/avukatimtv.com\/index.php\/wp-json\/wp\/v2\/posts\/1749\/revisions"}],"wp:featuredmedia":[{"embeddable":true,"href":"https:\/\/avukatimtv.com\/index.php\/wp-json\/wp\/v2\/media\/1752"}],"wp:attachment":[{"href":"https:\/\/avukatimtv.com\/index.php\/wp-json\/wp\/v2\/media?parent=1749"}],"wp:term":[{"taxonomy":"category","embeddable":true,"href":"https:\/\/avukatimtv.com\/index.php\/wp-json\/wp\/v2\/categories?post=1749"},{"taxonomy":"post_tag","embeddable":true,"href":"https:\/\/avukatimtv.com\/index.php\/wp-json\/wp\/v2\/tags?post=1749"}],"curies":[{"name":"wp","href":"https:\/\/api.w.org\/{rel}","templated":true}]}}