{"id":1762,"date":"2024-04-06T17:02:23","date_gmt":"2024-04-06T14:02:23","guid":{"rendered":"https:\/\/haberv8.thewpdemo.com\/fahrettin-kocadan-dunya-otizm-farkindalik-gunu-paylasimi\/-1762.html"},"modified":"2024-04-06T17:02:23","modified_gmt":"2024-04-06T14:02:23","slug":"fahrettin-kocadan-dunya-otizm-farkindalik-gunu-paylasimi","status":"publish","type":"post","link":"https:\/\/avukatimtv.com\/index.php\/2024\/04\/06\/fahrettin-kocadan-dunya-otizm-farkindalik-gunu-paylasimi\/","title":{"rendered":"Fahrettin Koca&#8217;dan D\u00fcnya Otizm Fark\u0131ndal\u0131k G\u00fcn\u00fc payla\u015f\u0131m\u0131"},"content":{"rendered":"<\/p>\n<p class=\"text\">Bug\u00fcn D\u00fcnya Otizm Fark\u0131ndal\u0131k G\u00fcn\u00fc&#8230;<\/p>\n<p class=\"text\">Bug\u00fcne \u00f6zel sosyal medya hesab\u0131ndan payla\u015f\u0131m yapan Sa\u011fl\u0131k Bakan\u0131 Fahrettin Koca, bilgilendirme yapt\u0131.<\/p>\n<p class=\"text\">Payla\u015f\u0131m\u0131na, &#8220;2 Nisan D\u00fcnya Otizm Fark\u0131ndal\u0131k G\u00fcn\u00fc&#8221; ba\u015fl\u0131\u011f\u0131yla ba\u015flayan Koca, \u015fu ifadeleri kulland\u0131;<\/p>\n<p><strong>&#8220;Otizm spektrum bozuklu\u011fu olan bireylere ya\u015famda ihtiya\u00e7 duyduklar\u0131 alan\u0131 a\u00e7mak ortak bir \u00f6dev&#8221;<\/strong><\/p>\n<p>Otizm spektrum bozuklu\u011fu; sosyal ileti\u015fim ve etkile\u015fimde belirgin ve s\u00fcrekli yetersizliklerin klinik a\u00e7\u0131dan var oldu\u011fu, s\u0131n\u0131rl\u0131 ilgi alan\u0131 ve tekrarlay\u0131c\u0131 davran\u0131\u015flarla karakterize olan, g\u00fcnl\u00fck ya\u015fam becerilerinde s\u0131n\u0131rl\u0131l\u0131klara yol a\u00e7an yayg\u0131n n\u00f6ro-geli\u015fimsel bir bozukluktur.  <\/p>\n<p>\u00dclke geneline yayg\u0131nla\u015fmakta olan \u00c7ok Disiplinli \u00c7ocuk ve Gen\u00e7 Ruh Sa\u011fl\u0131\u011f\u0131 Merkezlerinde (\u00c7\u00d6ZGEM) multidisipliner anlay\u0131\u015f ve ekiplerle otizm spektrum bozuklu\u011fu olan bireylerle ailelerinin yan\u0131nda ve hizmetindeyiz. Otizm spektrum bozuklu\u011fu olan bireylere ya\u015famda ihtiya\u00e7 duyduklar\u0131 alan\u0131 a\u00e7mak ortak bir \u00f6dev. \u0130nsan\u0131 sosyal ya\u015fama sevgi ve benimsenme dahil eder.<\/p>\n","protected":false},"excerpt":{"rendered":"<p>Bug\u00fcn D\u00fcnya Otizm Fark\u0131ndal\u0131k G\u00fcn\u00fc&#8230; Bug\u00fcne \u00f6zel sosyal medya hesab\u0131ndan payla\u015f\u0131m yapan Sa\u011fl\u0131k Bakan\u0131 Fahrettin Koca, bilgilendirme yapt\u0131. Payla\u015f\u0131m\u0131na, &#8220;2 Nisan D\u00fcnya Otizm Fark\u0131ndal\u0131k G\u00fcn\u00fc&#8221; ba\u015fl\u0131\u011f\u0131yla ba\u015flayan Koca, \u015fu ifadeleri kulland\u0131; &#8220;Otizm spektrum bozuklu\u011fu olan bireylere ya\u015famda ihtiya\u00e7 duyduklar\u0131 alan\u0131 a\u00e7mak ortak bir \u00f6dev&#8221; Otizm spektrum bozuklu\u011fu; sosyal ileti\u015fim ve etkile\u015fimde belirgin ve s\u00fcrekli yetersizliklerin [&hellip;]<\/p>\n","protected":false},"author":1,"featured_media":1764,"comment_status":"open","ping_status":"closed","sticky":false,"template":"","format":"standard","meta":{"footnotes":""},"categories":[11],"tags":[28],"class_list":["post-1762","post","type-post","status-publish","format-standard","has-post-thumbnail","hentry","category-saglik","tag-saglik"],"_links":{"self":[{"href":"https:\/\/avukatimtv.com\/index.php\/wp-json\/wp\/v2\/posts\/1762","targetHints":{"allow":["GET"]}}],"collection":[{"href":"https:\/\/avukatimtv.com\/index.php\/wp-json\/wp\/v2\/posts"}],"about":[{"href":"https:\/\/avukatimtv.com\/index.php\/wp-json\/wp\/v2\/types\/post"}],"author":[{"embeddable":true,"href":"https:\/\/avukatimtv.com\/index.php\/wp-json\/wp\/v2\/users\/1"}],"replies":[{"embeddable":true,"href":"https:\/\/avukatimtv.com\/index.php\/wp-json\/wp\/v2\/comments?post=1762"}],"version-history":[{"count":0,"href":"https:\/\/avukatimtv.com\/index.php\/wp-json\/wp\/v2\/posts\/1762\/revisions"}],"wp:featuredmedia":[{"embeddable":true,"href":"https:\/\/avukatimtv.com\/index.php\/wp-json\/wp\/v2\/media\/1764"}],"wp:attachment":[{"href":"https:\/\/avukatimtv.com\/index.php\/wp-json\/wp\/v2\/media?parent=1762"}],"wp:term":[{"taxonomy":"category","embeddable":true,"href":"https:\/\/avukatimtv.com\/index.php\/wp-json\/wp\/v2\/categories?post=1762"},{"taxonomy":"post_tag","embeddable":true,"href":"https:\/\/avukatimtv.com\/index.php\/wp-json\/wp\/v2\/tags?post=1762"}],"curies":[{"name":"wp","href":"https:\/\/api.w.org\/{rel}","templated":true}]}}