{"id":1765,"date":"2024-04-06T17:02:24","date_gmt":"2024-04-06T14:02:24","guid":{"rendered":"https:\/\/haberv8.thewpdemo.com\/insan-beyninin-en-net-goruntusu-yayinlandi\/-1765.html"},"modified":"2024-04-06T17:02:24","modified_gmt":"2024-04-06T14:02:24","slug":"insan-beyninin-en-net-goruntusu-yayinlandi","status":"publish","type":"post","link":"https:\/\/avukatimtv.com\/index.php\/2024\/04\/06\/insan-beyninin-en-net-goruntusu-yayinlandi\/","title":{"rendered":"\u0130nsan beyninin en net g\u00f6r\u00fcnt\u00fcs\u00fc yay\u0131nland\u0131"},"content":{"rendered":"<\/p>\n<p>\n                <span>AA <\/span>\n            <\/p>\n<p class=\"text\">Yeni bir ara\u015ft\u0131rma, insan beyninin en net g\u00f6r\u00fcnt\u00fcs\u00fcn\u00fc yay\u0131nlad\u0131 ve bilim d\u00fcnyas\u0131n\u0131 heyecanland\u0131rd\u0131.<\/p>\n<p class=\"text\">Fransa Atom Enerjisi ve Alternatif Enerjiler Kurumu&#8217;ndan (CEA),<br \/>\nyap\u0131lan yaz\u0131l\u0131 a\u00e7\u0131klamada &#8220;Iseult&#8221; adl\u0131 MRI cihaz\u0131yla \u00e7ekilen beyin<br \/>\ng\u00f6r\u00fcnt\u00fcs\u00fcn\u00fcn 20 y\u0131ldan uzun s\u00fcren bir \u00e7al\u0131\u015fma sonucu elde edildi\u011fi<br \/>\nbelirtildi.<\/p>\n<p><strong>En net beyin g\u00f6r\u00fcnt\u00fcs\u00fc elde edildi<\/strong><\/p>\n<p class=\"text\">Yap\u0131lan \u00e7al\u0131\u015fmalar kapsam\u0131nda MRI cihaz\u0131n\u0131n son birka\u00e7 ay<br \/>\n i\u00e7erisinde yakla\u015f\u0131k 20 sa\u011fl\u0131kl\u0131 g\u00f6n\u00fcll\u00fc \u00fczerinde test edildi\u011fi<br \/>\nkaydedilen a\u00e7\u0131klamada, neredeyse 4 dakikada en net beyin g\u00f6r\u00fcnt\u00fcs\u00fcn\u00fcn elde edildi\u011fi aktar\u0131ld\u0131.<\/p>\n<p class=\"text\">A\u00e7\u0131klamada,<br \/>\n 11,7 Tesla manyetik g\u00fcce sahip Iseult MRI makinesiyle k\u0131sa s\u00fcrede<br \/>\n\u00e7ekilen g\u00f6r\u00fcnt\u00fclerin, hastanelerde yayg\u0131n kullan\u0131lan cihazlarla elde<br \/>\nedilmesinin saatler s\u00fcrebilece\u011fi kaydedildi.<\/p>\n<p><img decoding=\"async\" src=\"https:\/\/haberv8.thewpdemo.com\/wp-content\/uploads\/2024\/04\/insan-beyninin-en-net-goruntusu-yayinlandi-0.jpg\" \/><\/p>\n<p><strong>Hastal\u0131klar\u0131n te\u015fhisini kolayla\u015ft\u0131racak<\/strong><\/p>\n<p class=\"text\">Iseult Projesi Ba\u015fkan\u0131<br \/>\nve CEA Ara\u015ft\u0131rma Direkt\u00f6r\u00fc Nicolas Boulant, yapt\u0131\u011f\u0131 a\u00e7\u0131klamada,<br \/>\nverilerin daha y\u00fcksek kalitede elde edilebilmesi i\u00e7in ara\u015ft\u0131rman\u0131n<br \/>\nbirka\u00e7 y\u0131l daha devam edece\u011fini belirterek, hedeflerinin 2026-2030\u2019a<br \/>\nkadar n\u00f6rodejeneratif hastal\u0131klar\u0131n yan\u0131 s\u0131ra \u015fizofreni ve bipolar<br \/>\nbozuklu\u011fu gibi psikiyatri alan\u0131ndaki bir\u00e7ok hastal\u0131\u011f\u0131 ara\u015ft\u0131rmak<br \/>\noldu\u011funu ifade etti.<\/p>\n<p class=\"text\">Iseult MRI cihaz\u0131 ile elde edilen ultra detayl\u0131<br \/>\nanatomik bilgilerin, Alzaym\u0131r ve Parkinson gibi hastal\u0131klar\u0131n te\u015fhisinde<br \/>\n yard\u0131mc\u0131 olmas\u0131 bekleniyor.<\/p>\n<p><img decoding=\"async\" src=\"https:\/\/haberv8.thewpdemo.com\/wp-content\/uploads\/2024\/04\/insan-beyninin-en-net-goruntusu-yayinlandi-1.jpg\" \/><img decoding=\"async\" src=\"https:\/\/haberv8.thewpdemo.com\/wp-content\/uploads\/2024\/04\/insan-beyninin-en-net-goruntusu-yayinlandi-2.jpg\" \/>        Haber Kayna\u011f\u0131: Anadolu Ajans\u0131 (AA)<\/p>\n","protected":false},"excerpt":{"rendered":"<p>AA Yeni bir ara\u015ft\u0131rma, insan beyninin en net g\u00f6r\u00fcnt\u00fcs\u00fcn\u00fc yay\u0131nlad\u0131 ve bilim d\u00fcnyas\u0131n\u0131 heyecanland\u0131rd\u0131. Fransa Atom Enerjisi ve Alternatif Enerjiler Kurumu&#8217;ndan (CEA), yap\u0131lan yaz\u0131l\u0131 a\u00e7\u0131klamada &#8220;Iseult&#8221; adl\u0131 MRI cihaz\u0131yla \u00e7ekilen beyin g\u00f6r\u00fcnt\u00fcs\u00fcn\u00fcn 20 y\u0131ldan uzun s\u00fcren bir \u00e7al\u0131\u015fma sonucu elde edildi\u011fi belirtildi. En net beyin g\u00f6r\u00fcnt\u00fcs\u00fc elde edildi Yap\u0131lan \u00e7al\u0131\u015fmalar kapsam\u0131nda MRI cihaz\u0131n\u0131n son birka\u00e7 [&hellip;]<\/p>\n","protected":false},"author":1,"featured_media":1770,"comment_status":"open","ping_status":"closed","sticky":false,"template":"","format":"standard","meta":{"footnotes":""},"categories":[11],"tags":[28],"class_list":["post-1765","post","type-post","status-publish","format-standard","has-post-thumbnail","hentry","category-saglik","tag-saglik"],"_links":{"self":[{"href":"https:\/\/avukatimtv.com\/index.php\/wp-json\/wp\/v2\/posts\/1765","targetHints":{"allow":["GET"]}}],"collection":[{"href":"https:\/\/avukatimtv.com\/index.php\/wp-json\/wp\/v2\/posts"}],"about":[{"href":"https:\/\/avukatimtv.com\/index.php\/wp-json\/wp\/v2\/types\/post"}],"author":[{"embeddable":true,"href":"https:\/\/avukatimtv.com\/index.php\/wp-json\/wp\/v2\/users\/1"}],"replies":[{"embeddable":true,"href":"https:\/\/avukatimtv.com\/index.php\/wp-json\/wp\/v2\/comments?post=1765"}],"version-history":[{"count":0,"href":"https:\/\/avukatimtv.com\/index.php\/wp-json\/wp\/v2\/posts\/1765\/revisions"}],"wp:featuredmedia":[{"embeddable":true,"href":"https:\/\/avukatimtv.com\/index.php\/wp-json\/wp\/v2\/media\/1770"}],"wp:attachment":[{"href":"https:\/\/avukatimtv.com\/index.php\/wp-json\/wp\/v2\/media?parent=1765"}],"wp:term":[{"taxonomy":"category","embeddable":true,"href":"https:\/\/avukatimtv.com\/index.php\/wp-json\/wp\/v2\/categories?post=1765"},{"taxonomy":"post_tag","embeddable":true,"href":"https:\/\/avukatimtv.com\/index.php\/wp-json\/wp\/v2\/tags?post=1765"}],"curies":[{"name":"wp","href":"https:\/\/api.w.org\/{rel}","templated":true}]}}