{"id":1780,"date":"2024-04-06T17:02:28","date_gmt":"2024-04-06T14:02:28","guid":{"rendered":"https:\/\/haberv8.thewpdemo.com\/saglik-bakanligindan-ramazan-bayrami-genelgesi-81-il-nobete-gececek\/-1780.html"},"modified":"2024-04-06T17:02:28","modified_gmt":"2024-04-06T14:02:28","slug":"saglik-bakanligindan-ramazan-bayrami-genelgesi-81-il-nobete-gececek","status":"publish","type":"post","link":"https:\/\/avukatimtv.com\/index.php\/2024\/04\/06\/saglik-bakanligindan-ramazan-bayrami-genelgesi-81-il-nobete-gececek\/","title":{"rendered":"Sa\u011fl\u0131k Bakanl\u0131\u011f\u0131&#8217;ndan &#8216;Ramazan Bayram\u0131&#8217; genelgesi! 81 il n\u00f6bete ge\u00e7ecek"},"content":{"rendered":"<\/p>\n<p>\n                <span>AA <\/span>\n            <\/p>\n<p class=\"text\">Ramazan Bayram\u0131 tatili s\u00fcresince T\u00fcrkiye genelinde sa\u011fl\u0131k alan\u0131nda bir aksama ya\u015fanmamas\u0131 i\u00e7in t\u00fcm tedbirler al\u0131nd\u0131.<\/p>\n<p class=\"text\">Sa\u011fl\u0131k Bakanl\u0131\u011f\u0131, Ramazan Bayram\u0131&#8217;nda 81 ilde sa\u011fl\u0131k hizmetlerinde aksakl\u0131k ya\u015fanmamas\u0131, \u00e7al\u0131\u015fmalar\u0131n 24 saat hizmet sunum esas\u0131na g\u00f6re y\u00fcr\u00fct\u00fclmesi i\u00e7in al\u0131nacak tedbirleri belirledi.<\/p>\n<p class=\"text\">Bakanl\u0131k\u00e7a, sa\u011fl\u0131k hizmetlerinin \u00e7al\u0131\u015fma g\u00fcnlerinde oldu\u011fu gibi Ramazan Bayram\u0131&#8217;nda da kesintiye u\u011framadan eksiksiz sunulabilmesine y\u00f6nelik haz\u0131rlanan genelge, 81 il sa\u011fl\u0131k m\u00fcd\u00fcrl\u00fc\u011f\u00fcne g\u00f6nderildi.<\/p>\n<p><strong>&#8220;Acil hasta ve yaral\u0131lara s\u00fcratle ula\u015f\u0131lmas\u0131 bir zorunluluk&#8221;<\/strong><\/p>\n<p class=\"text\">Genelgede, mesai saatleri d\u0131\u015f\u0131nda ve tatil g\u00fcnlerinde acil hasta ve yaral\u0131lara s\u00fcratle ula\u015f\u0131lmas\u0131, ilk ve acil m\u00fcdahalenin yerinde yap\u0131lmas\u0131, hastalar\u0131n t\u0131bbi durumlar\u0131na uygun acil servislere nakli, t\u0131bbi m\u00fcdahale ve tedavinin etkin bir \u015fekilde sa\u011flanmas\u0131n\u0131n bir zorunluluk oldu\u011fu vurguland\u0131.<\/p>\n<p><strong>&#8220;T\u00fcm sa\u011fl\u0131k \u00e7al\u0131\u015fanlar\u0131 \u00fcst\u00fcn gayretle g\u00f6rev yapacak&#8221;<\/strong><\/p>\n<p class=\"text\">Ayr\u0131ca genelgede, t\u00fcm sa\u011fl\u0131k \u00e7al\u0131\u015fanlar\u0131n\u0131n her zaman oldu\u011fu gibi b\u00fcy\u00fck bir fedakarl\u0131k ve \u00fcst\u00fcn gayretle g\u00f6rev yapmalar\u0131n\u0131n \u00f6nemine dikkati \u00e7ekildi.<\/p>\n<p><strong>Gerekli tedbirleri \u00f6nceden al\u0131nmas\u0131 talep edildi<\/strong><\/p>\n<p class=\"text\">Ramazan Bayram\u0131 tatili s\u00fcresince de olas\u0131 hastal\u0131k ve acil durumlarda 112 Acil ambulanslar\u0131 ve hastanelerin acil servislerine ba\u015fvurularda yo\u011fun i\u015f y\u00fck\u00fc ile kar\u015f\u0131la\u015f\u0131labilece\u011fine i\u015faret edilen genelgede, bayram tatili ve bu vesileyle verilen idari izinlerde Bakanl\u0131k, \u00fcniversiteler ve \u00f6zel sekt\u00f6re ait acil sa\u011fl\u0131k hizmeti vermekle y\u00fck\u00fcml\u00fc t\u00fcm sa\u011fl\u0131k tesislerinin bu konuda gerekli tedbirleri \u00f6nceden almas\u0131 istendi.<\/p>\n<p><img decoding=\"async\" src=\"https:\/\/haberv8.thewpdemo.com\/wp-content\/uploads\/2024\/04\/saglik-bakanligindan-ramazan-bayrami-genelgesi-81-il-nobete-gececek-0.jpg\" \/><\/p>\n<p><strong>Komuta Kontrol Merkezi ile koordinasyon sa\u011flanacak<\/strong><\/p>\n<p class=\"text\">Buna g\u00f6re, acil sa\u011fl\u0131k hizmetleri hasta sevk ve nakil i\u015flemlerinin, 112 Komuta Kontrol Merkezi arac\u0131l\u0131\u011f\u0131yla \u0130l Ambulans Servisi Ba\u015fhekimli\u011fi Komuta Kontrol Merkezi ile koordinasyon sa\u011flanarak verilmesi esas olacak.<\/p>\n<p><strong>Y\u00f6netim Sistemi&#8217;ndeki veriler g\u00fcncellenecek<\/strong><\/p>\n<p class=\"text\">Acil Sa\u011fl\u0131k Hizmetleri \u00c7a\u011fr\u0131 Kay\u0131t ve Operasyon Y\u00f6netim Sistemi&#8217;ndeki veriler, ilgili sa\u011fl\u0131k tesisleri y\u00f6netimlerince s\u00fcrekli g\u00fcncellenecek, acil hasta sevk-nakil ve ambulans hizmetlerinde aksakl\u0131\u011fa sebebiyet verilmeyecek \u015fekilde gerekli organizasyonlar \u00f6nceden yap\u0131lacak.<\/p>\n<p><img decoding=\"async\" src=\"https:\/\/haberv8.thewpdemo.com\/wp-content\/uploads\/2024\/04\/saglik-bakanligindan-ramazan-bayrami-genelgesi-81-il-nobete-gececek-1.jpg\" \/><\/p>\n<p><strong>N\u00f6bet hizmetleri 24 saat esas\u0131na g\u00f6re planlanacak<\/strong><\/p>\n<p class=\"text\">Hastanelerin acil servislerinde, laboratuvar, g\u00f6r\u00fcnt\u00fcleme ve di\u011fer te\u015fhis ve tedavi birimleri ile hasta yat\u0131r\u0131lan t\u00fcm kliniklerde yeterli insan g\u00fcc\u00fc, t\u0131bbi donan\u0131m bulunacak.<\/p>\n<p><strong>G\u00f6r\u00fcnt\u00fcleme birimleri hizmete has\u0131r bulunacak<\/strong><\/p>\n<p class=\"text\">Sa\u011fl\u0131k tesisleri b\u00fcnyesindeki t\u0131bbi laboratuvarlar, ultrason-MR-tomografi-r\u00f6ntgen gibi g\u00f6r\u00fcnt\u00fcleme birimleri, hasta yat\u0131r\u0131lan klinikler gibi g\u00fcn\u00fcn her saatinde hizmet vermesi gereken birimlerde n\u00f6bet hizmetleri 24 saat esas\u0131na g\u00f6re planlanacak.<\/p>\n<p><strong>Radyoterapi hizmetleri s\u00fcrd\u00fcr\u00fclecek<\/strong><\/p>\n<p class=\"text\">Radyoterapi hizmetlerindeki aksamalar\u0131n, hastalar\u0131n tedavi s\u00fcre\u00e7lerini olumsuz etkileyebilece\u011fi g\u00f6z \u00f6n\u00fcnde bulundurularak, bu alandaki \u00e7al\u0131\u015fmalar bayram tatilinde de s\u00fcrd\u00fcr\u00fclecek, hasta ma\u011fduriyetine sebebiyet verilmeyecek.<\/p>\n<p><img decoding=\"async\" src=\"https:\/\/haberv8.thewpdemo.com\/wp-content\/uploads\/2024\/04\/saglik-bakanligindan-ramazan-bayrami-genelgesi-81-il-nobete-gececek-2.jpg\" \/><\/p>\n<p><strong>Diyaliz hizmetleri aksat\u0131lmayacak<\/strong><\/p>\n<p class=\"text\">Ayr\u0131ca diyaliz hizmeti verilen birimlerde hizmetler aksat\u0131lmayacak, ihtiya\u00e7 sahibi hastalar\u0131n tedavilerine, plana uygun devam edilecek.<\/p>\n<p><strong>Acil m\u00fcdahale ve tedavi gerektiren sa\u011fl\u0131k hizmetleri planlanacak<\/strong><\/p>\n<p class=\"text\">Replantasyon, kalp cerrahisi-yan\u0131k ve organ nakli gibi \u00f6zellikli hizmet sunumu ve ayn\u0131 zamanda acil m\u00fcdahale ve tedavi gerektiren sa\u011fl\u0131k hizmetlerine de ihtiya\u00e7 duyuldu\u011fu anda ve s\u00fcratle eri\u015fimin sa\u011flanmas\u0131 amac\u0131yla il sa\u011fl\u0131k m\u00fcd\u00fcrl\u00fckleri ve sa\u011fl\u0131k tesislerince gerekli planlamalar yap\u0131lacak.<\/p>\n<p><strong>Evde sa\u011fl\u0131k hizmet birimleri devam edecek<\/strong><\/p>\n<p class=\"text\">Bakanl\u0131\u011fa ba\u011fl\u0131 sa\u011fl\u0131k kurum ve kurulu\u015flar\u0131 b\u00fcnyesindeki evde sa\u011fl\u0131k hizmet birimleri de hastalar\u0131n devam eden ila\u00e7 uygulamas\u0131, pansuman ve benzeri t\u0131bbi bak\u0131m, tedavi ve i\u015flemlerinin bayram tatiline denk gelen g\u00fcnlerde de aksat\u0131lmadan s\u00fcrd\u00fcr\u00fclmesini sa\u011flayacak, bu kapsamda gerekli n\u00f6betler planlanacak.<\/p>\n<p>        Haber Kayna\u011f\u0131: Anadolu Ajans\u0131 (AA)<\/p>\n","protected":false},"excerpt":{"rendered":"<p>AA Ramazan Bayram\u0131 tatili s\u00fcresince T\u00fcrkiye genelinde sa\u011fl\u0131k alan\u0131nda bir aksama ya\u015fanmamas\u0131 i\u00e7in t\u00fcm tedbirler al\u0131nd\u0131. Sa\u011fl\u0131k Bakanl\u0131\u011f\u0131, Ramazan Bayram\u0131&#8217;nda 81 ilde sa\u011fl\u0131k hizmetlerinde aksakl\u0131k ya\u015fanmamas\u0131, \u00e7al\u0131\u015fmalar\u0131n 24 saat hizmet sunum esas\u0131na g\u00f6re y\u00fcr\u00fct\u00fclmesi i\u00e7in al\u0131nacak tedbirleri belirledi. Bakanl\u0131k\u00e7a, sa\u011fl\u0131k hizmetlerinin \u00e7al\u0131\u015fma g\u00fcnlerinde oldu\u011fu gibi Ramazan Bayram\u0131&#8217;nda da kesintiye u\u011framadan eksiksiz sunulabilmesine y\u00f6nelik haz\u0131rlanan genelge, [&hellip;]<\/p>\n","protected":false},"author":1,"featured_media":1782,"comment_status":"open","ping_status":"closed","sticky":false,"template":"","format":"standard","meta":{"footnotes":""},"categories":[11],"tags":[28],"class_list":["post-1780","post","type-post","status-publish","format-standard","has-post-thumbnail","hentry","category-saglik","tag-saglik"],"_links":{"self":[{"href":"https:\/\/avukatimtv.com\/index.php\/wp-json\/wp\/v2\/posts\/1780","targetHints":{"allow":["GET"]}}],"collection":[{"href":"https:\/\/avukatimtv.com\/index.php\/wp-json\/wp\/v2\/posts"}],"about":[{"href":"https:\/\/avukatimtv.com\/index.php\/wp-json\/wp\/v2\/types\/post"}],"author":[{"embeddable":true,"href":"https:\/\/avukatimtv.com\/index.php\/wp-json\/wp\/v2\/users\/1"}],"replies":[{"embeddable":true,"href":"https:\/\/avukatimtv.com\/index.php\/wp-json\/wp\/v2\/comments?post=1780"}],"version-history":[{"count":0,"href":"https:\/\/avukatimtv.com\/index.php\/wp-json\/wp\/v2\/posts\/1780\/revisions"}],"wp:featuredmedia":[{"embeddable":true,"href":"https:\/\/avukatimtv.com\/index.php\/wp-json\/wp\/v2\/media\/1782"}],"wp:attachment":[{"href":"https:\/\/avukatimtv.com\/index.php\/wp-json\/wp\/v2\/media?parent=1780"}],"wp:term":[{"taxonomy":"category","embeddable":true,"href":"https:\/\/avukatimtv.com\/index.php\/wp-json\/wp\/v2\/categories?post=1780"},{"taxonomy":"post_tag","embeddable":true,"href":"https:\/\/avukatimtv.com\/index.php\/wp-json\/wp\/v2\/tags?post=1780"}],"curies":[{"name":"wp","href":"https:\/\/api.w.org\/{rel}","templated":true}]}}