{"id":1795,"date":"2024-04-06T17:04:00","date_gmt":"2024-04-06T14:04:00","guid":{"rendered":"https:\/\/haberv8.thewpdemo.com\/sefo-ameliyat-oldu-unlu-rapci-saglik-durumuyla-ilgili-bilgi-verdi\/-1795.html"},"modified":"2024-04-06T17:04:00","modified_gmt":"2024-04-06T14:04:00","slug":"sefo-ameliyat-oldu-unlu-rapci-saglik-durumuyla-ilgili-bilgi-verdi","status":"publish","type":"post","link":"https:\/\/avukatimtv.com\/index.php\/2024\/04\/06\/sefo-ameliyat-oldu-unlu-rapci-saglik-durumuyla-ilgili-bilgi-verdi\/","title":{"rendered":"Sefo ameliyat oldu! \u00dcnl\u00fc rap\u00e7i sa\u011fl\u0131k durumuyla ilgili bilgi verdi"},"content":{"rendered":"<p class=\"text\">\u00dcnl\u00fcler d\u00fcnyas\u0131n\u0131n yeni isimlerinden rap\u00e7i Sefo, dillere pelesenk olan \u015fark\u0131lar\u0131, sempatik tav\u0131rlar\u0131 ve<br \/>\nkendine has tarz\u0131 ile geni\u015f bir hayran kitlesine sahip.<\/p>\n<p class=\"text\">2018 y\u0131l\u0131nda m\u00fczik d\u00fcnyas\u0131na h\u0131zl\u0131 bir giri\u015f yapan Sefo, &#8220;Bilmem<br \/>\nmi?&#8221;, &#8220;Isabelle&#8221; gibi \u015fark\u0131lar\u0131yla \u015f\u00f6hreti yakalam\u0131\u015ft\u0131.<\/p>\n<p><strong>Ger\u00e7ek ad\u0131 Seyfullah Sa\u011f\u0131r<\/strong><\/p>\n<p class=\"text\">Ger\u00e7ek ad\u0131 Seyfullah Sa\u011f\u0131r olan rap\u00e7i Sefo, \u015fu s\u0131ralar k\u00f6t\u00fc g\u00fcnler ge\u00e7iriyor. \u00dcnl\u00fc \u015fark\u0131c\u0131n\u0131n rahats\u0131zlan\u0131nca acil bir \u015fekilde ameliyata al\u0131nd\u0131\u011f\u0131 \u00f6\u011frenildi.<\/p>\n<p><img decoding=\"async\" src=\"https:\/\/haberv8.thewpdemo.com\/wp-content\/uploads\/2024\/04\/sefo-ameliyat-oldu-unlu-rapci-saglik-durumuyla-ilgili-bilgi-verdi-0.jpg\" \/><\/p>\n<p class=\"text\">Sefo, son payla\u015f\u0131m\u0131yla son durumuyla ilgili bilgi verdi. Hastaneden foto\u011fraflar payla\u015fan \u00fcnl\u00fc \u015fark\u0131c\u0131, hayranlar\u0131n\u0131 korkuttu.<\/p>\n<p><strong>&#8220;Alb\u00fcm iptal&#8221;<\/strong><\/p>\n<p class=\"text\">\u0130lk olarak &#8220;Alb\u00fcm iptal&#8221; payla\u015f\u0131m\u0131 ile sevenlerini<br \/>\nendi\u015felendiren Sefo, ard\u0131ndan &#8220;Arkada\u015flar ne oldum de\u011fil, ne olaca\u011f\u0131m<br \/>\ndiyeceksiniz. 3-4 ay \u00f6nce \u015furada sahnedeydim, \u015fimdi yataktay\u0131m.&#8221;<br \/>\nifadelerini kulland\u0131.<\/p>\n<p><img decoding=\"async\" src=\"https:\/\/haberv8.thewpdemo.com\/wp-content\/uploads\/2024\/04\/sefo-ameliyat-oldu-unlu-rapci-saglik-durumuyla-ilgili-bilgi-verdi-1.jpg\" \/><\/p>\n<p><strong>&#8220;S\u00fcnnet oldum&#8221;<\/strong><\/p>\n<p class=\"text\">Sefo, hastane odas\u0131ndaki foto\u011fraf\u0131na &#8220;S\u00fcnnet oldum<br \/>\narkada\u015flar. Bir s\u0131k\u0131nt\u0131 yok, gayet iyiyim.&#8221; yazarak espri yapt\u0131.<\/p>\n<p class=\"text\">Sefo&#8217;nun, safra kesesi ameliyat\u0131 oldu\u011fu ortaya \u00e7\u0131kt\u0131.<\/p>\n<p><img decoding=\"async\" src=\"https:\/\/haberv8.thewpdemo.com\/wp-content\/uploads\/2024\/04\/sefo-ameliyat-oldu-unlu-rapci-saglik-durumuyla-ilgili-bilgi-verdi-2.jpg\" \/><\/p>\n<p><strong>&#8220;Safra kesesi ameliyat\u0131na girdim&#8221;<\/strong><\/p>\n<p class=\"text\">&#8220;Safra kesesi ameliyat\u0131 oldum.<br \/>\nGe\u00e7mi\u015f olsun dilekleriniz i\u00e7in \u00e7ok te\u015fekk\u00fcr ederim.&#8221; ifadelerini kullanan<br \/>\nSefo, operasyon sonras\u0131 hastane odas\u0131nda arkada\u015flar\u0131yla oyun oynad\u0131\u011f\u0131 anlar\u0131<br \/>\npayla\u015f\u0131p iyi oldu\u011funu g\u00f6zler \u00f6n\u00fcne serdi.<\/p>\n","protected":false},"excerpt":{"rendered":"<p>\u00dcnl\u00fcler d\u00fcnyas\u0131n\u0131n yeni isimlerinden rap\u00e7i Sefo, dillere pelesenk olan \u015fark\u0131lar\u0131, sempatik tav\u0131rlar\u0131 ve kendine has tarz\u0131 ile geni\u015f bir hayran kitlesine sahip. 2018 y\u0131l\u0131nda m\u00fczik d\u00fcnyas\u0131na h\u0131zl\u0131 bir giri\u015f yapan Sefo, &#8220;Bilmem mi?&#8221;, &#8220;Isabelle&#8221; gibi \u015fark\u0131lar\u0131yla \u015f\u00f6hreti yakalam\u0131\u015ft\u0131. Ger\u00e7ek ad\u0131 Seyfullah Sa\u011f\u0131r Ger\u00e7ek ad\u0131 Seyfullah Sa\u011f\u0131r olan rap\u00e7i Sefo, \u015fu s\u0131ralar k\u00f6t\u00fc g\u00fcnler ge\u00e7iriyor. \u00dcnl\u00fc [&hellip;]<\/p>\n","protected":false},"author":1,"featured_media":1797,"comment_status":"open","ping_status":"closed","sticky":false,"template":"","format":"standard","meta":{"footnotes":""},"categories":[9],"tags":[27],"class_list":["post-1795","post","type-post","status-publish","format-standard","has-post-thumbnail","hentry","category-magazin","tag-magazin"],"_links":{"self":[{"href":"https:\/\/avukatimtv.com\/index.php\/wp-json\/wp\/v2\/posts\/1795","targetHints":{"allow":["GET"]}}],"collection":[{"href":"https:\/\/avukatimtv.com\/index.php\/wp-json\/wp\/v2\/posts"}],"about":[{"href":"https:\/\/avukatimtv.com\/index.php\/wp-json\/wp\/v2\/types\/post"}],"author":[{"embeddable":true,"href":"https:\/\/avukatimtv.com\/index.php\/wp-json\/wp\/v2\/users\/1"}],"replies":[{"embeddable":true,"href":"https:\/\/avukatimtv.com\/index.php\/wp-json\/wp\/v2\/comments?post=1795"}],"version-history":[{"count":0,"href":"https:\/\/avukatimtv.com\/index.php\/wp-json\/wp\/v2\/posts\/1795\/revisions"}],"wp:featuredmedia":[{"embeddable":true,"href":"https:\/\/avukatimtv.com\/index.php\/wp-json\/wp\/v2\/media\/1797"}],"wp:attachment":[{"href":"https:\/\/avukatimtv.com\/index.php\/wp-json\/wp\/v2\/media?parent=1795"}],"wp:term":[{"taxonomy":"category","embeddable":true,"href":"https:\/\/avukatimtv.com\/index.php\/wp-json\/wp\/v2\/categories?post=1795"},{"taxonomy":"post_tag","embeddable":true,"href":"https:\/\/avukatimtv.com\/index.php\/wp-json\/wp\/v2\/tags?post=1795"}],"curies":[{"name":"wp","href":"https:\/\/api.w.org\/{rel}","templated":true}]}}