{"id":1799,"date":"2024-04-06T17:04:49","date_gmt":"2024-04-06T14:04:49","guid":{"rendered":"https:\/\/haberv8.thewpdemo.com\/secim-sonuclari-sonrasi-unlulerin-paylasimlari\/-1799.html"},"modified":"2024-04-06T17:04:49","modified_gmt":"2024-04-06T14:04:49","slug":"secim-sonuclari-sonrasi-unlulerin-paylasimlari","status":"publish","type":"post","link":"https:\/\/avukatimtv.com\/index.php\/2024\/04\/06\/secim-sonuclari-sonrasi-unlulerin-paylasimlari\/","title":{"rendered":"Se\u00e7im sonu\u00e7lar\u0131 sonras\u0131 \u00fcnl\u00fclerin payla\u015f\u0131mlar\u0131!"},"content":{"rendered":"<\/p>\n<p class=\"text\">T\u00fcrkiye&#8217;de 61 milyon 441 bin 880 se\u00e7men, yerel<br \/>\ny\u00f6neticilerini belirlemek i\u00e7in sand\u0131k ba\u015f\u0131na gitti.<\/p>\n<p class=\"text\">81 il, 973 il\u00e7e ve 390<br \/>\nbelde belediye ba\u015fkan\u0131 ile 50 bin 336 muhtar\u0131n belirlendi\u011fi se\u00e7im sonucu heyecanla beklendi.<\/p>\n<p class=\"text\">Sanat ve spor d\u00fcnyas\u0131ndan bir\u00e7ok \u00fcnl\u00fc isim ise<br \/>\noy kullanmak i\u00e7in bulundu\u011fu ikametgaha g\u00f6re atand\u0131klar\u0131 okulda oy kulland\u0131.<\/p>\n<p class=\"text\">Bir kez daha \u0130stanbul B\u00fcy\u00fck\u015fehir Belediyesi (\u0130BB) Ba\u015fkan\u0131 Ekrem \u0130mamo\u011flu se\u00e7ildi.<br \/>\n\u00dcnl\u00fc isimler de se\u00e7im sonras\u0131 sosyal medyadan payla\u015f\u0131mlarda bulundu.<\/p>\n<p class=\"text\">\u015eEVVAL SAM<\/p>\n<p><strong>&#8220;Ekrem Ba\u015fkan!&#8221;<\/strong><\/p>\n<p class=\"text\">&#8220;Ekrem Ba\u015fkan! \u0130stanbul\u2019a<br \/>\nyak\u0131\u015f\u0131yorsun\u2026 T\u00fcrkiye\u2019ye yak\u0131\u015f\u0131yorsun! Gurur duyuyoruz seninle ve kutluyoruz.<br \/>\nBize ya\u015fatt\u0131\u011f\u0131n mutluluk, verdi\u011fin umut i\u00e7in m\u00fcte\u015fekkiriz.&#8221;<\/p>\n<p><img decoding=\"async\" src=\"https:\/\/haberv8.thewpdemo.com\/wp-content\/uploads\/2024\/04\/secim-sonuclari-sonrasi-unlulerin-paylasimlari-0.jpg\" \/><\/p>\n<p><strong>FAZIL SAY<\/strong><\/p>\n<p class=\"text\">&#8220;Yani&#8230; 1970 do\u011fumluyum.<br \/>\n80\u2019lerden beri se\u00e7imleri izlerim, hep yeniliriz. Y\u0131llard\u0131r da oy kullan\u0131yorum.<br \/>\nGaliba \u201cilk kez\u201d \u201ckazand\u0131k\u201d diyorum. Bravo t\u00fcm eme\u011fi ge\u00e7enlere.<br \/>\nBu sonu\u00e7; m\u00fcthi\u015f arkada\u015f! Her yerde&#8230; Vay be! Bravo \u00d6zel, \u0130mamo\u011flu \u00f6zellikle<br \/>\nbravo!&#8221;<\/p>\n<p><img decoding=\"async\" src=\"https:\/\/haberv8.thewpdemo.com\/wp-content\/uploads\/2024\/04\/secim-sonuclari-sonrasi-unlulerin-paylasimlari-1.jpg\" \/><\/p>\n<p><strong>\u015eEVKET \u00c7ORUH<\/strong><\/p>\n<p class=\"text\">&#8220;Ben g\u00fclmeden sand\u0131klar\u0131<br \/>\nterk etmeyin.&#8221;<\/p>\n<p><strong>AY\u015eE ALD\u0130N\u00c7<\/strong><\/p>\n<p class=\"text\">An\u0131tkabir ve oy zarf\u0131 bulunan<br \/>\nbir foto\u011fraf payla\u015f\u0131p &#8220;\u00d6zetle&#8221; notunu d\u00fc\u015ft\u00fc.<\/p>\n<p><strong>CEM DAVRAN<\/strong><\/p>\n<p class=\"text\">&#8220;Bizden sonraki<br \/>\nnesillerin, 2024 yerel se\u00e7imleri diye \u00f6zellikle ve \u00f6zellikli \u00f6rnek olarak<br \/>\nbahsedece\u011fi bir g\u00fcn ya\u015fad\u0131k. Vakan\u00fcvisler mutlaka takvime i\u015faret<br \/>\nkoyacakt\u0131r.&#8221;<\/p>\n<p><img decoding=\"async\" src=\"https:\/\/haberv8.thewpdemo.com\/wp-content\/uploads\/2024\/04\/secim-sonuclari-sonrasi-unlulerin-paylasimlari-2.jpg\" \/><\/p>\n<p><strong>PINAR ALTU\u011e<\/strong><\/p>\n<p class=\"text\">&#8220;K\u0131rm\u0131z\u0131 sana \u00e7ok yak\u0131\u015ft\u0131<br \/>\n\u00fclkem.&#8221;<\/p>\n","protected":false},"excerpt":{"rendered":"<p>T\u00fcrkiye&#8217;de 61 milyon 441 bin 880 se\u00e7men, yerel y\u00f6neticilerini belirlemek i\u00e7in sand\u0131k ba\u015f\u0131na gitti. 81 il, 973 il\u00e7e ve 390 belde belediye ba\u015fkan\u0131 ile 50 bin 336 muhtar\u0131n belirlendi\u011fi se\u00e7im sonucu heyecanla beklendi. Sanat ve spor d\u00fcnyas\u0131ndan bir\u00e7ok \u00fcnl\u00fc isim ise oy kullanmak i\u00e7in bulundu\u011fu ikametgaha g\u00f6re atand\u0131klar\u0131 okulda oy kulland\u0131. Bir kez daha \u0130stanbul [&hellip;]<\/p>\n","protected":false},"author":1,"featured_media":1801,"comment_status":"open","ping_status":"closed","sticky":false,"template":"","format":"standard","meta":{"footnotes":""},"categories":[9],"tags":[27],"class_list":["post-1799","post","type-post","status-publish","format-standard","has-post-thumbnail","hentry","category-magazin","tag-magazin"],"_links":{"self":[{"href":"https:\/\/avukatimtv.com\/index.php\/wp-json\/wp\/v2\/posts\/1799","targetHints":{"allow":["GET"]}}],"collection":[{"href":"https:\/\/avukatimtv.com\/index.php\/wp-json\/wp\/v2\/posts"}],"about":[{"href":"https:\/\/avukatimtv.com\/index.php\/wp-json\/wp\/v2\/types\/post"}],"author":[{"embeddable":true,"href":"https:\/\/avukatimtv.com\/index.php\/wp-json\/wp\/v2\/users\/1"}],"replies":[{"embeddable":true,"href":"https:\/\/avukatimtv.com\/index.php\/wp-json\/wp\/v2\/comments?post=1799"}],"version-history":[{"count":0,"href":"https:\/\/avukatimtv.com\/index.php\/wp-json\/wp\/v2\/posts\/1799\/revisions"}],"wp:featuredmedia":[{"embeddable":true,"href":"https:\/\/avukatimtv.com\/index.php\/wp-json\/wp\/v2\/media\/1801"}],"wp:attachment":[{"href":"https:\/\/avukatimtv.com\/index.php\/wp-json\/wp\/v2\/media?parent=1799"}],"wp:term":[{"taxonomy":"category","embeddable":true,"href":"https:\/\/avukatimtv.com\/index.php\/wp-json\/wp\/v2\/categories?post=1799"},{"taxonomy":"post_tag","embeddable":true,"href":"https:\/\/avukatimtv.com\/index.php\/wp-json\/wp\/v2\/tags?post=1799"}],"curies":[{"name":"wp","href":"https:\/\/api.w.org\/{rel}","templated":true}]}}