{"id":1802,"date":"2024-04-06T17:05:09","date_gmt":"2024-04-06T14:05:09","guid":{"rendered":"https:\/\/haberv8.thewpdemo.com\/oyuncu-ceyda-duvenci-secim-sonrasi-paylasimini-sevgilisiyle-yapti\/-1802.html"},"modified":"2024-04-06T17:05:09","modified_gmt":"2024-04-06T14:05:09","slug":"oyuncu-ceyda-duvenci-secim-sonrasi-paylasimini-sevgilisiyle-yapti","status":"publish","type":"post","link":"https:\/\/avukatimtv.com\/index.php\/2024\/04\/06\/oyuncu-ceyda-duvenci-secim-sonrasi-paylasimini-sevgilisiyle-yapti\/","title":{"rendered":"Oyuncu Ceyda D\u00fcvenci, se\u00e7im sonras\u0131 payla\u015f\u0131m\u0131n\u0131 sevgilisiyle yapt\u0131"},"content":{"rendered":"<\/p>\n<p class=\"text\">\u015eu s\u0131ralar Sakla Beni<br \/>\ndizisinde rol alan Ceyda D\u00fcvenci, o\u011flu Ali&#8217;nin babas\u0131 B\u00fclent \u015eakrak&#8217;tan<br \/>\nge\u00e7ti\u011fimiz y\u0131l bo\u015fanm\u0131\u015ft\u0131. Bo\u015fand\u0131ktan sonra a\u015fka k\u00fcsmeyen D\u00fcvenci, yeni<br \/>\nili\u015fkisiyle g\u00fcndeme geliyordu. \u00dcnl\u00fc oyuncunun, radyocu G\u00fc\u00e7l\u00fc Mete ile a\u015fk<br \/>\nya\u015fad\u0131\u011f\u0131 iddia ediliyordu. \u0130ddialara sessiz kalan Ceyda D\u00fcvenci adeta<br \/>\nfoto\u011frafl\u0131 a\u015fk yan\u0131t\u0131 verdi.<\/p>\n<p><strong>&#8220;Mutlu pazarlar&#8221;<\/strong><\/p>\n<p class=\"text\">Se\u00e7im gecesini sevgilisiyle birlikte ge\u00e7iren D\u00fcvenci, G\u00fc\u00e7l\u00fc<br \/>\nMete&#8217;yi payla\u015farak &#8220;Mutlu pazarlar&#8221; notunu d\u00fc\u015ft\u00fc ve kalp<br \/>\nemojisi de koydu.<\/p>\n<p class=\"text\">D\u00fcvenci, daha \u00f6nce \u00f6zel hayat\u0131yla ilgili yapt\u0131\u011f\u0131 bir<br \/>\na\u00e7\u0131klamada &#8220;B\u00fcy\u00fck konu\u015fmak istemem, bir daha evlenece\u011fimi<br \/>\nzannetmiyorum ama a\u015fk tabii ki m\u00fcmk\u00fcn hala\u2026 46 ya\u015f\u0131nday\u0131m tabii ki tekrar a\u015f\u0131k<br \/>\nolaca\u011f\u0131m. Hayat\u0131n i\u00e7inde a\u015fk\u0131 her yerden bulabilen bir kad\u0131n\u0131m.&#8221; demi\u015fti.<\/p>\n<p><img decoding=\"async\" src=\"https:\/\/haberv8.thewpdemo.com\/wp-content\/uploads\/2024\/04\/oyuncu-ceyda-duvenci-secim-sonrasi-paylasimini-sevgilisiyle-yapti-0.jpg\" \/><\/p>\n","protected":false},"excerpt":{"rendered":"<p>\u015eu s\u0131ralar Sakla Beni dizisinde rol alan Ceyda D\u00fcvenci, o\u011flu Ali&#8217;nin babas\u0131 B\u00fclent \u015eakrak&#8217;tan ge\u00e7ti\u011fimiz y\u0131l bo\u015fanm\u0131\u015ft\u0131. Bo\u015fand\u0131ktan sonra a\u015fka k\u00fcsmeyen D\u00fcvenci, yeni ili\u015fkisiyle g\u00fcndeme geliyordu. \u00dcnl\u00fc oyuncunun, radyocu G\u00fc\u00e7l\u00fc Mete ile a\u015fk ya\u015fad\u0131\u011f\u0131 iddia ediliyordu. \u0130ddialara sessiz kalan Ceyda D\u00fcvenci adeta foto\u011frafl\u0131 a\u015fk yan\u0131t\u0131 verdi. &#8220;Mutlu pazarlar&#8221; Se\u00e7im gecesini sevgilisiyle birlikte ge\u00e7iren D\u00fcvenci, G\u00fc\u00e7l\u00fc [&hellip;]<\/p>\n","protected":false},"author":1,"featured_media":1805,"comment_status":"open","ping_status":"closed","sticky":false,"template":"","format":"standard","meta":{"footnotes":""},"categories":[9],"tags":[27],"class_list":["post-1802","post","type-post","status-publish","format-standard","has-post-thumbnail","hentry","category-magazin","tag-magazin"],"_links":{"self":[{"href":"https:\/\/avukatimtv.com\/index.php\/wp-json\/wp\/v2\/posts\/1802","targetHints":{"allow":["GET"]}}],"collection":[{"href":"https:\/\/avukatimtv.com\/index.php\/wp-json\/wp\/v2\/posts"}],"about":[{"href":"https:\/\/avukatimtv.com\/index.php\/wp-json\/wp\/v2\/types\/post"}],"author":[{"embeddable":true,"href":"https:\/\/avukatimtv.com\/index.php\/wp-json\/wp\/v2\/users\/1"}],"replies":[{"embeddable":true,"href":"https:\/\/avukatimtv.com\/index.php\/wp-json\/wp\/v2\/comments?post=1802"}],"version-history":[{"count":0,"href":"https:\/\/avukatimtv.com\/index.php\/wp-json\/wp\/v2\/posts\/1802\/revisions"}],"wp:featuredmedia":[{"embeddable":true,"href":"https:\/\/avukatimtv.com\/index.php\/wp-json\/wp\/v2\/media\/1805"}],"wp:attachment":[{"href":"https:\/\/avukatimtv.com\/index.php\/wp-json\/wp\/v2\/media?parent=1802"}],"wp:term":[{"taxonomy":"category","embeddable":true,"href":"https:\/\/avukatimtv.com\/index.php\/wp-json\/wp\/v2\/categories?post=1802"},{"taxonomy":"post_tag","embeddable":true,"href":"https:\/\/avukatimtv.com\/index.php\/wp-json\/wp\/v2\/tags?post=1802"}],"curies":[{"name":"wp","href":"https:\/\/api.w.org\/{rel}","templated":true}]}}