{"id":1808,"date":"2024-04-06T17:05:11","date_gmt":"2024-04-06T14:05:11","guid":{"rendered":"https:\/\/haberv8.thewpdemo.com\/secim-sonucu-mabel-matizi-mutlu-etti\/-1808.html"},"modified":"2024-04-06T17:05:11","modified_gmt":"2024-04-06T14:05:11","slug":"secim-sonucu-mabel-matizi-mutlu-etti","status":"publish","type":"post","link":"https:\/\/avukatimtv.com\/index.php\/2024\/04\/06\/secim-sonucu-mabel-matizi-mutlu-etti\/","title":{"rendered":"Se\u00e7im sonucu Mabel Matiz&#8217;i mutlu etti:"},"content":{"rendered":"<\/p>\n<p class=\"vjs-no-js\">\n                Bu videoyu izlemek i\u00e7in l\u00fctfen JavaScript&#8217;i etkinle\u015ftirin\n            <\/p>\n<\/p>\n<p class=\"text\">31 Mart Yerel Se\u00e7imleri i\u00e7in d\u00fcn t\u00fcm T\u00fcrkiye oy kulland\u0131.  Milyonlarca vatanda\u015f<br \/>\ngibi \u00fcnl\u00fc isimler de oy kullanmak i\u00e7in sand\u0131k ba\u015f\u0131na gitti.<\/p>\n<p class=\"text\">Se\u00e7im sonu\u00e7lar\u0131 sonras\u0131 sessiz kalamayan \u00fcnl\u00fc \u015fark\u0131c\u0131 Mabel Matiz, sevincini sosyal medya hesab\u0131ndan payla\u015ft\u0131.<\/p>\n<p><strong>&#8216;J\u00f6tem<br \/>\nT\u00fcrkiyem&#8217;<\/strong><\/p>\n<p class=\"text\">CHP&#8217;li \u0130stanbul Belediyesi Ba\u015fkan\u0131 krem \u0130mamo\u011flu&#8217;nu desteleyen \u00fcnl\u00fc \u015fark\u0131c\u0131 Mabel Matiz&#8217;den, &#8216;J\u00f6tem<br \/>\nT\u00fcrkiyem&#8217; payla\u015f\u0131m\u0131 geldi.<\/p>\n<p class=\"text\">S\u00fcrpriz sonu\u00e7lar sonras\u0131 yerinde duramayan Mabe Matiz,<br \/>\nseyirciye arkas\u0131na d\u00f6n\u00fcp kal\u00e7as\u0131n\u0131 sallayarak dans etti\u011fi videoyu yay\u0131nlay\u0131nca g\u00fcndem oldu.<\/p>\n","protected":false},"excerpt":{"rendered":"<p>Bu videoyu izlemek i\u00e7in l\u00fctfen JavaScript&#8217;i etkinle\u015ftirin 31 Mart Yerel Se\u00e7imleri i\u00e7in d\u00fcn t\u00fcm T\u00fcrkiye oy kulland\u0131. Milyonlarca vatanda\u015f gibi \u00fcnl\u00fc isimler de oy kullanmak i\u00e7in sand\u0131k ba\u015f\u0131na gitti. Se\u00e7im sonu\u00e7lar\u0131 sonras\u0131 sessiz kalamayan \u00fcnl\u00fc \u015fark\u0131c\u0131 Mabel Matiz, sevincini sosyal medya hesab\u0131ndan payla\u015ft\u0131. &#8216;J\u00f6tem T\u00fcrkiyem&#8217; CHP&#8217;li \u0130stanbul Belediyesi Ba\u015fkan\u0131 krem \u0130mamo\u011flu&#8217;nu desteleyen \u00fcnl\u00fc \u015fark\u0131c\u0131 Mabel [&hellip;]<\/p>\n","protected":false},"author":1,"featured_media":1810,"comment_status":"open","ping_status":"closed","sticky":false,"template":"","format":"standard","meta":{"footnotes":""},"categories":[9],"tags":[27],"class_list":["post-1808","post","type-post","status-publish","format-standard","has-post-thumbnail","hentry","category-magazin","tag-magazin"],"_links":{"self":[{"href":"https:\/\/avukatimtv.com\/index.php\/wp-json\/wp\/v2\/posts\/1808","targetHints":{"allow":["GET"]}}],"collection":[{"href":"https:\/\/avukatimtv.com\/index.php\/wp-json\/wp\/v2\/posts"}],"about":[{"href":"https:\/\/avukatimtv.com\/index.php\/wp-json\/wp\/v2\/types\/post"}],"author":[{"embeddable":true,"href":"https:\/\/avukatimtv.com\/index.php\/wp-json\/wp\/v2\/users\/1"}],"replies":[{"embeddable":true,"href":"https:\/\/avukatimtv.com\/index.php\/wp-json\/wp\/v2\/comments?post=1808"}],"version-history":[{"count":0,"href":"https:\/\/avukatimtv.com\/index.php\/wp-json\/wp\/v2\/posts\/1808\/revisions"}],"wp:featuredmedia":[{"embeddable":true,"href":"https:\/\/avukatimtv.com\/index.php\/wp-json\/wp\/v2\/media\/1810"}],"wp:attachment":[{"href":"https:\/\/avukatimtv.com\/index.php\/wp-json\/wp\/v2\/media?parent=1808"}],"wp:term":[{"taxonomy":"category","embeddable":true,"href":"https:\/\/avukatimtv.com\/index.php\/wp-json\/wp\/v2\/categories?post=1808"},{"taxonomy":"post_tag","embeddable":true,"href":"https:\/\/avukatimtv.com\/index.php\/wp-json\/wp\/v2\/tags?post=1808"}],"curies":[{"name":"wp","href":"https:\/\/api.w.org\/{rel}","templated":true}]}}