{"id":1812,"date":"2024-04-06T17:05:12","date_gmt":"2024-04-06T14:05:12","guid":{"rendered":"https:\/\/haberv8.thewpdemo.com\/bulent-sakrak-yesilcamin-usta-oyuncusu-izzet-gunayi-paylasti\/-1812.html"},"modified":"2024-04-06T17:05:12","modified_gmt":"2024-04-06T14:05:12","slug":"bulent-sakrak-yesilcamin-usta-oyuncusu-izzet-gunayi-paylasti","status":"publish","type":"post","link":"https:\/\/avukatimtv.com\/index.php\/2024\/04\/06\/bulent-sakrak-yesilcamin-usta-oyuncusu-izzet-gunayi-paylasti\/","title":{"rendered":"B\u00fclent \u015eakrak, Ye\u015fil\u00e7am&#8217;\u0131n usta oyuncusu \u0130zzet G\u00fcnay&#8217;\u0131 payla\u015ft\u0131"},"content":{"rendered":"<\/p>\n<p class=\"text\">Ekranlar\u0131n ba\u015far\u0131l\u0131 oyuncular\u0131ndan B\u00fclent \u015eakrak, \u00f6zel hayat\u0131yla s\u0131k s\u0131k g\u00fcndeme geliyor. \u015eakrak, bu kez farkl\u0131 bir konuyla konu\u015fuldu.<\/p>\n<p><strong>\u0130zzet G\u00fcnay&#8217;la poz verdi<\/strong><\/p>\n<p class=\"text\">962 bin takip\u00e7isi bulunan Instagram hesab\u0131ndan usta oyuncu \u0130zzet G\u00fcnay&#8217;la \u00e7ekilmi\u015f bir karesini payla\u015ft\u0131.<\/p>\n<p class=\"text\">T\u00fcrk sinemas\u0131n\u0131n j\u00f6nleri aras\u0131nda say\u0131lan \u0130zzet G\u00fcnay, son g\u00f6r\u00fcnt\u00fcs\u00fcyle g\u00fcndem oldu.<\/p>\n<p class=\"text\">Bir d\u00f6neme damga vuran \u00fcnl\u00fc oyuncu y\u0131llard\u0131r ekranlarda g\u00f6r\u00fcnm\u00fcyordu. Ya\u015flanmas\u0131na ra\u011fmen \u0130zzet G\u00fcnay&#8217;\u0131n halen daha yak\u0131\u015f\u0131kl\u0131 hali ise g\u00f6zlerden ka\u00e7mad\u0131.<\/p>\n<p><strong>&#8220;D\u00fcnyan\u0131n en g\u00fczel ya\u015f alan adam\u0131&#8221;,<\/strong><\/p>\n<p class=\"text\">Usta oyuncunun son haliyle ilgili sosyal medyada yorum ya\u011fd\u0131. G\u00fcnay&#8217;\u0131n son haline &#8220;D\u00fcnyan\u0131n en g\u00fczel ya\u015f alan adam\u0131&#8221;, &#8220;Sa\u00e7lar ayn\u0131 sadece rengi de\u011fi\u015fmi\u015f&#8221; gibi yorumlar yap\u0131ld\u0131.<\/p>\n<p><img decoding=\"async\" src=\"https:\/\/haberv8.thewpdemo.com\/wp-content\/uploads\/2024\/04\/bulent-sakrak-yesilcamin-usta-oyuncusu-izzet-gunayi-paylasti-0.jpg\" \/><img decoding=\"async\" src=\"https:\/\/haberv8.thewpdemo.com\/wp-content\/uploads\/2024\/04\/bulent-sakrak-yesilcamin-usta-oyuncusu-izzet-gunayi-paylasti-1.jpg\" \/><\/p>\n","protected":false},"excerpt":{"rendered":"<p>Ekranlar\u0131n ba\u015far\u0131l\u0131 oyuncular\u0131ndan B\u00fclent \u015eakrak, \u00f6zel hayat\u0131yla s\u0131k s\u0131k g\u00fcndeme geliyor. \u015eakrak, bu kez farkl\u0131 bir konuyla konu\u015fuldu. \u0130zzet G\u00fcnay&#8217;la poz verdi 962 bin takip\u00e7isi bulunan Instagram hesab\u0131ndan usta oyuncu \u0130zzet G\u00fcnay&#8217;la \u00e7ekilmi\u015f bir karesini payla\u015ft\u0131. T\u00fcrk sinemas\u0131n\u0131n j\u00f6nleri aras\u0131nda say\u0131lan \u0130zzet G\u00fcnay, son g\u00f6r\u00fcnt\u00fcs\u00fcyle g\u00fcndem oldu. Bir d\u00f6neme damga vuran \u00fcnl\u00fc oyuncu y\u0131llard\u0131r ekranlarda [&hellip;]<\/p>\n","protected":false},"author":1,"featured_media":1816,"comment_status":"open","ping_status":"closed","sticky":false,"template":"","format":"standard","meta":{"footnotes":""},"categories":[9],"tags":[27],"class_list":["post-1812","post","type-post","status-publish","format-standard","has-post-thumbnail","hentry","category-magazin","tag-magazin"],"_links":{"self":[{"href":"https:\/\/avukatimtv.com\/index.php\/wp-json\/wp\/v2\/posts\/1812","targetHints":{"allow":["GET"]}}],"collection":[{"href":"https:\/\/avukatimtv.com\/index.php\/wp-json\/wp\/v2\/posts"}],"about":[{"href":"https:\/\/avukatimtv.com\/index.php\/wp-json\/wp\/v2\/types\/post"}],"author":[{"embeddable":true,"href":"https:\/\/avukatimtv.com\/index.php\/wp-json\/wp\/v2\/users\/1"}],"replies":[{"embeddable":true,"href":"https:\/\/avukatimtv.com\/index.php\/wp-json\/wp\/v2\/comments?post=1812"}],"version-history":[{"count":0,"href":"https:\/\/avukatimtv.com\/index.php\/wp-json\/wp\/v2\/posts\/1812\/revisions"}],"wp:featuredmedia":[{"embeddable":true,"href":"https:\/\/avukatimtv.com\/index.php\/wp-json\/wp\/v2\/media\/1816"}],"wp:attachment":[{"href":"https:\/\/avukatimtv.com\/index.php\/wp-json\/wp\/v2\/media?parent=1812"}],"wp:term":[{"taxonomy":"category","embeddable":true,"href":"https:\/\/avukatimtv.com\/index.php\/wp-json\/wp\/v2\/categories?post=1812"},{"taxonomy":"post_tag","embeddable":true,"href":"https:\/\/avukatimtv.com\/index.php\/wp-json\/wp\/v2\/tags?post=1812"}],"curies":[{"name":"wp","href":"https:\/\/api.w.org\/{rel}","templated":true}]}}