{"id":1818,"date":"2024-04-06T17:05:13","date_gmt":"2024-04-06T14:05:13","guid":{"rendered":"https:\/\/haberv8.thewpdemo.com\/caner-erkinin-esi-sukran-ovali-luks-eviyle-gundem-oldu\/-1818.html"},"modified":"2024-04-06T17:05:13","modified_gmt":"2024-04-06T14:05:13","slug":"caner-erkinin-esi-sukran-ovali-luks-eviyle-gundem-oldu","status":"publish","type":"post","link":"https:\/\/avukatimtv.com\/index.php\/2024\/04\/06\/caner-erkinin-esi-sukran-ovali-luks-eviyle-gundem-oldu\/","title":{"rendered":"Caner Erkin&#8217;in e\u015fi \u015e\u00fckran Oval\u0131, l\u00fcks eviyle g\u00fcndem oldu"},"content":{"rendered":"<\/p>\n<p class=\"text\">Ye\u015fil sahalar\u0131n ba\u015far\u0131l\u0131 futbolcular\u0131ndan Caner Erkin ile 2017<br \/>\ny\u0131l\u0131nda d\u00fcnyaevine giren \u015e\u00fckran Oval\u0131, ge\u00e7ti\u011fimiz aylarda 7. evlilik y\u0131l<br \/>\nd\u00f6n\u00fcmlerini romantik bir mesajla kutlam\u0131\u015ft\u0131.<\/p>\n<p class=\"text\">E\u015fi ve k\u0131z\u0131yla birlikte yapt\u0131\u011f\u0131 payla\u015f\u0131mlarla s\u0131k s\u0131k ad\u0131ndan s\u00f6z ettiren<br \/>\n\u015e\u00fckran Oval\u0131 bu defa do\u011fum g\u00fcn\u00fc pozlar\u0131 verdi.<\/p>\n<p><img decoding=\"async\" src=\"https:\/\/haberv8.thewpdemo.com\/wp-content\/uploads\/2024\/04\/caner-erkinin-esi-sukran-ovali-luks-eviyle-gundem-oldu-0.jpg\" \/><\/p>\n<p><strong>&#8216;Ne g\u00fczel geldin 39&#8217;<\/strong><\/p>\n<p class=\"text\">Evinin bah\u00e7esinden<br \/>\ndo\u011fum g\u00fcn\u00fc pozlar\u0131n\u0131 payla\u015fan Oval\u0131, karelerine &#8216;Ne g\u00fczel geldin 39&#8217; notunu<br \/>\nd\u00fc\u015ft\u00fc.<\/p>\n<p><img decoding=\"async\" src=\"https:\/\/haberv8.thewpdemo.com\/wp-content\/uploads\/2024\/04\/caner-erkinin-esi-sukran-ovali-luks-eviyle-gundem-oldu-1.jpg\" \/><\/p>\n<p class=\"text\">Oval\u0131&#8217;n\u0131n mutlu aile pozlar\u0131n\u0131n yan\u0131 s\u0131ra<br \/>\nl\u00fcks villas\u0131 da dikkat \u00e7ekti.<\/p>\n<p class=\"text\">Son olarak Yarg\u0131 dizisinde<br \/>\n&#8216;Savc\u0131 Derya&#8217; karakterine hayat veren \u015e\u00fckran Oval\u0131 bu zamana kadar; Ufak Tefek<br \/>\nCinayetler, Vatan\u0131m Sensin, Parampar\u00e7a, \u015eeref Meselesi, Cinayet gibi bir\u00e7ok<br \/>\nba\u015far\u0131l\u0131 yap\u0131mda rol ald\u0131.<\/p>\n<p><img decoding=\"async\" src=\"https:\/\/haberv8.thewpdemo.com\/wp-content\/uploads\/2024\/04\/caner-erkinin-esi-sukran-ovali-luks-eviyle-gundem-oldu-2.jpg\" \/><img decoding=\"async\" src=\"https:\/\/haberv8.thewpdemo.com\/wp-content\/uploads\/2024\/04\/caner-erkinin-esi-sukran-ovali-luks-eviyle-gundem-oldu-3.jpg\" \/><img decoding=\"async\" src=\"https:\/\/haberv8.thewpdemo.com\/wp-content\/uploads\/2024\/04\/caner-erkinin-esi-sukran-ovali-luks-eviyle-gundem-oldu-4.jpg\" \/><\/p>\n","protected":false},"excerpt":{"rendered":"<p>Ye\u015fil sahalar\u0131n ba\u015far\u0131l\u0131 futbolcular\u0131ndan Caner Erkin ile 2017 y\u0131l\u0131nda d\u00fcnyaevine giren \u015e\u00fckran Oval\u0131, ge\u00e7ti\u011fimiz aylarda 7. evlilik y\u0131l d\u00f6n\u00fcmlerini romantik bir mesajla kutlam\u0131\u015ft\u0131. E\u015fi ve k\u0131z\u0131yla birlikte yapt\u0131\u011f\u0131 payla\u015f\u0131mlarla s\u0131k s\u0131k ad\u0131ndan s\u00f6z ettiren \u015e\u00fckran Oval\u0131 bu defa do\u011fum g\u00fcn\u00fc pozlar\u0131 verdi. &#8216;Ne g\u00fczel geldin 39&#8217; Evinin bah\u00e7esinden do\u011fum g\u00fcn\u00fc pozlar\u0131n\u0131 payla\u015fan Oval\u0131, karelerine &#8216;Ne [&hellip;]<\/p>\n","protected":false},"author":1,"featured_media":1822,"comment_status":"open","ping_status":"closed","sticky":false,"template":"","format":"standard","meta":{"footnotes":""},"categories":[9],"tags":[27],"class_list":["post-1818","post","type-post","status-publish","format-standard","has-post-thumbnail","hentry","category-magazin","tag-magazin"],"_links":{"self":[{"href":"https:\/\/avukatimtv.com\/index.php\/wp-json\/wp\/v2\/posts\/1818","targetHints":{"allow":["GET"]}}],"collection":[{"href":"https:\/\/avukatimtv.com\/index.php\/wp-json\/wp\/v2\/posts"}],"about":[{"href":"https:\/\/avukatimtv.com\/index.php\/wp-json\/wp\/v2\/types\/post"}],"author":[{"embeddable":true,"href":"https:\/\/avukatimtv.com\/index.php\/wp-json\/wp\/v2\/users\/1"}],"replies":[{"embeddable":true,"href":"https:\/\/avukatimtv.com\/index.php\/wp-json\/wp\/v2\/comments?post=1818"}],"version-history":[{"count":0,"href":"https:\/\/avukatimtv.com\/index.php\/wp-json\/wp\/v2\/posts\/1818\/revisions"}],"wp:featuredmedia":[{"embeddable":true,"href":"https:\/\/avukatimtv.com\/index.php\/wp-json\/wp\/v2\/media\/1822"}],"wp:attachment":[{"href":"https:\/\/avukatimtv.com\/index.php\/wp-json\/wp\/v2\/media?parent=1818"}],"wp:term":[{"taxonomy":"category","embeddable":true,"href":"https:\/\/avukatimtv.com\/index.php\/wp-json\/wp\/v2\/categories?post=1818"},{"taxonomy":"post_tag","embeddable":true,"href":"https:\/\/avukatimtv.com\/index.php\/wp-json\/wp\/v2\/tags?post=1818"}],"curies":[{"name":"wp","href":"https:\/\/api.w.org\/{rel}","templated":true}]}}