{"id":1824,"date":"2024-04-06T17:05:17","date_gmt":"2024-04-06T14:05:17","guid":{"rendered":"https:\/\/haberv8.thewpdemo.com\/mesut-ozil-plevne-marsiyla-spor-yapti\/-1824.html"},"modified":"2024-04-06T17:05:17","modified_gmt":"2024-04-06T14:05:17","slug":"mesut-ozil-plevne-marsiyla-spor-yapti","status":"publish","type":"post","link":"https:\/\/avukatimtv.com\/index.php\/2024\/04\/06\/mesut-ozil-plevne-marsiyla-spor-yapti\/","title":{"rendered":"Mesut \u00d6zil Plevne mar\u015f\u0131yla spor yapt\u0131"},"content":{"rendered":"<\/p>\n<p class=\"text\">Sahalara veda eden Mesut \u00d6zil, son d\u00f6nemlerde sosyal medya payla\u015f\u0131mlar\u0131yla g\u00fcndemde..<\/p>\n<p class=\"text\">\u00d6zil, ge\u00e7mi\u015fteki zay\u0131f imaj\u0131n\u0131n aksine, son payla\u015f\u0131mlar\u0131nda g\u00f6r\u00fclen daha iri ve kasl\u0131 v\u00fccut yap\u0131s\u0131yla dikkatleri \u00fczerine \u00e7ekiyor.<\/p>\n<p class=\"text\">Hayranlar\u0131 taraf\u0131ndan yak\u0131ndan takip edilen \u00d6zil, kas \u00e7al\u0131\u015fmalar\u0131na devam ediyor..<\/p>\n<p><strong>Plevne mar\u015f\u0131yla spor<\/strong><\/p>\n<p class=\"text\">Mesut \u00d6zil, son egzersizinde Plevne mar\u015f\u0131yla yapt\u0131.<\/p>\n<p class=\"text\">Sosyal medyada payla\u015ft\u0131\u011f\u0131 videoda \u00d6zil&#8217;in kaslar\u0131 takip\u00e7ilerinin g\u00f6z\u00fcnden ka\u00e7mad\u0131. <\/p>\n<p class=\"text\">\u00d6te yandan, beklenmedik fiziksel de\u011fi\u015fim, geni\u015f kitleler aras\u0131nda tart\u0131\u015fma ve spek\u00fclasyonlara yol a\u00e7arak, \u00d6zil&#8217;in neden bu y\u00f6nde bir de\u011fi\u015fim ya\u015fad\u0131\u011f\u0131na dair \u00e7e\u015fitli teorilerin ortaya at\u0131lmas\u0131na neden olmu\u015ftu..<\/p>\n<p><img decoding=\"async\" src=\"https:\/\/haberv8.thewpdemo.com\/wp-content\/uploads\/2024\/04\/mesut-ozil-plevne-marsiyla-spor-yapti-0.jpg\" \/><\/p>\n","protected":false},"excerpt":{"rendered":"<p>Sahalara veda eden Mesut \u00d6zil, son d\u00f6nemlerde sosyal medya payla\u015f\u0131mlar\u0131yla g\u00fcndemde.. \u00d6zil, ge\u00e7mi\u015fteki zay\u0131f imaj\u0131n\u0131n aksine, son payla\u015f\u0131mlar\u0131nda g\u00f6r\u00fclen daha iri ve kasl\u0131 v\u00fccut yap\u0131s\u0131yla dikkatleri \u00fczerine \u00e7ekiyor. Hayranlar\u0131 taraf\u0131ndan yak\u0131ndan takip edilen \u00d6zil, kas \u00e7al\u0131\u015fmalar\u0131na devam ediyor.. Plevne mar\u015f\u0131yla spor Mesut \u00d6zil, son egzersizinde Plevne mar\u015f\u0131yla yapt\u0131. Sosyal medyada payla\u015ft\u0131\u011f\u0131 videoda \u00d6zil&#8217;in kaslar\u0131 takip\u00e7ilerinin [&hellip;]<\/p>\n","protected":false},"author":1,"featured_media":1826,"comment_status":"open","ping_status":"closed","sticky":false,"template":"","format":"standard","meta":{"footnotes":""},"categories":[9],"tags":[27],"class_list":["post-1824","post","type-post","status-publish","format-standard","has-post-thumbnail","hentry","category-magazin","tag-magazin"],"_links":{"self":[{"href":"https:\/\/avukatimtv.com\/index.php\/wp-json\/wp\/v2\/posts\/1824","targetHints":{"allow":["GET"]}}],"collection":[{"href":"https:\/\/avukatimtv.com\/index.php\/wp-json\/wp\/v2\/posts"}],"about":[{"href":"https:\/\/avukatimtv.com\/index.php\/wp-json\/wp\/v2\/types\/post"}],"author":[{"embeddable":true,"href":"https:\/\/avukatimtv.com\/index.php\/wp-json\/wp\/v2\/users\/1"}],"replies":[{"embeddable":true,"href":"https:\/\/avukatimtv.com\/index.php\/wp-json\/wp\/v2\/comments?post=1824"}],"version-history":[{"count":0,"href":"https:\/\/avukatimtv.com\/index.php\/wp-json\/wp\/v2\/posts\/1824\/revisions"}],"wp:featuredmedia":[{"embeddable":true,"href":"https:\/\/avukatimtv.com\/index.php\/wp-json\/wp\/v2\/media\/1826"}],"wp:attachment":[{"href":"https:\/\/avukatimtv.com\/index.php\/wp-json\/wp\/v2\/media?parent=1824"}],"wp:term":[{"taxonomy":"category","embeddable":true,"href":"https:\/\/avukatimtv.com\/index.php\/wp-json\/wp\/v2\/categories?post=1824"},{"taxonomy":"post_tag","embeddable":true,"href":"https:\/\/avukatimtv.com\/index.php\/wp-json\/wp\/v2\/tags?post=1824"}],"curies":[{"name":"wp","href":"https:\/\/api.w.org\/{rel}","templated":true}]}}