{"id":1827,"date":"2024-04-06T17:05:18","date_gmt":"2024-04-06T14:05:18","guid":{"rendered":"https:\/\/haberv8.thewpdemo.com\/ibrahim-tatlisesin-gelini-yasemin-sefkatli-ikizleri-annelere-teslim-etti\/-1827.html"},"modified":"2024-04-06T17:05:18","modified_gmt":"2024-04-06T14:05:18","slug":"ibrahim-tatlisesin-gelini-yasemin-sefkatli-ikizleri-annelere-teslim-etti","status":"publish","type":"post","link":"https:\/\/avukatimtv.com\/index.php\/2024\/04\/06\/ibrahim-tatlisesin-gelini-yasemin-sefkatli-ikizleri-annelere-teslim-etti\/","title":{"rendered":"\u0130brahim Tatl\u0131ses&#8217;in gelini Yasemin \u015eefkatli, ikizleri annelere teslim etti"},"content":{"rendered":"<\/p>\n<p class=\"text\">&#8211; \u0130brahim Tatl\u0131ses ve Derya Tuna&#8217;n\u0131n o\u011flu \u0130do Tatl\u0131ses, a\u015fk\u0131 Yasemin \u015eefkatli&#8217;de buldu.<\/p>\n<p class=\"text\">2021 y\u0131l\u0131nda evlenen ikili, ge\u00e7ti\u011fimiz aylarda ilk kez anne-baba olman\u0131n heyecan\u0131n\u0131 ya\u015fad\u0131.<\/p>\n<p class=\"text\">\u0130brahim Ayel ve Sinan Emir ad\u0131nda iki ikiz erkek \u00e7ocuk d\u00fcnyaya getiren \u015eefkatli, sosyal medya payla\u015f\u0131mlar\u0131na devam ediyor.<\/p>\n<p class=\"text\">G\u00fczel ismin payla\u015f\u0131mlar\u0131na ve anneli\u011fine ise daha \u015fimdiden be\u011feni yap\u0131yor.<\/p>\n<p><strong>\u0130kizleri annelere paslad\u0131<\/strong><\/p>\n<p class=\"text\">Yasemin \u015eefkatli, bu defa ikizleri \u0130do&#8217;nun annesi Derya Tuna ve kendi annesine teslim etti.<\/p>\n<p class=\"text\">O anlar\u0131 sosyal medyadan payla\u015fan g\u00fczel isim, &#8220;Sosyalle\u015ftik bug\u00fcn biraz.&#8221; notunu d\u00fc\u015ft\u00fc.<\/p>\n<p class=\"text\">\u015eefkatli&#8217;nin payla\u015f\u0131m\u0131 yorum al\u0131rken, baz\u0131 sosyal medya kullan\u0131c\u0131lar\u0131 ise k\u0131sa s\u00fcrede nas\u0131l zay\u0131flad\u0131\u011f\u0131n\u0131 sordu.<\/p>\n<p><img decoding=\"async\" src=\"https:\/\/haberv8.thewpdemo.com\/wp-content\/uploads\/2024\/04\/ibrahim-tatlisesin-gelini-yasemin-sefkatli-ikizleri-annelere-teslim-etti-0.jpg\" \/><img decoding=\"async\" src=\"https:\/\/haberv8.thewpdemo.com\/wp-content\/uploads\/2024\/04\/ibrahim-tatlisesin-gelini-yasemin-sefkatli-ikizleri-annelere-teslim-etti-1.jpg\" \/><img decoding=\"async\" src=\"https:\/\/haberv8.thewpdemo.com\/wp-content\/uploads\/2024\/04\/ibrahim-tatlisesin-gelini-yasemin-sefkatli-ikizleri-annelere-teslim-etti-2.jpg\" \/><img decoding=\"async\" src=\"https:\/\/haberv8.thewpdemo.com\/wp-content\/uploads\/2024\/04\/ibrahim-tatlisesin-gelini-yasemin-sefkatli-ikizleri-annelere-teslim-etti-3.jpg\" \/><img decoding=\"async\" src=\"https:\/\/haberv8.thewpdemo.com\/wp-content\/uploads\/2024\/04\/ibrahim-tatlisesin-gelini-yasemin-sefkatli-ikizleri-annelere-teslim-etti-4.jpg\" \/><img decoding=\"async\" src=\"https:\/\/haberv8.thewpdemo.com\/wp-content\/uploads\/2024\/04\/ibrahim-tatlisesin-gelini-yasemin-sefkatli-ikizleri-annelere-teslim-etti-5.jpg\" \/><\/p>\n","protected":false},"excerpt":{"rendered":"<p>&#8211; \u0130brahim Tatl\u0131ses ve Derya Tuna&#8217;n\u0131n o\u011flu \u0130do Tatl\u0131ses, a\u015fk\u0131 Yasemin \u015eefkatli&#8217;de buldu. 2021 y\u0131l\u0131nda evlenen ikili, ge\u00e7ti\u011fimiz aylarda ilk kez anne-baba olman\u0131n heyecan\u0131n\u0131 ya\u015fad\u0131. \u0130brahim Ayel ve Sinan Emir ad\u0131nda iki ikiz erkek \u00e7ocuk d\u00fcnyaya getiren \u015eefkatli, sosyal medya payla\u015f\u0131mlar\u0131na devam ediyor. G\u00fczel ismin payla\u015f\u0131mlar\u0131na ve anneli\u011fine ise daha \u015fimdiden be\u011feni yap\u0131yor. \u0130kizleri annelere [&hellip;]<\/p>\n","protected":false},"author":1,"featured_media":1838,"comment_status":"open","ping_status":"closed","sticky":false,"template":"","format":"standard","meta":{"footnotes":""},"categories":[9],"tags":[27],"class_list":["post-1827","post","type-post","status-publish","format-standard","has-post-thumbnail","hentry","category-magazin","tag-magazin"],"_links":{"self":[{"href":"https:\/\/avukatimtv.com\/index.php\/wp-json\/wp\/v2\/posts\/1827","targetHints":{"allow":["GET"]}}],"collection":[{"href":"https:\/\/avukatimtv.com\/index.php\/wp-json\/wp\/v2\/posts"}],"about":[{"href":"https:\/\/avukatimtv.com\/index.php\/wp-json\/wp\/v2\/types\/post"}],"author":[{"embeddable":true,"href":"https:\/\/avukatimtv.com\/index.php\/wp-json\/wp\/v2\/users\/1"}],"replies":[{"embeddable":true,"href":"https:\/\/avukatimtv.com\/index.php\/wp-json\/wp\/v2\/comments?post=1827"}],"version-history":[{"count":0,"href":"https:\/\/avukatimtv.com\/index.php\/wp-json\/wp\/v2\/posts\/1827\/revisions"}],"wp:featuredmedia":[{"embeddable":true,"href":"https:\/\/avukatimtv.com\/index.php\/wp-json\/wp\/v2\/media\/1838"}],"wp:attachment":[{"href":"https:\/\/avukatimtv.com\/index.php\/wp-json\/wp\/v2\/media?parent=1827"}],"wp:term":[{"taxonomy":"category","embeddable":true,"href":"https:\/\/avukatimtv.com\/index.php\/wp-json\/wp\/v2\/categories?post=1827"},{"taxonomy":"post_tag","embeddable":true,"href":"https:\/\/avukatimtv.com\/index.php\/wp-json\/wp\/v2\/tags?post=1827"}],"curies":[{"name":"wp","href":"https:\/\/api.w.org\/{rel}","templated":true}]}}