{"id":1831,"date":"2024-04-06T17:05:19","date_gmt":"2024-04-06T14:05:19","guid":{"rendered":"https:\/\/haberv8.thewpdemo.com\/unlu-komedyen-cem-yilmaz-trafikte-yakalandi-sorulan-soruya-verdigi-cevap-gundem-oldu\/-1831.html"},"modified":"2024-04-06T17:05:19","modified_gmt":"2024-04-06T14:05:19","slug":"unlu-komedyen-cem-yilmaz-trafikte-yakalandi-sorulan-soruya-verdigi-cevap-gundem-oldu","status":"publish","type":"post","link":"https:\/\/avukatimtv.com\/index.php\/2024\/04\/06\/unlu-komedyen-cem-yilmaz-trafikte-yakalandi-sorulan-soruya-verdigi-cevap-gundem-oldu\/","title":{"rendered":"\u00dcnl\u00fc komedyen Cem Y\u0131lmaz trafikte yakaland\u0131! Sorulan soruya verdi\u011fi cevap g\u00fcndem oldu"},"content":{"rendered":"<\/p>\n<p class=\"text\">Komedi<br \/>\nd\u00fcnyan\u0131n en sevilen isimlerinden Cem Y\u0131lmaz trafikte<br \/>\nbir vatanda\u015fa denk geldi.  S\u00fcr\u00fcc\u00fc<br \/>\n\u0130stanbul trafi\u011finde \u00fcnl\u00fc komedyeni  g\u00f6r\u00fcnce kendini tutamad\u0131.<\/p>\n<p><strong>&#8220;Araban g\u00fczelmi\u015f abi, ne i\u015f yap\u0131yorsun?&#8221;<\/strong><\/p>\n<p class=\"text\">Arabas\u0131yla g\u00f6z kama\u015ft\u0131ran \u00fcnl\u00fc komedyene sosyal medyada viral haline gelen o malum<br \/>\nsoru soruldu. &#8220;Araban g\u00fczelmi\u015f abi, ne i\u015f yap\u0131yorsun?&#8221; <\/p>\n<p><strong>&#8220;Ne i\u015f olsa yapar\u0131m&#8221;<\/strong><\/p>\n<p class=\"text\">Kendisini<br \/>\nkameraya alan gencin sorusu kar\u015f\u0131s\u0131nda g\u00fcl\u00fcmseye ba\u015flayan Y\u0131lmaz hi\u00e7 d\u00fc\u015f\u00fcnmeden<br \/>\n&#8220;Ne i\u015f olsa yapar\u0131m&#8221; dedi.<\/p>\n<p class=\"text\">Arabalara merak\u0131<br \/>\nherkes taraf\u0131ndan bilinen Cem Y\u0131lmaz&#8217;\u0131n 4&#8217;\u00fc klasik, 7&#8217;si l\u00fcks olmak \u00fczere<br \/>\ntoplam 11 otomobili var.<\/p>\n","protected":false},"excerpt":{"rendered":"<p>Komedi d\u00fcnyan\u0131n en sevilen isimlerinden Cem Y\u0131lmaz trafikte bir vatanda\u015fa denk geldi. S\u00fcr\u00fcc\u00fc \u0130stanbul trafi\u011finde \u00fcnl\u00fc komedyeni g\u00f6r\u00fcnce kendini tutamad\u0131. &#8220;Araban g\u00fczelmi\u015f abi, ne i\u015f yap\u0131yorsun?&#8221; Arabas\u0131yla g\u00f6z kama\u015ft\u0131ran \u00fcnl\u00fc komedyene sosyal medyada viral haline gelen o malum soru soruldu. &#8220;Araban g\u00fczelmi\u015f abi, ne i\u015f yap\u0131yorsun?&#8221; &#8220;Ne i\u015f olsa yapar\u0131m&#8221; Kendisini kameraya alan gencin sorusu [&hellip;]<\/p>\n","protected":false},"author":1,"featured_media":1834,"comment_status":"open","ping_status":"closed","sticky":false,"template":"","format":"standard","meta":{"footnotes":""},"categories":[9],"tags":[27],"class_list":["post-1831","post","type-post","status-publish","format-standard","has-post-thumbnail","hentry","category-magazin","tag-magazin"],"_links":{"self":[{"href":"https:\/\/avukatimtv.com\/index.php\/wp-json\/wp\/v2\/posts\/1831","targetHints":{"allow":["GET"]}}],"collection":[{"href":"https:\/\/avukatimtv.com\/index.php\/wp-json\/wp\/v2\/posts"}],"about":[{"href":"https:\/\/avukatimtv.com\/index.php\/wp-json\/wp\/v2\/types\/post"}],"author":[{"embeddable":true,"href":"https:\/\/avukatimtv.com\/index.php\/wp-json\/wp\/v2\/users\/1"}],"replies":[{"embeddable":true,"href":"https:\/\/avukatimtv.com\/index.php\/wp-json\/wp\/v2\/comments?post=1831"}],"version-history":[{"count":0,"href":"https:\/\/avukatimtv.com\/index.php\/wp-json\/wp\/v2\/posts\/1831\/revisions"}],"wp:featuredmedia":[{"embeddable":true,"href":"https:\/\/avukatimtv.com\/index.php\/wp-json\/wp\/v2\/media\/1834"}],"wp:attachment":[{"href":"https:\/\/avukatimtv.com\/index.php\/wp-json\/wp\/v2\/media?parent=1831"}],"wp:term":[{"taxonomy":"category","embeddable":true,"href":"https:\/\/avukatimtv.com\/index.php\/wp-json\/wp\/v2\/categories?post=1831"},{"taxonomy":"post_tag","embeddable":true,"href":"https:\/\/avukatimtv.com\/index.php\/wp-json\/wp\/v2\/tags?post=1831"}],"curies":[{"name":"wp","href":"https:\/\/api.w.org\/{rel}","templated":true}]}}